{"id":163206,"date":"2020-05-29T08:15:13","date_gmt":"2020-05-29T11:15:13","guid":{"rendered":"https:\/\/aconteceunovale.com.br\/portal\/?p=163206"},"modified":"2020-05-29T08:15:47","modified_gmt":"2020-05-29T11:15:47","slug":"homem-e-preso-por-violencia-domestica-em-divinolandia-de-minas","status":"publish","type":"post","link":"https:\/\/aconteceunovale.com.br\/portal\/?p=163206","title":{"rendered":"Homem \u00e9 preso por viol\u00eancia dom\u00e9stica em Divinol\u00e2ndia de Minas"},"content":{"rendered":"\n<p>A Pol\u00edcia Civil de Minas Gerais (PCMG) cumpriu, na tarde de quarta-feira (27\/5), em Divinol\u00e2ndia de Minas, mandado de pris\u00e3o em desfavor de um homem, de 33 anos, por amea\u00e7as contra sua ex-companheira, de 38. O homem deveria manter dist\u00e2ncia da mulher, mas rondava a casa dela fazendo amea\u00e7as.<\/p>\n\n\n\n<p>Diante de descumprimento de medida protetiva, no in\u00edcio do m\u00eas de maio, foi instaurado inqu\u00e9rito e representado pela pris\u00e3o preventiva do suspeito, sendo cumprida pela PCMG na resid\u00eancia dele.<\/p>\n\n\n\n<p>De acordo com o Delegado Maur\u00edcio Ant\u00f4nio Campos, o suspeito vem amea\u00e7ando a v\u00edtima h\u00e1 alguns anos e, contra ele, tem ao menos tr\u00eas inqu\u00e9ritos em andamento, al\u00e9m de sete registros feitos pela v\u00edtima em anos anteriores, todos eles referentes a crimes de amea\u00e7a.<\/p>\n\n\n\n<p>O homem foi entregue ao Sistema Prisional e permanece \u00e0 disposi\u00e7\u00e3o da Justi\u00e7a.<\/p>\n\n\n\n<figure class=\"wp-block-gallery columns-1 is-cropped wp-block-gallery-1 is-layout-flex wp-block-gallery-is-layout-flex\"><ul class=\"blocks-gallery-grid\"><li class=\"blocks-gallery-item\"><figure><img loading=\"lazy\" decoding=\"async\" width=\"678\" height=\"450\" src=\"https:\/\/aconteceunovale.com.br\/portal\/wp-content\/uploads\/2020\/05\/preso_divinolandia.jpeg\" alt=\"\" data-id=\"163207\" class=\"wp-image-163207\" srcset=\"https:\/\/aconteceunovale.com.br\/portal\/wp-content\/uploads\/2020\/05\/preso_divinolandia.jpeg 678w, https:\/\/aconteceunovale.com.br\/portal\/wp-content\/uploads\/2020\/05\/preso_divinolandia-300x199.jpeg 300w, https:\/\/aconteceunovale.com.br\/portal\/wp-content\/uploads\/2020\/05\/preso_divinolandia-633x420.jpeg 633w\" sizes=\"auto, (max-width: 678px) 100vw, 678px\" \/><figcaption class=\"blocks-gallery-item__caption\"><em>Foto: Divulga\u00e7\u00e3o\/PCMG<\/em><\/figcaption><\/figure><\/li><\/ul><\/figure>\n\n\n\n<p class=\"has-background has-very-light-gray-background-color\">Quer saber as not\u00edcias do <strong>Aconteceu no Vale<\/strong> em primeira m\u00e3o? Siga-nos no Facebook <a rel=\"noreferrer noopener\" href=\"http:\/\/facebook.com\/aconteceunovale\" target=\"_blank\">@aconteceunovale<\/a>, Twitter <a rel=\"noreferrer noopener\" href=\"https:\/\/twitter.com\/noticiadosvales\" target=\"_blank\">@noticiadosvales<\/a> e Instagram <a rel=\"noreferrer noopener\" href=\"https:\/\/www.instagram.com\/aconteceunovale\" target=\"_blank\">@aconteceunovale<\/a>.<\/p>\n","protected":false},"excerpt":{"rendered":"<p>A Pol\u00edcia Civil de Minas Gerais (PCMG) cumpriu, na tarde de quarta-feira (27\/5), em Divinol\u00e2ndia de Minas, mandado de pris\u00e3o em desfavor de um homem, de 33 anos, por amea\u00e7as contra sua ex-companheira, de 38. O homem deveria manter dist\u00e2ncia da mulher, mas rondava a casa dela fazendo amea\u00e7as. Diante de descumprimento de medida protetiva, [&hellip;]<\/p>\n","protected":false},"author":1,"featured_media":163207,"comment_status":"open","ping_status":"closed","sticky":false,"template":"","format":"standard","meta":{"amp_status":"","footnotes":""},"categories":[121],"tags":[222608,286,222607,604,222609,222610],"class_list":["post-163206","post","type-post","status-publish","format-standard","has-post-thumbnail","hentry","category-leste","tag-delegado-mauricio-antonio-campos","tag-divinolandia-de-minas","tag-homem-e-preso-por-violencia-domestica-em-divinolandia-de-minas","tag-pcmg","tag-preso-em-divinolandia-de-minas","tag-preso-por-ameacar-mulher-em-divinolandia-de-minas"],"_links":{"self":[{"href":"https:\/\/aconteceunovale.com.br\/portal\/index.php?rest_route=\/wp\/v2\/posts\/163206","targetHints":{"allow":["GET"]}}],"collection":[{"href":"https:\/\/aconteceunovale.com.br\/portal\/index.php?rest_route=\/wp\/v2\/posts"}],"about":[{"href":"https:\/\/aconteceunovale.com.br\/portal\/index.php?rest_route=\/wp\/v2\/types\/post"}],"author":[{"embeddable":true,"href":"https:\/\/aconteceunovale.com.br\/portal\/index.php?rest_route=\/wp\/v2\/users\/1"}],"replies":[{"embeddable":true,"href":"https:\/\/aconteceunovale.com.br\/portal\/index.php?rest_route=%2Fwp%2Fv2%2Fcomments&post=163206"}],"version-history":[{"count":1,"href":"https:\/\/aconteceunovale.com.br\/portal\/index.php?rest_route=\/wp\/v2\/posts\/163206\/revisions"}],"predecessor-version":[{"id":163208,"href":"https:\/\/aconteceunovale.com.br\/portal\/index.php?rest_route=\/wp\/v2\/posts\/163206\/revisions\/163208"}],"wp:featuredmedia":[{"embeddable":true,"href":"https:\/\/aconteceunovale.com.br\/portal\/index.php?rest_route=\/wp\/v2\/media\/163207"}],"wp:attachment":[{"href":"https:\/\/aconteceunovale.com.br\/portal\/index.php?rest_route=%2Fwp%2Fv2%2Fmedia&parent=163206"}],"wp:term":[{"taxonomy":"category","embeddable":true,"href":"https:\/\/aconteceunovale.com.br\/portal\/index.php?rest_route=%2Fwp%2Fv2%2Fcategories&post=163206"},{"taxonomy":"post_tag","embeddable":true,"href":"https:\/\/aconteceunovale.com.br\/portal\/index.php?rest_route=%2Fwp%2Fv2%2Ftags&post=163206"}],"curies":[{"name":"wp","href":"https:\/\/api.w.org\/{rel}","templated":true}]}}