{"id":163157,"date":"2020-05-28T13:07:54","date_gmt":"2020-05-28T16:07:54","guid":{"rendered":"https:\/\/aconteceunovale.com.br\/portal\/?p=163157"},"modified":"2020-05-28T13:09:41","modified_gmt":"2020-05-28T16:09:41","slug":"governo-de-minas-envia-alerta-via-sms-sobre-atendimento-medico-virtual-para-covid-19","status":"publish","type":"post","link":"https:\/\/aconteceunovale.com.br\/portal\/?p=163157","title":{"rendered":"Governo de Minas envia alerta via SMS sobre atendimento m\u00e9dico virtual para Covid-19"},"content":{"rendered":"\n<p>O&nbsp;Governo de Minas&nbsp;iniciou nesta quinta-feira (28\/5) o envio SMS para notificar a popula\u00e7\u00e3o sobre o &#8220;APP Sa\u00fade Digital MG&#8221;, que j\u00e1 est\u00e1 dispon\u00edvel para todos os usu\u00e1rios de Android (em breve para IOS).<\/p>\n\n\n\n<p>A iniciativa, conduzida pela&nbsp;Secretaria de Estado de Sa\u00fade de Minas Gerais (SES-MG)&nbsp;e apoiada pela SindiTelebrasil, tem objetivo de conscientizar a todos sobre a plataforma, doada pela Techtools Ventures, e que permite triagem, classifica\u00e7\u00e3o de risco e acesso direto a mais de 150 profissionais de Sa\u00fade para atendimento por telemedicina, entre m\u00e9dicos, enfermeiros e psic\u00f3logos, por meio do pr\u00f3prio celular do usu\u00e1rio do aplicativo, sem sair de casa.&nbsp;<\/p>\n\n\n\n<p>Para saber mais, acesse\u00a0<a rel=\"noreferrer noopener\" href=\"https:\/\/www.saude.mg.gov.br\/saudedigitalmg\" target=\"_blank\">https:\/\/www.saude.mg.gov.br\/saudedigitalmg<\/a><\/p>\n\n\n\n<p class=\"has-background has-very-light-gray-background-color\">Quer saber as not\u00edcias do <strong>Aconteceu no Vale<\/strong> em primeira m\u00e3o? Siga-nos no Facebook <a rel=\"noreferrer noopener\" href=\"http:\/\/facebook.com\/aconteceunovale\" target=\"_blank\">@aconteceunovale<\/a>, Twitter <a rel=\"noreferrer noopener\" href=\"https:\/\/twitter.com\/noticiadosvales\" target=\"_blank\">@noticiadosvales<\/a> e Instagram <a rel=\"noreferrer noopener\" href=\"https:\/\/www.instagram.com\/aconteceunovale\" target=\"_blank\">@aconteceunovale<\/a>.<\/p>\n","protected":false},"excerpt":{"rendered":"<p>O&nbsp;Governo de Minas&nbsp;iniciou nesta quinta-feira (28\/5) o envio SMS para notificar a popula\u00e7\u00e3o sobre o &#8220;APP Sa\u00fade Digital MG&#8221;, que j\u00e1 est\u00e1 dispon\u00edvel para todos os usu\u00e1rios de Android (em breve para IOS). A iniciativa, conduzida pela&nbsp;Secretaria de Estado de Sa\u00fade de Minas Gerais (SES-MG)&nbsp;e apoiada pela SindiTelebrasil, tem objetivo de conscientizar a todos sobre [&hellip;]<\/p>\n","protected":false},"author":1,"featured_media":163158,"comment_status":"open","ping_status":"closed","sticky":false,"template":"","format":"standard","meta":{"amp_status":"","footnotes":""},"categories":[123,40242],"tags":[217799,219851,219853,214884,216498,221718,222566,219855,215653,221717,219854,219852,217692,221719,220285,220287,220286],"class_list":["post-163157","post","type-post","status-publish","format-standard","has-post-thumbnail","hentry","category-gerais","category-saude-2","tag-casos-de-coronavirus-em-minas-gerais","tag-casos-de-covid-19-em-minas-gerais","tag-cidades-com-casos-de-coronavirus-em-minas-gerais","tag-coronavirus","tag-covid-19","tag-curados-do-coronavirus-em-minas-gerais","tag-governo-de-minas-envia-alerta-via-sms-sobre-atendimento-medico-virtual-para-covid-19","tag-mortes-por-coronavirus-em-minas-gerais","tag-novo-coronavirus","tag-numero-de-curados-do-coronavirus-em-minas-gerais","tag-numeros-do-coronavirus-em-minas-gerais","tag-obitos-por-coronavirus-em-minas-gerias","tag-pandemia-de-coronavirus","tag-recuperados-do-coronavirus-em-minas-gerais","tag-secretaria-de-saude-atualiza-numeros-do-coronavirus-em-minas-gerais","tag-secretaria-de-saude-de-minas-gerais-atualiza-numeros-do-coronavirus","tag-ses-mg-atualiza-numeros-do-coronavirus"],"_links":{"self":[{"href":"https:\/\/aconteceunovale.com.br\/portal\/index.php?rest_route=\/wp\/v2\/posts\/163157","targetHints":{"allow":["GET"]}}],"collection":[{"href":"https:\/\/aconteceunovale.com.br\/portal\/index.php?rest_route=\/wp\/v2\/posts"}],"about":[{"href":"https:\/\/aconteceunovale.com.br\/portal\/index.php?rest_route=\/wp\/v2\/types\/post"}],"author":[{"embeddable":true,"href":"https:\/\/aconteceunovale.com.br\/portal\/index.php?rest_route=\/wp\/v2\/users\/1"}],"replies":[{"embeddable":true,"href":"https:\/\/aconteceunovale.com.br\/portal\/index.php?rest_route=%2Fwp%2Fv2%2Fcomments&post=163157"}],"version-history":[{"count":1,"href":"https:\/\/aconteceunovale.com.br\/portal\/index.php?rest_route=\/wp\/v2\/posts\/163157\/revisions"}],"predecessor-version":[{"id":163159,"href":"https:\/\/aconteceunovale.com.br\/portal\/index.php?rest_route=\/wp\/v2\/posts\/163157\/revisions\/163159"}],"wp:featuredmedia":[{"embeddable":true,"href":"https:\/\/aconteceunovale.com.br\/portal\/index.php?rest_route=\/wp\/v2\/media\/163158"}],"wp:attachment":[{"href":"https:\/\/aconteceunovale.com.br\/portal\/index.php?rest_route=%2Fwp%2Fv2%2Fmedia&parent=163157"}],"wp:term":[{"taxonomy":"category","embeddable":true,"href":"https:\/\/aconteceunovale.com.br\/portal\/index.php?rest_route=%2Fwp%2Fv2%2Fcategories&post=163157"},{"taxonomy":"post_tag","embeddable":true,"href":"https:\/\/aconteceunovale.com.br\/portal\/index.php?rest_route=%2Fwp%2Fv2%2Ftags&post=163157"}],"curies":[{"name":"wp","href":"https:\/\/api.w.org\/{rel}","templated":true}]}}