{"id":163149,"date":"2020-05-28T12:45:57","date_gmt":"2020-05-28T15:45:57","guid":{"rendered":"https:\/\/aconteceunovale.com.br\/portal\/?p=163149"},"modified":"2020-05-28T12:46:37","modified_gmt":"2020-05-28T15:46:37","slug":"minas-gerais-tem-previsao-de-safra-recorde-de-graos","status":"publish","type":"post","link":"https:\/\/aconteceunovale.com.br\/portal\/?p=163149","title":{"rendered":"Minas Gerais tem previs\u00e3o de safra recorde de gr\u00e3os"},"content":{"rendered":"\n<p>A estimativa para a safra de gr\u00e3os 2019\/2020 em Minas Gerais se mant\u00e9m positiva, inclusive com previs\u00e3o de recorde, de acordo com os dados da Companhia Nacional de Abastecimento (Conab). S\u00e3o esperados 15,3 milh\u00f5es de toneladas &#8211; a maior safra desde 1976, um crescimento de 7,4% em rela\u00e7\u00e3o \u00e0 anterior. A \u00e1rea plantada e o ganho de produtividade tamb\u00e9m subiram, 2,2% e 5,1%, respectivamente. Entre os produtos que se destacaram est\u00e3o a primeira safra do feij\u00e3o (+21,7%), do amendoim (+16,7%), da soja (+15,9%) e das duas safras do milho (+3,6%).<\/p>\n\n\n\n<p>Segundo o superintendente de Inova\u00e7\u00e3o e Economia Agropecu\u00e1ria da\u00a0Secretaria de Estado de Agricultura, Pecu\u00e1ria e Abastecimento (Seapa), Carlos Eduardo Oliveira Bovo, o investimento dos produtores em tecnologias e condi\u00e7\u00f5es clim\u00e1ticas favor\u00e1veis contribu\u00edram para o significativo aumento da produ\u00e7\u00e3o de gr\u00e3os no estado. \u201cA nossa perspectiva \u00e9 continuar com a amplia\u00e7\u00e3o da produ\u00e7\u00e3o de gr\u00e3os em Minas. Mesmo diante de adversidades, como o aumento no pre\u00e7o de alguns insumos, a dificuldade para escoar algumas produ\u00e7\u00f5es e a adapta\u00e7\u00e3o para garantir a sa\u00fade dos trabalhadores rurais, o setor agropecu\u00e1rio vem se reinventando e apresentando resultados positivos\u201d, pontua.<\/p>\n\n\n\n<figure class=\"wp-block-gallery columns-1 is-cropped wp-block-gallery-1 is-layout-flex wp-block-gallery-is-layout-flex\"><ul class=\"blocks-gallery-grid\"><li class=\"blocks-gallery-item\"><figure><img loading=\"lazy\" decoding=\"async\" width=\"678\" height=\"450\" src=\"https:\/\/aconteceunovale.com.br\/portal\/wp-content\/uploads\/2020\/05\/safra_mg.jpg\" alt=\"\" data-id=\"163150\" data-full-url=\"https:\/\/aconteceunovale.com.br\/portal\/wp-content\/uploads\/2020\/05\/safra_mg.jpg\" data-link=\"https:\/\/aconteceunovale.com.br\/portal\/?attachment_id=163150\" class=\"wp-image-163150\" srcset=\"https:\/\/aconteceunovale.com.br\/portal\/wp-content\/uploads\/2020\/05\/safra_mg.jpg 678w, https:\/\/aconteceunovale.com.br\/portal\/wp-content\/uploads\/2020\/05\/safra_mg-300x199.jpg 300w, https:\/\/aconteceunovale.com.br\/portal\/wp-content\/uploads\/2020\/05\/safra_mg-633x420.jpg 633w\" sizes=\"auto, (max-width: 678px) 100vw, 678px\" \/><figcaption class=\"blocks-gallery-item__caption\"><em>Foto: Divulga\u00e7\u00e3o \/ Seapa<\/em><\/figcaption><\/figure><\/li><\/ul><\/figure>\n\n\n\n<p><strong>Feij\u00e3o<\/strong><\/p>\n\n\n\n<p>Creuma Viana, assessora t\u00e9cnica da Superintend\u00eancia de Inova\u00e7\u00e3o e Economia Agropecu\u00e1ria da Seapa, destaca o bom resultado do feij\u00e3o nesta primeira safra, com 192 mil toneladas. \u201cMinas \u00e9 o 2\u00ba maior produtor deste gr\u00e3o no Brasil, representando 17,7% da produ\u00e7\u00e3o nacional. Neste ano, a safra ver\u00e3o teve ainda uma expans\u00e3o de 4,9% na \u00e1rea de cultivo e de 15,9% na produtividade\u201d, explica.<\/p>\n\n\n\n<p>Em contrapartida, a previs\u00e3o para a 2\u00aa e 3\u00aa safras do feij\u00e3o \u00e9 de decl\u00ednio de -17,6% e -1,2%. Entretanto, o pesquisador F\u00e1bio Aur\u00e9lio Dias Martins, da\u00a0Epamig\u00a0Sul, em Lavras, garante que essa movimenta\u00e7\u00e3o \u00e9 t\u00edpica dessa cultura. \u201cO feij\u00e3o carioca, que \u00e9 o mais produzido, nunca se comportou como commodity, por ser cultivado e consumido apenas no Brasil. Com isso, \u00e9 um produto que est\u00e1 muito ligado \u00e0 quest\u00e3o de oferta e demanda\u201d, conta.\u00a0 O pre\u00e7o sobe quando h\u00e1 algum fator clim\u00e1tico que reduz a produ\u00e7\u00e3o e, por conta deste atrativo, agricultores n\u00e3o tradicionais entram para esta cultura. Por\u00e9m, quando a oferta de feij\u00e3o aumenta, os pre\u00e7os caem. \u201cPor este motivo \u00e9 bastante comum encontrarmos estas varia\u00e7\u00f5es nas safras do feij\u00e3o\u201d, completa F\u00e1bio.<\/p>\n\n\n\n<p>J\u00e1 o amendoim, apesar de ainda ter uma produ\u00e7\u00e3o relativamente pequena no estado, vem apresentando \u00f3timos \u00edndices. Neste ano, s\u00e3o estimadas 4,9 mil toneladas, aumento de 16,7% em rela\u00e7\u00e3o \u00e0 safra 2018\/2019. \u201cIsso se d\u00e1 pelo incremento da \u00e1rea plantada, que teve expans\u00e3o de 30,8%, passando de 1,3 para 1,7 mil hectares\u201d, lembra Creuma.<\/p>\n\n\n\n<p><strong>Principais gr\u00e3os<\/strong><\/p>\n\n\n\n<p>Os dois gr\u00e3os mais cultivados em Minas Gerais, que s\u00e3o o milho (previs\u00e3o de 7,8 milh\u00f5es de toneladas para as suas duas safras) e a soja (5,8 milh\u00f5es de toneladas), tamb\u00e9m apresentaram aumentos na produ\u00e7\u00e3o, conforme os dados do Conab.<\/p>\n\n\n\n<p>No caso do milho, a safra j\u00e1 finalizada teve crescimento de 0,5%, e a previs\u00e3o \u00e9 que a 2\u00aa safra, que iniciar\u00e1 em junho, cres\u00e7a para 8,6%. \u201cRegistramos um aumento de 4,7% produtividade do milho neste ano, em fun\u00e7\u00e3o das condi\u00e7\u00f5es clim\u00e1ticas favor\u00e1veis em Minas Gerais\u201d, complementa a assessora t\u00e9cnica Creuma Viana.<\/p>\n\n\n\n<p>A boa distribui\u00e7\u00e3o das chuvas, al\u00e9m de uma menor incid\u00eancia de doen\u00e7as, foi uma aliada dos produtores de soja do estado, conforme registra a pesquisadora Ana Cristina Juh\u00e1z, da Epamig Oeste, em Uberaba. \u201cAl\u00e9m de termos uma maior \u00e1rea plantada em 2020, por conta das condi\u00e7\u00f5es clim\u00e1ticas e do maior uso de tecnologias, os produtores mineiros de soja tamb\u00e9m obtiveram uma maior produtividade nesta safra\u201d, garante.<\/p>\n\n\n\n<p>A produ\u00e7\u00e3o da soja passou de 5,0 para 5,9 milh\u00f5es de toneladas na safra 2019\/2020, com ganho de 4,6% na \u00e1rea cultivada e 10,9% na produtividade.<\/p>\n\n\n\n<p><strong>Outros produtos<\/strong><\/p>\n\n\n\n<p>Mas n\u00e3o foram apenas os gr\u00e3os que tiveram um bom desempenho neste ano. O caf\u00e9, carro chefe da agricultura em Minas Gerais, tamb\u00e9m prev\u00ea uma safra com bons resultados. O aumento esperado na produ\u00e7\u00e3o deste ano \u00e9 de cerca de 28%, com a expectativa de um n\u00famero entre 30,7 e 32,0 milh\u00f5es de sacas beneficiadas. J\u00e1 a produtividade dever\u00e1 ter um incremento entre 19% e 24%.<\/p>\n\n\n\n<p>\u201cEstamos em um momento favor\u00e1vel, de alta produ\u00e7\u00e3o de caf\u00e9 e aumento nos pre\u00e7os em raz\u00e3o da alta do d\u00f3lar e da retomada das importa\u00e7\u00f5es, principalmente de pa\u00edses europeus que est\u00e3o voltando \u00e0 normalidade depois de controlar a pandemia\u201d, afirma o superintendente Carlos Eduardo Bovo.<\/p>\n\n\n\n<p>A cana-de-a\u00e7\u00facar tamb\u00e9m teve resultado positivo, passando de 63,2 para 68,6 milh\u00f5es de toneladas (+8,7%). Minas \u00e9 o 3\u00ba maior produtor de cana do pa\u00eds, ficando atr\u00e1s apenas de Goi\u00e1s e S\u00e3o Paulo.<\/p>\n\n\n\n<p class=\"has-background has-very-light-gray-background-color\">Quer saber as not\u00edcias do <strong>Aconteceu no Vale<\/strong> em primeira m\u00e3o? Siga-nos no Facebook <a rel=\"noreferrer noopener\" href=\"http:\/\/facebook.com\/aconteceunovale\" target=\"_blank\">@aconteceunovale<\/a>, Twitter <a rel=\"noreferrer noopener\" href=\"https:\/\/twitter.com\/noticiadosvales\" target=\"_blank\">@noticiadosvales<\/a> e Instagram <a rel=\"noreferrer noopener\" href=\"https:\/\/www.instagram.com\/aconteceunovale\" target=\"_blank\">@aconteceunovale<\/a>.<\/p>\n","protected":false},"excerpt":{"rendered":"<p>A estimativa para a safra de gr\u00e3os 2019\/2020 em Minas Gerais se mant\u00e9m positiva, inclusive com previs\u00e3o de recorde, de acordo com os dados da Companhia Nacional de Abastecimento (Conab). S\u00e3o esperados 15,3 milh\u00f5es de toneladas &#8211; a maior safra desde 1976, um crescimento de 7,4% em rela\u00e7\u00e3o \u00e0 anterior. A \u00e1rea plantada e o [&hellip;]<\/p>\n","protected":false},"author":1,"featured_media":163150,"comment_status":"open","ping_status":"closed","sticky":false,"template":"","format":"standard","meta":{"amp_status":"","footnotes":""},"categories":[123],"tags":[222565,29827,1018,26490,217477,216336,55307,222564,222562,222563,2746,214588],"class_list":["post-163149","post","type-post","status-publish","format-standard","has-post-thumbnail","hentry","category-gerais","tag-carlos-eduardo-oliveira-bovo","tag-conab","tag-destaque","tag-producao-de-graos-em-minas-gerais","tag-safra-de-amendoim-em-minas-gerais","tag-safra-de-feijao-em-minas-gerais","tag-safra-de-graos-em-minas-gerais","tag-safra-de-milho-em-minas-gerais","tag-safra-de-soja-em-minas-gerais","tag-safra-em-minas-gerais","tag-safra-recorde-de-graos-em-minas-gerais","tag-seapa-mg"],"_links":{"self":[{"href":"https:\/\/aconteceunovale.com.br\/portal\/index.php?rest_route=\/wp\/v2\/posts\/163149","targetHints":{"allow":["GET"]}}],"collection":[{"href":"https:\/\/aconteceunovale.com.br\/portal\/index.php?rest_route=\/wp\/v2\/posts"}],"about":[{"href":"https:\/\/aconteceunovale.com.br\/portal\/index.php?rest_route=\/wp\/v2\/types\/post"}],"author":[{"embeddable":true,"href":"https:\/\/aconteceunovale.com.br\/portal\/index.php?rest_route=\/wp\/v2\/users\/1"}],"replies":[{"embeddable":true,"href":"https:\/\/aconteceunovale.com.br\/portal\/index.php?rest_route=%2Fwp%2Fv2%2Fcomments&post=163149"}],"version-history":[{"count":1,"href":"https:\/\/aconteceunovale.com.br\/portal\/index.php?rest_route=\/wp\/v2\/posts\/163149\/revisions"}],"predecessor-version":[{"id":163151,"href":"https:\/\/aconteceunovale.com.br\/portal\/index.php?rest_route=\/wp\/v2\/posts\/163149\/revisions\/163151"}],"wp:featuredmedia":[{"embeddable":true,"href":"https:\/\/aconteceunovale.com.br\/portal\/index.php?rest_route=\/wp\/v2\/media\/163150"}],"wp:attachment":[{"href":"https:\/\/aconteceunovale.com.br\/portal\/index.php?rest_route=%2Fwp%2Fv2%2Fmedia&parent=163149"}],"wp:term":[{"taxonomy":"category","embeddable":true,"href":"https:\/\/aconteceunovale.com.br\/portal\/index.php?rest_route=%2Fwp%2Fv2%2Fcategories&post=163149"},{"taxonomy":"post_tag","embeddable":true,"href":"https:\/\/aconteceunovale.com.br\/portal\/index.php?rest_route=%2Fwp%2Fv2%2Ftags&post=163149"}],"curies":[{"name":"wp","href":"https:\/\/api.w.org\/{rel}","templated":true}]}}