{"id":163141,"date":"2020-05-28T10:41:29","date_gmt":"2020-05-28T13:41:29","guid":{"rendered":"https:\/\/aconteceunovale.com.br\/portal\/?p=163141"},"modified":"2020-05-28T10:43:42","modified_gmt":"2020-05-28T13:43:42","slug":"governador-valadares-tem-102-recuperados-da-covid-19","status":"publish","type":"post","link":"https:\/\/aconteceunovale.com.br\/portal\/?p=163141","title":{"rendered":"Governador Valadares tem 102 recuperados da Covid-19"},"content":{"rendered":"\n<p>Dos 162 casos de infec\u00e7\u00e3o pelo novo coronav\u00edrus (Covid-19) confirmados em Governador Valadares at\u00e9 essa quarta-feira (27\/5\/2020), 102 (62,96%) est\u00e3o recuperados, segundo dados do boletim epidemiol\u00f3gico divulgado pela prefeitura do munic\u00edpio.<\/p>\n\n\n\n<p>De ter\u00e7a para quarta, segundo a prefeitura, o n\u00famero de casos confirmados subiu de 153 para 162. Do total, 14 pessoas est\u00e3o internadas (oito em leitos de UTI), 35 em isolamento domiciliar e onze morreram.<\/p>\n\n\n\n<p>Ainda segundo o boletim epidemiol\u00f3gico, 283 pessoas est\u00e3o classificadas como suspeitas de terem contra\u00eddo a doen\u00e7a. Dessas, 273 est\u00e3o em isolamento domiciliar e sete internadas (duas em leitos de UTI). Tr\u00eas \u00f3bitos est\u00e3o em investiga\u00e7\u00e3o.<\/p>\n\n\n\n<p>At\u00e9 essa quarta-feira, conforme o boletim n\u00ba 72, 160 casos foram descartados por exames laboratoriais e 1.282 conclu\u00edram o monitoramento por crit\u00e9rio cl\u00ednico.<\/p>\n\n\n\n<p><strong>Confira o boletim de 27\/05\/2020:<\/strong><\/p>\n\n\n\n<figure class=\"wp-block-image size-large\"><img decoding=\"async\" src=\"https:\/\/aconteceu.info\/boletins\/corona_gv_27maio.jpg\" alt=\"\"\/><\/figure>\n\n\n\n<p class=\"has-background has-very-light-gray-background-color\">Quer saber as not\u00edcias do <strong>Aconteceu no Vale<\/strong> em primeira m\u00e3o? Siga-nos no Facebook <a rel=\"noreferrer noopener\" href=\"http:\/\/facebook.com\/aconteceunovale\" target=\"_blank\">@aconteceunovale<\/a>, Twitter <a rel=\"noreferrer noopener\" href=\"https:\/\/twitter.com\/noticiadosvales\" target=\"_blank\">@noticiadosvales<\/a> e Instagram <a rel=\"noreferrer noopener\" href=\"https:\/\/www.instagram.com\/aconteceunovale\" target=\"_blank\">@aconteceunovale<\/a>.<\/p>\n","protected":false},"excerpt":{"rendered":"<p>Dos 162 casos de infec\u00e7\u00e3o pelo novo coronav\u00edrus (Covid-19) confirmados em Governador Valadares at\u00e9 essa quarta-feira (27\/5\/2020), 102 (62,96%) est\u00e3o recuperados, segundo dados do boletim epidemiol\u00f3gico divulgado pela prefeitura do munic\u00edpio. De ter\u00e7a para quarta, segundo a prefeitura, o n\u00famero de casos confirmados subiu de 153 para 162. Do total, 14 pessoas est\u00e3o internadas (oito [&hellip;]<\/p>\n","protected":false},"author":1,"featured_media":163142,"comment_status":"open","ping_status":"closed","sticky":false,"template":"","format":"standard","meta":{"amp_status":"","footnotes":""},"categories":[121,40242],"tags":[220829,214884,218094,220825,216498,218304,247,220827,222297,220828,220826,222550,18800,220832,222366,220831,220830,221816,35082,221918,18801],"class_list":["post-163141","post","type-post","status-publish","format-standard","has-post-thumbnail","hentry","category-leste","category-saude-2","tag-casos-de-coronavirus-em-governador-valadares","tag-coronavirus","tag-coronavirus-em-governador-valadares","tag-coronavirus-governador-valadares-tem-21-casos-confirmados-e-4-obitos","tag-covid-19","tag-covid-19-em-governador-valadares","tag-governador-valadares","tag-governador-valadares-confirma-21-casos-de-covid-19","tag-governador-valadares-confirma-mais-dois-obitos-por-covid-19","tag-governador-valadares-coronavirus","tag-governador-valadares-covid-19","tag-governador-valadares-tem-102-recuperados-da-covid-19","tag-gv","tag-isolamento-social-em-governador-valadares","tag-mais-de-60-dos-infectados-com-coronavirus-em-governador-valadares-ja-estao-recuperados","tag-monitoramento-do-isolamento-social-em-valadares","tag-mortes-por-coronavirus-em-governador-valadares","tag-numero-de-infectados-por-coronavirus-em-governador-valadares-sobe-para-76","tag-prefeitura-de-governador-valadares","tag-prefeitura-de-governador-valadares-confirma-mais-8-casos-de-covid-19","tag-valadares"],"_links":{"self":[{"href":"https:\/\/aconteceunovale.com.br\/portal\/index.php?rest_route=\/wp\/v2\/posts\/163141","targetHints":{"allow":["GET"]}}],"collection":[{"href":"https:\/\/aconteceunovale.com.br\/portal\/index.php?rest_route=\/wp\/v2\/posts"}],"about":[{"href":"https:\/\/aconteceunovale.com.br\/portal\/index.php?rest_route=\/wp\/v2\/types\/post"}],"author":[{"embeddable":true,"href":"https:\/\/aconteceunovale.com.br\/portal\/index.php?rest_route=\/wp\/v2\/users\/1"}],"replies":[{"embeddable":true,"href":"https:\/\/aconteceunovale.com.br\/portal\/index.php?rest_route=%2Fwp%2Fv2%2Fcomments&post=163141"}],"version-history":[{"count":1,"href":"https:\/\/aconteceunovale.com.br\/portal\/index.php?rest_route=\/wp\/v2\/posts\/163141\/revisions"}],"predecessor-version":[{"id":163143,"href":"https:\/\/aconteceunovale.com.br\/portal\/index.php?rest_route=\/wp\/v2\/posts\/163141\/revisions\/163143"}],"wp:featuredmedia":[{"embeddable":true,"href":"https:\/\/aconteceunovale.com.br\/portal\/index.php?rest_route=\/wp\/v2\/media\/163142"}],"wp:attachment":[{"href":"https:\/\/aconteceunovale.com.br\/portal\/index.php?rest_route=%2Fwp%2Fv2%2Fmedia&parent=163141"}],"wp:term":[{"taxonomy":"category","embeddable":true,"href":"https:\/\/aconteceunovale.com.br\/portal\/index.php?rest_route=%2Fwp%2Fv2%2Fcategories&post=163141"},{"taxonomy":"post_tag","embeddable":true,"href":"https:\/\/aconteceunovale.com.br\/portal\/index.php?rest_route=%2Fwp%2Fv2%2Ftags&post=163141"}],"curies":[{"name":"wp","href":"https:\/\/api.w.org\/{rel}","templated":true}]}}