{"id":163138,"date":"2020-05-28T09:34:27","date_gmt":"2020-05-28T12:34:27","guid":{"rendered":"https:\/\/aconteceunovale.com.br\/portal\/?p=163138"},"modified":"2020-05-28T09:38:36","modified_gmt":"2020-05-28T12:38:36","slug":"sobe-para-189-o-numero-de-casos-confirmados-de-coronavirus-em-teofilo-otoni","status":"publish","type":"post","link":"https:\/\/aconteceunovale.com.br\/portal\/?p=163138","title":{"rendered":"Sobe para 189 o n\u00famero de casos confirmados de coronav\u00edrus em Te\u00f3filo Otoni"},"content":{"rendered":"\n<p>A Prefeitura de Te\u00f3filo Otoni (MG) confirmou vinte e dois novos casos de Covid-19. Segundo informa\u00e7\u00f5es do boletim epidemiol\u00f3gico, atualizado na noite dessa quarta-feira (27\/05\/2020), o munic\u00edpio soma 189 pacientes infectados com o v\u00edrus.<\/p>\n\n\n\n<p>De acordo com a prefeitura, dezoito pessoas est\u00e3o internadas (tr\u00eas em leitos de UTI) e 104 em isolamento domiciliar. Dentro das estat\u00edsticas de confirmados, Te\u00f3filo Otoni tem 59 recuperados e oito \u00f3bitos.<\/p>\n\n\n\n<p>Ainda segundo o boletim epidemiol\u00f3gico, 437 pessoas est\u00e3o classificadas como suspeitas de terem contra\u00eddo a doen\u00e7a. Dessas, 426 est\u00e3o em isolamento domiciliar e onze internadas (tr\u00eas em leitos de UTI).<\/p>\n\n\n\n<p>At\u00e9 hoje, conforme o boletim, 259 casos foram descartados por exames laboratoriais e 546 conclu\u00edram o monitoramento por crit\u00e9rio cl\u00ednico.<\/p>\n\n\n\n<p><strong>Confira o boletim de 27\/05\/2020:<\/strong><\/p>\n\n\n\n<figure class=\"wp-block-image size-large\"><img decoding=\"async\" src=\"http:\/\/aconteceu.info\/boletins\/corona_teo_27maio_1.jpg\" alt=\"\"\/><\/figure>\n\n\n\n<figure class=\"wp-block-image size-large\"><img decoding=\"async\" src=\"http:\/\/aconteceu.info\/boletins\/corona_teo_27maio_2.jpg\" alt=\"\"\/><\/figure>\n\n\n\n<p class=\"has-background has-very-light-gray-background-color\">Quer saber as not\u00edcias do <strong>Aconteceu no Vale<\/strong> em primeira m\u00e3o? Siga-nos no Facebook <a rel=\"noreferrer noopener\" href=\"http:\/\/facebook.com\/aconteceunovale\" target=\"_blank\">@aconteceunovale<\/a>, Twitter <a rel=\"noreferrer noopener\" href=\"https:\/\/twitter.com\/noticiadosvales\" target=\"_blank\">@noticiadosvales<\/a> e Instagram <a rel=\"noreferrer noopener\" href=\"https:\/\/www.instagram.com\/aconteceunovale\" target=\"_blank\">@aconteceunovale<\/a>.<\/p>\n","protected":false},"excerpt":{"rendered":"<p>A Prefeitura de Te\u00f3filo Otoni (MG) confirmou vinte e dois novos casos de Covid-19. Segundo informa\u00e7\u00f5es do boletim epidemiol\u00f3gico, atualizado na noite dessa quarta-feira (27\/05\/2020), o munic\u00edpio soma 189 pacientes infectados com o v\u00edrus. De acordo com a prefeitura, dezoito pessoas est\u00e3o internadas (tr\u00eas em leitos de UTI) e 104 em isolamento domiciliar. Dentro das [&hellip;]<\/p>\n","protected":false},"author":1,"featured_media":152928,"comment_status":"open","ping_status":"closed","sticky":false,"template":"","format":"standard","meta":{"amp_status":"","footnotes":""},"categories":[40242,122],"tags":[221838,221839,221837,220816,214884,220365,221558,216498,220363,220815,221486,221485,221783,221483,221484,220817,221836,221646,222462,222101,220818,222365,221096,221917,164,221956,220813,221487,220814,220812],"class_list":["post-163138","post","type-post","status-publish","format-standard","has-post-thumbnail","hentry","category-saude-2","category-mucuri","tag-boletim-coronavirus-teofilo-otoni","tag-boletim-covid-19-teofilo-otoni","tag-boletim-epidemiologico-teofilo-otoni","tag-casos-de-coronavirus-em-teofilo-otoni","tag-coronavirus","tag-coronavirus-em-teofilo-otoni","tag-coronavirus-prefeitura-de-teofilo-otoni-confirma-35-casos-e-dois-obitos","tag-covid-19","tag-covid-19-em-teofilo-otoni","tag-infectados-por-coronavirus-em-teofilo-otoni","tag-morte-por-coronavirus-em-teofilo-otoni","tag-morte-por-covid-19-em-teofilo-otoni","tag-numero-de-infectados-por-covid-19-em-teofilo-otoni-sobe-para-50","tag-obito-por-coronavirus-em-teofilo-otoni","tag-obito-por-covid-19-em-teofilo-otoni","tag-pacientes-de-coronavirus-em-teofilo-otoni","tag-prefeitura-de-teofilo-otoni-confirma-mais-13-casos-de-covid-19","tag-prefeitura-de-teofilo-otoni-confirma-mais-sete-casos-de-covid-19","tag-prefeitura-de-teofilo-otoni-confirma-oitavo-obito-por-covid-19","tag-prefeitura-de-teofilo-otoni-confirma-quinto-obito-por-covid-19","tag-profissionais-de-saude-infectados-com-coronavirus-em-teofilo-otoni","tag-sobe-para-146-o-numero-de-casos-confirmados-de-covid-19-em-teofilo-otoni","tag-sobe-para-16-o-numero-de-casos-confirmados-de-coronavirus-em-teofilo-otoni","tag-sobe-para-71-o-numero-de-casos-confirmados-de-covid-19-em-teofilo-otoni","tag-teofilo-otoni","tag-teofilo-otoni-confirma-mais-dois-obitos-por-coronavirus","tag-teofilo-otoni-confirma-oito-casos-de-coronavirus","tag-teofilo-otoni-confirma-primeiro-obito-por-coronavirus","tag-teofilo-otoni-coronavirus","tag-teofilo-otoni-covid-19"],"_links":{"self":[{"href":"https:\/\/aconteceunovale.com.br\/portal\/index.php?rest_route=\/wp\/v2\/posts\/163138","targetHints":{"allow":["GET"]}}],"collection":[{"href":"https:\/\/aconteceunovale.com.br\/portal\/index.php?rest_route=\/wp\/v2\/posts"}],"about":[{"href":"https:\/\/aconteceunovale.com.br\/portal\/index.php?rest_route=\/wp\/v2\/types\/post"}],"author":[{"embeddable":true,"href":"https:\/\/aconteceunovale.com.br\/portal\/index.php?rest_route=\/wp\/v2\/users\/1"}],"replies":[{"embeddable":true,"href":"https:\/\/aconteceunovale.com.br\/portal\/index.php?rest_route=%2Fwp%2Fv2%2Fcomments&post=163138"}],"version-history":[{"count":1,"href":"https:\/\/aconteceunovale.com.br\/portal\/index.php?rest_route=\/wp\/v2\/posts\/163138\/revisions"}],"predecessor-version":[{"id":163139,"href":"https:\/\/aconteceunovale.com.br\/portal\/index.php?rest_route=\/wp\/v2\/posts\/163138\/revisions\/163139"}],"wp:featuredmedia":[{"embeddable":true,"href":"https:\/\/aconteceunovale.com.br\/portal\/index.php?rest_route=\/wp\/v2\/media\/152928"}],"wp:attachment":[{"href":"https:\/\/aconteceunovale.com.br\/portal\/index.php?rest_route=%2Fwp%2Fv2%2Fmedia&parent=163138"}],"wp:term":[{"taxonomy":"category","embeddable":true,"href":"https:\/\/aconteceunovale.com.br\/portal\/index.php?rest_route=%2Fwp%2Fv2%2Fcategories&post=163138"},{"taxonomy":"post_tag","embeddable":true,"href":"https:\/\/aconteceunovale.com.br\/portal\/index.php?rest_route=%2Fwp%2Fv2%2Ftags&post=163138"}],"curies":[{"name":"wp","href":"https:\/\/api.w.org\/{rel}","templated":true}]}}