{"id":163134,"date":"2020-05-28T00:26:49","date_gmt":"2020-05-28T03:26:49","guid":{"rendered":"https:\/\/aconteceunovale.com.br\/portal\/?p=163134"},"modified":"2020-05-28T00:31:33","modified_gmt":"2020-05-28T03:31:33","slug":"der-mg-impede-veiculos-de-carga-em-ponte-entre-serro-e-diamantina","status":"publish","type":"post","link":"https:\/\/aconteceunovale.com.br\/portal\/?p=163134","title":{"rendered":"DER-MG impede ve\u00edculos de carga em ponte entre Serro e Diamantina"},"content":{"rendered":"\n<p>A partir de segunda-feira (1\/6), o\u00a0Departamento de Edifica\u00e7\u00f5es e Estradas de Rodagem de Minas Gerais (DER-MG)\u00a0vai interromper a passagem de qualquer tipo de ve\u00edculo de carga ou \u00f4nibus na ponte sobre o\u00a0Rio Jequitinhonha, na rodovia LMG-735, no\u00a0km\u00a038. O local fica entre os distritos de Vau e S\u00e3o Gon\u00e7alo do Rio das Pedras, no trecho Serro &#8211; Diamantina. Essa medida tem como objetivo evitar o colapso da estrutura e permitir que ve\u00edculos leves continuem trafegando pelo local com seguran\u00e7a.<\/p>\n\n\n\n<p>Para caminh\u00f5es e \u00f4nibus que trafegam na LMG-735, entre Milho Verde, S\u00e3o Gon\u00e7alo do Rio das Pedras, Vau e Diamantina, a op\u00e7\u00e3o \u00e9 seguir pelas rodovias MGC-259 e MGC-367. O desvio aumenta o percurso em cerca de 100 quil\u00f4metros.<\/p>\n\n\n\n<p>Para alertar sobre a proibi\u00e7\u00e3o, o DER-MG vai afixar faixas sinalizadoras, a partir da pr\u00f3xima sexta-feira (29\/5), nas entradas da LMG-735, nos munic\u00edpios de Diamantina e Serro. Os motoristas n\u00e3o devem insistir em circular pelo trecho, pois barreiras f\u00edsicas ser\u00e3o implantadas na ponte, impedindo a passagem de \u00f4nibus e ve\u00edculos de cargas.<\/p>\n\n\n\n<p>Prefeituras, escolas e pousadas da regi\u00e3o, que utilizam a via com mais frequ\u00eancia, est\u00e3o sendo comunicadas previamente, por of\u00edcios e mensagens eletr\u00f4nicas enviadas pela internet.<\/p>\n\n\n\n<figure class=\"wp-block-image size-large\"><img decoding=\"async\" src=\"https:\/\/aconteceu.info\/boletins\/ponte_serro.jpg\" alt=\"\"\/><\/figure>\n\n\n\n<p><strong>Ponte em Tr\u00eas Barras<\/strong><\/p>\n\n\n\n<p>Em outro ponto da rodovia LMG-735, o DER-MG concluiu a ponte provis\u00f3ria, pr\u00f3xima ao distrito de Tr\u00eas Barras, e liberou o tr\u00e1fego entre Serro e Milho Verde. A licita\u00e7\u00e3o para a constru\u00e7\u00e3o da ponte definitiva j\u00e1 foi conclu\u00edda e aguarda a libera\u00e7\u00e3o de recursos.<\/p>\n\n\n\n<p class=\"has-background has-very-light-gray-background-color\">Quer saber as not\u00edcias do <strong>Aconteceu no Vale<\/strong> em primeira m\u00e3o? Siga-nos no Facebook <a rel=\"noreferrer noopener\" href=\"http:\/\/facebook.com\/aconteceunovale\" target=\"_blank\">@aconteceunovale<\/a>, Twitter <a rel=\"noreferrer noopener\" href=\"https:\/\/twitter.com\/noticiadosvales\" target=\"_blank\">@noticiadosvales<\/a> e Instagram <a rel=\"noreferrer noopener\" href=\"https:\/\/www.instagram.com\/aconteceunovale\" target=\"_blank\">@aconteceunovale<\/a>.<\/p>\n","protected":false},"excerpt":{"rendered":"<p>A partir de segunda-feira (1\/6), o\u00a0Departamento de Edifica\u00e7\u00f5es e Estradas de Rodagem de Minas Gerais (DER-MG)\u00a0vai interromper a passagem de qualquer tipo de ve\u00edculo de carga ou \u00f4nibus na ponte sobre o\u00a0Rio Jequitinhonha, na rodovia LMG-735, no\u00a0km\u00a038. O local fica entre os distritos de Vau e S\u00e3o Gon\u00e7alo do Rio das Pedras, no trecho Serro [&hellip;]<\/p>\n","protected":false},"author":1,"featured_media":163135,"comment_status":"open","ping_status":"closed","sticky":false,"template":"","format":"standard","meta":{"amp_status":"","footnotes":""},"categories":[120],"tags":[209933,129283,222549,222548,198,209931,209930,209928,209927,209932,242,209929,43344,232,153,154,2948],"class_list":["post-163134","post","type-post","status-publish","format-standard","has-post-thumbnail","hentry","category-jequi","tag-deer-interdita-ponte-entre-serro-e-milho-verde","tag-deer-mg","tag-der-mg-impede-veiculos-de-carga-em-ponte-entre-serro-e-diamantina","tag-der-mg-impede-veiculos-de-carga-em-ponte-no-municipio-de-serro","tag-diamantina","tag-interdicao-da-lmg-735","tag-interdicao-da-ponte-de-tres-barras","tag-interdicao-da-rodovia-entre-serro-e-milho-verde","tag-interdicao-de-ponte-entre-serro-e-milho-verde","tag-lmg-735","tag-milho-verde","tag-ponte-de-tres-barras","tag-ponte-sobre-o-rio-jequitinhonha","tag-rio-jequitinhonha","tag-sao-goncalo-do-rio-das-pedras","tag-serro","tag-tres-barras"],"_links":{"self":[{"href":"https:\/\/aconteceunovale.com.br\/portal\/index.php?rest_route=\/wp\/v2\/posts\/163134","targetHints":{"allow":["GET"]}}],"collection":[{"href":"https:\/\/aconteceunovale.com.br\/portal\/index.php?rest_route=\/wp\/v2\/posts"}],"about":[{"href":"https:\/\/aconteceunovale.com.br\/portal\/index.php?rest_route=\/wp\/v2\/types\/post"}],"author":[{"embeddable":true,"href":"https:\/\/aconteceunovale.com.br\/portal\/index.php?rest_route=\/wp\/v2\/users\/1"}],"replies":[{"embeddable":true,"href":"https:\/\/aconteceunovale.com.br\/portal\/index.php?rest_route=%2Fwp%2Fv2%2Fcomments&post=163134"}],"version-history":[{"count":1,"href":"https:\/\/aconteceunovale.com.br\/portal\/index.php?rest_route=\/wp\/v2\/posts\/163134\/revisions"}],"predecessor-version":[{"id":163136,"href":"https:\/\/aconteceunovale.com.br\/portal\/index.php?rest_route=\/wp\/v2\/posts\/163134\/revisions\/163136"}],"wp:featuredmedia":[{"embeddable":true,"href":"https:\/\/aconteceunovale.com.br\/portal\/index.php?rest_route=\/wp\/v2\/media\/163135"}],"wp:attachment":[{"href":"https:\/\/aconteceunovale.com.br\/portal\/index.php?rest_route=%2Fwp%2Fv2%2Fmedia&parent=163134"}],"wp:term":[{"taxonomy":"category","embeddable":true,"href":"https:\/\/aconteceunovale.com.br\/portal\/index.php?rest_route=%2Fwp%2Fv2%2Fcategories&post=163134"},{"taxonomy":"post_tag","embeddable":true,"href":"https:\/\/aconteceunovale.com.br\/portal\/index.php?rest_route=%2Fwp%2Fv2%2Ftags&post=163134"}],"curies":[{"name":"wp","href":"https:\/\/api.w.org\/{rel}","templated":true}]}}