{"id":163128,"date":"2020-05-28T00:08:59","date_gmt":"2020-05-28T03:08:59","guid":{"rendered":"https:\/\/aconteceunovale.com.br\/portal\/?p=163128"},"modified":"2020-05-28T00:15:32","modified_gmt":"2020-05-28T03:15:32","slug":"primeira-empresa-do-aeroporto-industrial-de-confins-da-inicio-a-processo-de-instalacao","status":"publish","type":"post","link":"https:\/\/aconteceunovale.com.br\/portal\/?p=163128","title":{"rendered":"Primeira empresa do Aeroporto Industrial de Confins d\u00e1 in\u00edcio a processo de instala\u00e7\u00e3o"},"content":{"rendered":"\n<p>O Aeroporto Internacional de Belo Horizonte, em Confins, anunciou a primeira empresa que ir\u00e1 operar dentro do Aeroporto Industrial, um projeto in\u00e9dito no pa\u00eds que ser\u00e1 inaugurado em breve. A&nbsp;<em>Clamper<\/em>&nbsp;\u00e9 fabricante de itens eletr\u00f4nicos e, at\u00e9 ent\u00e3o, tinha sua unidade fabril em Lagoa Santa, na Regi\u00e3o Metropolitana de Belo Horizonte (RMBH).<\/p>\n\n\n\n<p>O Aeroporto Industrial \u00e9 um projeto que tem o&nbsp;objetivo principal de aumentar a competitividade das empresas brasileiras no contexto internacional e atrair investimentos externos para o Brasil.<\/p>\n\n\n\n<p>O primeiro aeroporto no g\u00eanero no&nbsp;Brasil conta com uma \u00e1rea dispon\u00edvel de 750 mil metros quadrados. O n\u00famero de empresas que poder\u00e1 abrigar depende da \u00e1rea que cada uma demandar\u00e1. De toda forma, h\u00e1 uma expectativa de atra\u00e7\u00e3o de cerca de 250 empresas, ao longo dos pr\u00f3ximos anos, o que tende a gerar milhares de empregos e renda. O projeto contempla \u00e1reas comuns, como vesti\u00e1rio, business center, refeit\u00f3rio, entre outros.<\/p>\n\n\n\n<p>Segundo Marcos Brand\u00e3o, diretor-presidente da BH Airport, administradora do aeroporto, assim como a Zona Franca de Manaus foi uma iniciativa inovadora na d\u00e9cada de 1960, o Aeroporto Industrial \u00e9 um projeto pioneiro em Minas que refletir\u00e1, principalmente, na consolida\u00e7\u00e3o de um ecossistema de desenvolvimento e atra\u00e7\u00e3o de empresas para toda a regi\u00e3o do Vetor Norte e Metropolitana de Belo Horizonte.<\/p>\n\n\n\n<p>\u201cTemos potencial para receber investimentos privados da ordem de R$ 3,5 bilh\u00f5es nos pr\u00f3ximos anos, considerando a soma dos valores\u00a0de cada uma das empresas que aqui se instalarem. Estamos em uma regi\u00e3o estrat\u00e9gica, com localiza\u00e7\u00e3o geogr\u00e1fica privilegiada, que favorece a consolida\u00e7\u00e3o de um hub de neg\u00f3cios na regi\u00e3o\u201d, avalia.<\/p>\n\n\n\n<figure class=\"wp-block-gallery columns-1 is-cropped wp-block-gallery-1 is-layout-flex wp-block-gallery-is-layout-flex\"><ul class=\"blocks-gallery-grid\"><li class=\"blocks-gallery-item\"><figure><img loading=\"lazy\" decoding=\"async\" width=\"678\" height=\"381\" src=\"https:\/\/aconteceunovale.com.br\/portal\/wp-content\/uploads\/2020\/05\/clamper_bh.jpg\" alt=\"\" data-id=\"163129\" data-full-url=\"https:\/\/aconteceunovale.com.br\/portal\/wp-content\/uploads\/2020\/05\/clamper_bh.jpg\" data-link=\"https:\/\/aconteceunovale.com.br\/portal\/?attachment_id=163129\" class=\"wp-image-163129\" srcset=\"https:\/\/aconteceunovale.com.br\/portal\/wp-content\/uploads\/2020\/05\/clamper_bh.jpg 678w, https:\/\/aconteceunovale.com.br\/portal\/wp-content\/uploads\/2020\/05\/clamper_bh-300x169.jpg 300w\" sizes=\"auto, (max-width: 678px) 100vw, 678px\" \/><figcaption class=\"blocks-gallery-item__caption\"><em>Foto: Divulga\u00e7\u00e3o \/ Ag\u00eancia RMBH<\/em><\/figcaption><\/figure><\/li><\/ul><\/figure>\n\n\n\n<p><strong>Aeroporto industrial<\/strong><\/p>\n\n\n\n<p>O Aeroporto Industrial faz parte do Projeto Aerotr\u00f3pole Mineira, gerenciado pela\u00a0Ag\u00eancia de Desenvolvimento da Regi\u00e3o Metropolitana de Belo Horizonte (Ag\u00eancia RMBH), vinculada \u00e0\u00a0Secretaria de Estado de Desenvolvimento Econ\u00f4mico (Sede). O principal objetivo \u00e9\u00a0estabelecer uma vis\u00e3o inteligente de ocupa\u00e7\u00e3o do solo com governan\u00e7a ambiental, infraestrutura customizada, com\u00a0a premissa de que o crescimento econ\u00f4mico \u00e9 impulsionado pela mobilidade de neg\u00f3cios de base tecnol\u00f3gica. A aerotr\u00f3pole, definida como uma regi\u00e3o econ\u00f4mica urbana centrada no aeroporto, constitui a base da pol\u00edtica de diversifica\u00e7\u00e3o econ\u00f4mica e para a agrega\u00e7\u00e3o de valor da economia mineira.<\/p>\n\n\n\n<p>O Projeto Aerotr\u00f3pole fortalece a log\u00edstica e seguran\u00e7a das opera\u00e7\u00f5es, aumenta a import\u00e2ncia das empresas brasileiras no contexto internacional e possibilita a inser\u00e7\u00e3o competitiva do Estado de Minas Gerais no cen\u00e1rio econ\u00f4mico mundial.<\/p>\n\n\n\n<p>O Aeroporto Industrial \u00e9 destinado, principalmente, \u00e0 instala\u00e7\u00e3o de empresas que tenham como foco principal a exporta\u00e7\u00e3o de produtos manufaturados, utilizando mat\u00e9rias-primas importadas em seu processo produtivo. Ao manufaturar seus produtos dentro do Aeroporto Industrial, as empresas ter\u00e3o os benef\u00edcios das isen\u00e7\u00f5es fiscais quando exportarem seus produtos acabados. Al\u00e9m disso, ter\u00e3o a facilidade de importar mat\u00e9rias-primas e exportar sua produ\u00e7\u00e3o utilizando o modal a\u00e9reo para acessar mercados internacionais e nacionais de forma r\u00e1pida, eliminando o custo e o risco com o transporte rodovi\u00e1rio em seus processos log\u00edsticos.<\/p>\n\n\n\n<p class=\"has-background has-very-light-gray-background-color\">Quer saber as not\u00edcias do <strong>Aconteceu no Vale<\/strong> em primeira m\u00e3o? Siga-nos no Facebook <a rel=\"noreferrer noopener\" href=\"http:\/\/facebook.com\/aconteceunovale\" target=\"_blank\">@aconteceunovale<\/a>, Twitter <a rel=\"noreferrer noopener\" href=\"https:\/\/twitter.com\/noticiadosvales\" target=\"_blank\">@noticiadosvales<\/a> e Instagram <a rel=\"noreferrer noopener\" href=\"https:\/\/www.instagram.com\/aconteceunovale\" target=\"_blank\">@aconteceunovale<\/a>.<\/p>\n","protected":false},"excerpt":{"rendered":"<p>O Aeroporto Internacional de Belo Horizonte, em Confins, anunciou a primeira empresa que ir\u00e1 operar dentro do Aeroporto Industrial, um projeto in\u00e9dito no pa\u00eds que ser\u00e1 inaugurado em breve. A&nbsp;Clamper&nbsp;\u00e9 fabricante de itens eletr\u00f4nicos e, at\u00e9 ent\u00e3o, tinha sua unidade fabril em Lagoa Santa, na Regi\u00e3o Metropolitana de Belo Horizonte (RMBH). O Aeroporto Industrial \u00e9 [&hellip;]<\/p>\n","protected":false},"author":1,"featured_media":163129,"comment_status":"open","ping_status":"closed","sticky":false,"template":"","format":"standard","meta":{"amp_status":"","footnotes":""},"categories":[123],"tags":[213828,38323,220767,220760,135718,220762,194,1017,38695,222545,222544,222547,22090,220771,220766,1018,220765,220769,220770,222546,5550,220768,18655,220761,220764,220763,220758,220759],"class_list":["post-163128","post","type-post","status-publish","format-standard","has-post-thumbnail","hentry","category-gerais","tag-aeroporto-de-belo-horizonte","tag-aeroporto-de-confins","tag-aeroporto-industrial","tag-aeroporto-industrial-de-confins","tag-aeroporto-internacional-de-belo-horizonte","tag-aerotropole-mineira","tag-belo-horizonte","tag-bh","tag-bh-airport","tag-clamper","tag-clamper-aeroporto-industrial","tag-clamper-confins","tag-confins","tag-confins-se-torna-o-primeiro-aeroporto-industrial-do-brasil","tag-desenvolvimento-logistico-da-sede","tag-destaque","tag-frederico-amaral","tag-maria-carmen-fantini-de-castro","tag-o-que-e-o-aeroporto-industrial","tag-primeira-empresa-do-aeroporto-industrial-de-confins-da-inicio-a-processo-de-instalacao","tag-primeiro-aeroporto-industrial-do-brasil","tag-rafael-laranjeira","tag-rmbh","tag-secretaria-de-desenvolvimento-economico-do-governo-de-minas-gerais","tag-sede-mg","tag-terminal-internacional-tancredo-neves","tag-zona-de-suspensao-tributaria","tag-zona-de-suspensao-tributaria-de-confins"],"_links":{"self":[{"href":"https:\/\/aconteceunovale.com.br\/portal\/index.php?rest_route=\/wp\/v2\/posts\/163128","targetHints":{"allow":["GET"]}}],"collection":[{"href":"https:\/\/aconteceunovale.com.br\/portal\/index.php?rest_route=\/wp\/v2\/posts"}],"about":[{"href":"https:\/\/aconteceunovale.com.br\/portal\/index.php?rest_route=\/wp\/v2\/types\/post"}],"author":[{"embeddable":true,"href":"https:\/\/aconteceunovale.com.br\/portal\/index.php?rest_route=\/wp\/v2\/users\/1"}],"replies":[{"embeddable":true,"href":"https:\/\/aconteceunovale.com.br\/portal\/index.php?rest_route=%2Fwp%2Fv2%2Fcomments&post=163128"}],"version-history":[{"count":1,"href":"https:\/\/aconteceunovale.com.br\/portal\/index.php?rest_route=\/wp\/v2\/posts\/163128\/revisions"}],"predecessor-version":[{"id":163130,"href":"https:\/\/aconteceunovale.com.br\/portal\/index.php?rest_route=\/wp\/v2\/posts\/163128\/revisions\/163130"}],"wp:featuredmedia":[{"embeddable":true,"href":"https:\/\/aconteceunovale.com.br\/portal\/index.php?rest_route=\/wp\/v2\/media\/163129"}],"wp:attachment":[{"href":"https:\/\/aconteceunovale.com.br\/portal\/index.php?rest_route=%2Fwp%2Fv2%2Fmedia&parent=163128"}],"wp:term":[{"taxonomy":"category","embeddable":true,"href":"https:\/\/aconteceunovale.com.br\/portal\/index.php?rest_route=%2Fwp%2Fv2%2Fcategories&post=163128"},{"taxonomy":"post_tag","embeddable":true,"href":"https:\/\/aconteceunovale.com.br\/portal\/index.php?rest_route=%2Fwp%2Fv2%2Ftags&post=163128"}],"curies":[{"name":"wp","href":"https:\/\/api.w.org\/{rel}","templated":true}]}}