{"id":163125,"date":"2020-05-27T23:59:41","date_gmt":"2020-05-28T02:59:41","guid":{"rendered":"https:\/\/aconteceunovale.com.br\/portal\/?p=163125"},"modified":"2020-05-28T00:04:06","modified_gmt":"2020-05-28T03:04:06","slug":"minas-gerais-libera-mais-216-leitos-de-uti","status":"publish","type":"post","link":"https:\/\/aconteceunovale.com.br\/portal\/?p=163125","title":{"rendered":"Minas Gerais libera mais 216 leitos de UTI"},"content":{"rendered":"\n<p>O governador Romeu Zema anunciou, nesta quarta-feira (27\/5), a libera\u00e7\u00e3o de mais 216 leitos de Unidade de Terapia Intensiva (UTI) para o enfrentamento \u00e0 pandemia do coronav\u00edrus em diversas regi\u00f5es no estado. Desde o in\u00edcio da crise da covid-19, o\u00a0Governo de Minas\u00a0conseguiu ampliar em 30% a capacidade de atendimento intensivo. Agora, Minas conta com 2.885 leitos de UTI na rede do Sistema \u00danico de Sa\u00fade (SUS).<\/p>\n\n\n\n<p>O an\u00fancio do novo incremento segue a linha de esfor\u00e7o e investimentos do governo e da\u00a0Secretaria de Estado de Sa\u00fade (SES-MG)\u00a0em estruturar a rede p\u00fablica de sa\u00fade, com a reativa\u00e7\u00e3o de leitos ociosos, equipagem e o trabalho, junto ao Minist\u00e9rio da Sa\u00fade, para credenciar as unidades hospitalares do interior junto ao SUS.\u00a0<\/p>\n\n\n\n<p>Zema destacou o empenho do governo na preven\u00e7\u00e3o e combate ao coronav\u00edrus, ampliando a capacidade de atendimento hospitalar em Minas. \u201cEstamos completando 2.885 leitos em todo o estado, este colch\u00e3o de seguran\u00e7a \u00e9 important\u00edssimo. Todo o cuidado \u00e9 pouco. A nossa batalha com o v\u00edrus est\u00e1 apenas come\u00e7ando, n\u00e3o \u00e9 o momento de relaxar, mas de tomarmos todos os cuidados, como o distanciamento social, o uso de m\u00e1scaras e a higieniza\u00e7\u00e3o. \u00c9 hora de continuarmos o trabalho que n\u00f3s temos conduzindo t\u00e3o bem\u201d, refor\u00e7ou o governador.<\/p>\n\n\n\n<p>Al\u00e9m de Belo Horizonte, os novos leitos contemplam os munic\u00edpios de Caratinga, Divin\u00f3polis, Governador Valadares, Juiz de Fora, Lavras, Leopoldina, Monte Carmelo, Passos, Patroc\u00ednio, S\u00e3o Jo\u00e3o del-Rei, Te\u00f3filo Otoni e Uberl\u00e2ndia.<\/p>\n\n\n\n<p>Desde abril, foram liberados 872 leitos de UTI no estado. Em fevereiro, Minas Gerias contava com 2.013 leitos de terapia intensiva no SUSF\u00e1cilMG, programa estadual para regula\u00e7\u00e3o das unidades de tratamento.<\/p>\n\n\n\n<p><strong>N\u00fameros<\/strong><\/p>\n\n\n\n<p>Segundo o \u00faltimo <a rel=\"noreferrer noopener\" href=\"https:\/\/aconteceunovale.com.br\/portal\/?p=163082\" target=\"_blank\">Informe Epidemiol\u00f3gico Coronav\u00edrus<\/a>, divulgado pela Secretaria de Estado de Sa\u00fade nesta quarta-feira (27\/5), mais da metade dos munic\u00edpios mineiros ainda n\u00e3o confirmou nenhum caso ou \u00f3bito da covid-19. Das 853 cidades, 408 tem registros da doen\u00e7a, o que representa 47,8%.<\/p>\n\n\n\n<p class=\"has-background has-very-light-gray-background-color\">Quer saber as not\u00edcias do <strong>Aconteceu no Vale<\/strong> em primeira m\u00e3o? Siga-nos no Facebook <a rel=\"noreferrer noopener\" href=\"http:\/\/facebook.com\/aconteceunovale\" target=\"_blank\">@aconteceunovale<\/a>, Twitter <a rel=\"noreferrer noopener\" href=\"https:\/\/twitter.com\/noticiadosvales\" target=\"_blank\">@noticiadosvales<\/a> e Instagram <a rel=\"noreferrer noopener\" href=\"https:\/\/www.instagram.com\/aconteceunovale\" target=\"_blank\">@aconteceunovale<\/a>.<\/p>\n","protected":false},"excerpt":{"rendered":"<p>O governador Romeu Zema anunciou, nesta quarta-feira (27\/5), a libera\u00e7\u00e3o de mais 216 leitos de Unidade de Terapia Intensiva (UTI) para o enfrentamento \u00e0 pandemia do coronav\u00edrus em diversas regi\u00f5es no estado. Desde o in\u00edcio da crise da covid-19, o\u00a0Governo de Minas\u00a0conseguiu ampliar em 30% a capacidade de atendimento intensivo. Agora, Minas conta com 2.885 [&hellip;]<\/p>\n","protected":false},"author":1,"featured_media":162683,"comment_status":"open","ping_status":"closed","sticky":false,"template":"","format":"standard","meta":{"amp_status":"","footnotes":""},"categories":[123,40242],"tags":[194,237,217542,217739,199,247,6546,222542,206,207,220218,208,222543,1520,213,1489,208085,164,221,222090],"class_list":["post-163125","post","type-post","status-publish","format-standard","has-post-thumbnail","hentry","category-gerais","category-saude-2","tag-belo-horizonte","tag-caratinga","tag-coronavirus-em-minas-gerais","tag-covid-19-em-minas-gerais","tag-divinopolis","tag-governador-valadares","tag-governo-de-minas","tag-governo-de-minas-gerais-libera-mais-216-leitos-de-uti","tag-juiz-de-fora","tag-lavras","tag-leitos-de-uti-em-minas-gerais","tag-leopoldina","tag-minas-gerais-libera-mais-216-leitos-de-uti","tag-monte-carmelo","tag-passos","tag-patrocinio","tag-sao-joao-del-rei-2","tag-teofilo-otoni","tag-uberlandia","tag-uti-em-minas-gerais"],"_links":{"self":[{"href":"https:\/\/aconteceunovale.com.br\/portal\/index.php?rest_route=\/wp\/v2\/posts\/163125","targetHints":{"allow":["GET"]}}],"collection":[{"href":"https:\/\/aconteceunovale.com.br\/portal\/index.php?rest_route=\/wp\/v2\/posts"}],"about":[{"href":"https:\/\/aconteceunovale.com.br\/portal\/index.php?rest_route=\/wp\/v2\/types\/post"}],"author":[{"embeddable":true,"href":"https:\/\/aconteceunovale.com.br\/portal\/index.php?rest_route=\/wp\/v2\/users\/1"}],"replies":[{"embeddable":true,"href":"https:\/\/aconteceunovale.com.br\/portal\/index.php?rest_route=%2Fwp%2Fv2%2Fcomments&post=163125"}],"version-history":[{"count":1,"href":"https:\/\/aconteceunovale.com.br\/portal\/index.php?rest_route=\/wp\/v2\/posts\/163125\/revisions"}],"predecessor-version":[{"id":163126,"href":"https:\/\/aconteceunovale.com.br\/portal\/index.php?rest_route=\/wp\/v2\/posts\/163125\/revisions\/163126"}],"wp:featuredmedia":[{"embeddable":true,"href":"https:\/\/aconteceunovale.com.br\/portal\/index.php?rest_route=\/wp\/v2\/media\/162683"}],"wp:attachment":[{"href":"https:\/\/aconteceunovale.com.br\/portal\/index.php?rest_route=%2Fwp%2Fv2%2Fmedia&parent=163125"}],"wp:term":[{"taxonomy":"category","embeddable":true,"href":"https:\/\/aconteceunovale.com.br\/portal\/index.php?rest_route=%2Fwp%2Fv2%2Fcategories&post=163125"},{"taxonomy":"post_tag","embeddable":true,"href":"https:\/\/aconteceunovale.com.br\/portal\/index.php?rest_route=%2Fwp%2Fv2%2Ftags&post=163125"}],"curies":[{"name":"wp","href":"https:\/\/api.w.org\/{rel}","templated":true}]}}