{"id":163121,"date":"2020-05-27T23:43:53","date_gmt":"2020-05-28T02:43:53","guid":{"rendered":"https:\/\/aconteceunovale.com.br\/portal\/?p=163121"},"modified":"2020-05-27T23:44:17","modified_gmt":"2020-05-28T02:44:17","slug":"juiza-de-montes-claros-anula-pedido-de-demissao-assinado-contra-a-vontade-de-ex-empregada","status":"publish","type":"post","link":"https:\/\/aconteceunovale.com.br\/portal\/?p=163121","title":{"rendered":"Ju\u00edza de Montes Claros anula pedido de demiss\u00e3o assinado contra a vontade de ex-empregada"},"content":{"rendered":"\n<p>A Justi\u00e7a do Trabalho mineira anulou o pedido de demiss\u00e3o assinado contra a vontade de uma ex-empregada de empresa de&nbsp;<em>call center<\/em>&nbsp;e&nbsp;<em>telemarketing,<\/em>&nbsp;com sede no norte de Minas Gerais. A decis\u00e3o \u00e9 da lavra da ju\u00edza Rosa Dias Godrim, titular da 1\u00aa Vara do Trabalho de Montes Claros, para quem as circunst\u00e2ncias descritas no processo mostraram que a trabalhadora foi induzida a erro ao assinar o pedido de demiss\u00e3o, com o receio de aplica\u00e7\u00e3o de dispensa por justa causa.<\/p>\n\n\n\n<p>Em sua defesa, a empresa alegou que n\u00e3o houve coa\u00e7\u00e3o e que a a\u00e7\u00e3o judicial \u00e9 resultado do arrependimento da trabalhadora. Mas prova documental confirmou a vers\u00e3o da ex-empregada. Conversa gravada com a supervisora da empresa e entregue como prova mostra que o termo de demiss\u00e3o foi apresentado como sa\u00edda para evitar uma justa causa.<\/p>\n\n\n\n<p>Segundo a ju\u00edza, a supervisora apresentou para a empregada argumentos falsos a fim de obter a assinatura do pedido de demiss\u00e3o. No \u00e1udio, a representante da empregadora chega a dizer que a apresenta\u00e7\u00e3o pela trabalhadora de atestado, em per\u00edodo de experi\u00eancia, ensejaria a justa causa. E complementa, ainda, pontuando que o desligamento da ex-empregada, como sugerido pela empresa, deixaria a CTPS dela&nbsp;<em>&#8220;limpa&#8221;<\/em>, ou seja, sem men\u00e7\u00e3o \u00e0 justa causa.<\/p>\n\n\n\n<p>Para a ju\u00edza, ficou claro que as informa\u00e7\u00f5es equivocadas repassadas pela supervisora tiveram o objetivo de constranger a reclamante a assinar o documento. Conforme ponderou a magistrada, caso a empresa considerasse a exist\u00eancia de conduta irregular da autora, poderia ter adotado, no leg\u00edtimo exerc\u00edcio do poder diretivo, as medidas l\u00edcitas consideradas pertinentes.<\/p>\n\n\n\n<p>Assim, a ju\u00edza Rosa Dias Godrim decidiu anular o pedido de demiss\u00e3o, com fundamento no artigo 9\u00ba da CLT e artigo 151 do C\u00f3digo Civil, e condenou a empresa ao pagamento das parcelas rescis\u00f3rias devidas. A empresa foi condenada, ainda, ao pagamento de R$ 2 mil de indeniza\u00e7\u00e3o por danos morais. Segundo a julgadora, houve, no caso, a constata\u00e7\u00e3o da viola\u00e7\u00e3o de direitos da personalidade, com ofensas \u00e0 honra e \u00e0 dignidade da empregada, configurando o dano. Houve recurso, que aguarda julgamento no TRT-MG.<\/p>\n\n\n\n<p class=\"has-background has-very-light-gray-background-color\">Quer saber as not\u00edcias do <strong>Aconteceu no Vale<\/strong> em primeira m\u00e3o? Siga-nos no Facebook <a rel=\"noreferrer noopener\" href=\"http:\/\/facebook.com\/aconteceunovale\" target=\"_blank\">@aconteceunovale<\/a>, Twitter <a rel=\"noreferrer noopener\" href=\"https:\/\/twitter.com\/noticiadosvales\" target=\"_blank\">@noticiadosvales<\/a> e Instagram <a rel=\"noreferrer noopener\" href=\"https:\/\/www.instagram.com\/aconteceunovale\" target=\"_blank\">@aconteceunovale<\/a>.<\/p>\n","protected":false},"excerpt":{"rendered":"<p>A Justi\u00e7a do Trabalho mineira anulou o pedido de demiss\u00e3o assinado contra a vontade de uma ex-empregada de empresa de&nbsp;call center&nbsp;e&nbsp;telemarketing,&nbsp;com sede no norte de Minas Gerais. A decis\u00e3o \u00e9 da lavra da ju\u00edza Rosa Dias Godrim, titular da 1\u00aa Vara do Trabalho de Montes Claros, para quem as circunst\u00e2ncias descritas no processo mostraram que [&hellip;]<\/p>\n","protected":false},"author":1,"featured_media":160828,"comment_status":"open","ping_status":"closed","sticky":false,"template":"","format":"standard","meta":{"amp_status":"","footnotes":""},"categories":[40236,1236],"tags":[222534,211631,222535,210,222536,63697,211630],"class_list":["post-163121","post","type-post","status-publish","format-standard","has-post-thumbnail","hentry","category-empregos-2","category-norte_de_minas","tag-juiza-de-montes-claros-anula-pedido-de-demissao-assinado-contra-a-vontade-de-ex-empregada","tag-justica-do-trabalho-em-montes-claros","tag-justica-do-trabalho-mineira","tag-montes-claros","tag-rosa-dias-godrim","tag-trt-mg","tag-vara-do-trabalho-de-montes-claros"],"_links":{"self":[{"href":"https:\/\/aconteceunovale.com.br\/portal\/index.php?rest_route=\/wp\/v2\/posts\/163121","targetHints":{"allow":["GET"]}}],"collection":[{"href":"https:\/\/aconteceunovale.com.br\/portal\/index.php?rest_route=\/wp\/v2\/posts"}],"about":[{"href":"https:\/\/aconteceunovale.com.br\/portal\/index.php?rest_route=\/wp\/v2\/types\/post"}],"author":[{"embeddable":true,"href":"https:\/\/aconteceunovale.com.br\/portal\/index.php?rest_route=\/wp\/v2\/users\/1"}],"replies":[{"embeddable":true,"href":"https:\/\/aconteceunovale.com.br\/portal\/index.php?rest_route=%2Fwp%2Fv2%2Fcomments&post=163121"}],"version-history":[{"count":1,"href":"https:\/\/aconteceunovale.com.br\/portal\/index.php?rest_route=\/wp\/v2\/posts\/163121\/revisions"}],"predecessor-version":[{"id":163122,"href":"https:\/\/aconteceunovale.com.br\/portal\/index.php?rest_route=\/wp\/v2\/posts\/163121\/revisions\/163122"}],"wp:featuredmedia":[{"embeddable":true,"href":"https:\/\/aconteceunovale.com.br\/portal\/index.php?rest_route=\/wp\/v2\/media\/160828"}],"wp:attachment":[{"href":"https:\/\/aconteceunovale.com.br\/portal\/index.php?rest_route=%2Fwp%2Fv2%2Fmedia&parent=163121"}],"wp:term":[{"taxonomy":"category","embeddable":true,"href":"https:\/\/aconteceunovale.com.br\/portal\/index.php?rest_route=%2Fwp%2Fv2%2Fcategories&post=163121"},{"taxonomy":"post_tag","embeddable":true,"href":"https:\/\/aconteceunovale.com.br\/portal\/index.php?rest_route=%2Fwp%2Fv2%2Ftags&post=163121"}],"curies":[{"name":"wp","href":"https:\/\/api.w.org\/{rel}","templated":true}]}}