{"id":163118,"date":"2020-05-27T23:37:00","date_gmt":"2020-05-28T02:37:00","guid":{"rendered":"https:\/\/aconteceunovale.com.br\/portal\/?p=163118"},"modified":"2020-05-27T23:37:29","modified_gmt":"2020-05-28T02:37:29","slug":"homem-e-preso-com-arma-e-municoes-em-caratinga","status":"publish","type":"post","link":"https:\/\/aconteceunovale.com.br\/portal\/?p=163118","title":{"rendered":"Homem \u00e9 preso com arma e muni\u00e7\u00f5es em Caratinga"},"content":{"rendered":"\n<p>A Pol\u00edcia Civil de Minas Gerais (PCMG) prendeu um homem em Caratinga, no Vale do Rio Doce, nesta quarta-feira (27\/5). Ele foi localizado no bairro Nossa Senhora Aparecida, em sua resid\u00eancia, onde tamb\u00e9m foi apreendida uma pistola cal.380, v\u00e1rias muni\u00e7\u00f5es, r\u00e1dios comunicadores e colete bal\u00edstico.<\/p>\n\n\n\n<p>O Delegado Regional Ivan Sales destaca que a PCMG vem trabalhando para reduzir a criminalidade. \u201cDesde a semana passada, temos feito opera\u00e7\u00f5es sistem\u00e1ticas nos bairros com maiores incid\u00eancias de crimes violentos. Cumprimos ao todo 14 mandados de busca e apreens\u00e3o durante a semana\u201d, explicou.<\/p>\n\n\n\n<p>A pistola cal.380 apreendida com o suspeito completa a terceira arma de fogo apreendida pela Pol\u00edcia Civil em menos de uma semana na regi\u00e3o de Caratinga. Outra foi apreendida na \u00faltima quinta-feira (21), durante cumprimento de mandado de busca e apreens\u00e3o, e uma terceira foi localizada durante as investiga\u00e7\u00f5es acerca do <a href=\"https:\/\/aconteceunovale.com.br\/portal\/?p=163102\" target=\"_blank\" rel=\"noreferrer noopener\">atentado contra o presidente da C\u00e2mara Municipal de Ubaporanga<\/a>.<\/p>\n\n\n\n<figure class=\"wp-block-gallery columns-1 is-cropped wp-block-gallery-1 is-layout-flex wp-block-gallery-is-layout-flex\"><ul class=\"blocks-gallery-grid\"><li class=\"blocks-gallery-item\"><figure><img loading=\"lazy\" decoding=\"async\" width=\"666\" height=\"450\" src=\"https:\/\/aconteceunovale.com.br\/portal\/wp-content\/uploads\/2020\/05\/arma_caratinga.jpeg\" alt=\"\" data-id=\"163119\" class=\"wp-image-163119\" srcset=\"https:\/\/aconteceunovale.com.br\/portal\/wp-content\/uploads\/2020\/05\/arma_caratinga.jpeg 666w, https:\/\/aconteceunovale.com.br\/portal\/wp-content\/uploads\/2020\/05\/arma_caratinga-300x203.jpeg 300w, https:\/\/aconteceunovale.com.br\/portal\/wp-content\/uploads\/2020\/05\/arma_caratinga-622x420.jpeg 622w\" sizes=\"auto, (max-width: 666px) 100vw, 666px\" \/><figcaption class=\"blocks-gallery-item__caption\"><em>Foto: Divulga\u00e7\u00e3o\/PCMG<\/em><\/figcaption><\/figure><\/li><\/ul><\/figure>\n\n\n\n<p class=\"has-background has-very-light-gray-background-color\">Quer saber as not\u00edcias do <strong>Aconteceu no Vale<\/strong> em primeira m\u00e3o? Siga-nos no Facebook <a rel=\"noreferrer noopener\" href=\"http:\/\/facebook.com\/aconteceunovale\" target=\"_blank\">@aconteceunovale<\/a>, Twitter <a rel=\"noreferrer noopener\" href=\"https:\/\/twitter.com\/noticiadosvales\" target=\"_blank\">@noticiadosvales<\/a> e Instagram <a rel=\"noreferrer noopener\" href=\"https:\/\/www.instagram.com\/aconteceunovale\" target=\"_blank\">@aconteceunovale<\/a>.<\/p>\n","protected":false},"excerpt":{"rendered":"<p>A Pol\u00edcia Civil de Minas Gerais (PCMG) prendeu um homem em Caratinga, no Vale do Rio Doce, nesta quarta-feira (27\/5). Ele foi localizado no bairro Nossa Senhora Aparecida, em sua resid\u00eancia, onde tamb\u00e9m foi apreendida uma pistola cal.380, v\u00e1rias muni\u00e7\u00f5es, r\u00e1dios comunicadores e colete bal\u00edstico. O Delegado Regional Ivan Sales destaca que a PCMG vem [&hellip;]<\/p>\n","protected":false},"author":1,"featured_media":163119,"comment_status":"open","ping_status":"closed","sticky":false,"template":"","format":"standard","meta":{"amp_status":"","footnotes":""},"categories":[121],"tags":[222531,222532,222533,237,222530,604,222529,331],"class_list":["post-163118","post","type-post","status-publish","format-standard","has-post-thumbnail","hentry","category-leste","tag-apreensao-de-arma-em-caratinga","tag-arma-apreendida-em-caratinga","tag-atentado-contra-o-presidente-da-camara-de-ubaporanga","tag-caratinga","tag-homem-e-preso-com-arma-e-municoes-em-caratinga","tag-pcmg","tag-preso-com-arma-em-caratinga","tag-ubaporanga"],"_links":{"self":[{"href":"https:\/\/aconteceunovale.com.br\/portal\/index.php?rest_route=\/wp\/v2\/posts\/163118","targetHints":{"allow":["GET"]}}],"collection":[{"href":"https:\/\/aconteceunovale.com.br\/portal\/index.php?rest_route=\/wp\/v2\/posts"}],"about":[{"href":"https:\/\/aconteceunovale.com.br\/portal\/index.php?rest_route=\/wp\/v2\/types\/post"}],"author":[{"embeddable":true,"href":"https:\/\/aconteceunovale.com.br\/portal\/index.php?rest_route=\/wp\/v2\/users\/1"}],"replies":[{"embeddable":true,"href":"https:\/\/aconteceunovale.com.br\/portal\/index.php?rest_route=%2Fwp%2Fv2%2Fcomments&post=163118"}],"version-history":[{"count":1,"href":"https:\/\/aconteceunovale.com.br\/portal\/index.php?rest_route=\/wp\/v2\/posts\/163118\/revisions"}],"predecessor-version":[{"id":163120,"href":"https:\/\/aconteceunovale.com.br\/portal\/index.php?rest_route=\/wp\/v2\/posts\/163118\/revisions\/163120"}],"wp:featuredmedia":[{"embeddable":true,"href":"https:\/\/aconteceunovale.com.br\/portal\/index.php?rest_route=\/wp\/v2\/media\/163119"}],"wp:attachment":[{"href":"https:\/\/aconteceunovale.com.br\/portal\/index.php?rest_route=%2Fwp%2Fv2%2Fmedia&parent=163118"}],"wp:term":[{"taxonomy":"category","embeddable":true,"href":"https:\/\/aconteceunovale.com.br\/portal\/index.php?rest_route=%2Fwp%2Fv2%2Fcategories&post=163118"},{"taxonomy":"post_tag","embeddable":true,"href":"https:\/\/aconteceunovale.com.br\/portal\/index.php?rest_route=%2Fwp%2Fv2%2Ftags&post=163118"}],"curies":[{"name":"wp","href":"https:\/\/api.w.org\/{rel}","templated":true}]}}