{"id":163116,"date":"2020-05-27T23:31:33","date_gmt":"2020-05-28T02:31:33","guid":{"rendered":"https:\/\/aconteceunovale.com.br\/portal\/?p=163116"},"modified":"2020-05-27T23:32:42","modified_gmt":"2020-05-28T02:32:42","slug":"policia-civil-prende-dois-suspeitos-de-roubo-em-montes-claros-2","status":"publish","type":"post","link":"https:\/\/aconteceunovale.com.br\/portal\/?p=163116","title":{"rendered":"Pol\u00edcia Civil prende dois suspeitos de roubo em Montes Claros"},"content":{"rendered":"\n<p>A Pol\u00edcia Civil de Minas Gerais cumpriu nessa ter\u00e7a-feira (26\/5), em Montes Claros, dois mandados de pris\u00e3o preventiva expedidos pela Justi\u00e7a em desfavor de suspeitos de um roubo no munic\u00edpio.<\/p>\n\n\n\n<p>O crime foi cometido no dia 18 de dezembro do \u00faltimo ano, quando a dupla, armada, abordou a v\u00edtima enquanto ela estava parada em um sem\u00e1foro. Os suspeitos a amea\u00e7aram com faca e tentaram levar dinheiro e telefone celular. No momento em que o sinal de tr\u00e2nsito abriu, a v\u00edtima conseguiu escapar dos criminosos. &#8220;A v\u00edtima arrancou r\u00e1pido com o carro e conseguiu fugir dos suspeitos que estavam em uma motocicleta&#8221;, explicou a Delegada Thalita Caldeira.<\/p>\n\n\n\n<p>A v\u00edtima registrou a ocorr\u00eancia e os policiais da 3\u00aa Delegacia de Pol\u00edcia Civil em Montes Claros iniciaram as investiga\u00e7\u00f5es, conseguindo informa\u00e7\u00f5es sobre a placa da motocicleta e posteriormente identificando os suspeitos.<\/p>\n\n\n\n<p>O inqu\u00e9rito foi finalizado pela PCMG e a Delegada solicitou \u00e0 Justi\u00e7a a expedi\u00e7\u00e3o dos mandados de pris\u00e3o. Os presos est\u00e3o recolhidos no Sistema Prisional.<\/p>\n\n\n\n<figure class=\"wp-block-gallery columns-1 is-cropped wp-block-gallery-1 is-layout-flex wp-block-gallery-is-layout-flex\"><ul class=\"blocks-gallery-grid\"><li class=\"blocks-gallery-item\"><figure><img loading=\"lazy\" decoding=\"async\" width=\"632\" height=\"450\" src=\"https:\/\/aconteceunovale.com.br\/portal\/wp-content\/uploads\/2020\/05\/presos_moc.jpg\" alt=\"\" data-id=\"163114\" data-full-url=\"https:\/\/aconteceunovale.com.br\/portal\/wp-content\/uploads\/2020\/05\/presos_moc.jpg\" data-link=\"https:\/\/aconteceunovale.com.br\/portal\/?attachment_id=163114\" class=\"wp-image-163114\" srcset=\"https:\/\/aconteceunovale.com.br\/portal\/wp-content\/uploads\/2020\/05\/presos_moc.jpg 632w, https:\/\/aconteceunovale.com.br\/portal\/wp-content\/uploads\/2020\/05\/presos_moc-300x214.jpg 300w, https:\/\/aconteceunovale.com.br\/portal\/wp-content\/uploads\/2020\/05\/presos_moc-100x70.jpg 100w, https:\/\/aconteceunovale.com.br\/portal\/wp-content\/uploads\/2020\/05\/presos_moc-590x420.jpg 590w\" sizes=\"auto, (max-width: 632px) 100vw, 632px\" \/><figcaption class=\"blocks-gallery-item__caption\"><em>Foto: Divulga\u00e7\u00e3o\/PCMG<\/em><\/figcaption><\/figure><\/li><\/ul><\/figure>\n\n\n\n<p class=\"has-background has-very-light-gray-background-color\">Quer saber as not\u00edcias do <strong>Aconteceu no Vale<\/strong> em primeira m\u00e3o? Siga-nos no Facebook <a rel=\"noreferrer noopener\" href=\"http:\/\/facebook.com\/aconteceunovale\" target=\"_blank\">@aconteceunovale<\/a>, Twitter <a rel=\"noreferrer noopener\" href=\"https:\/\/twitter.com\/noticiadosvales\" target=\"_blank\">@noticiadosvales<\/a> e Instagram <a rel=\"noreferrer noopener\" href=\"https:\/\/www.instagram.com\/aconteceunovale\" target=\"_blank\">@aconteceunovale<\/a>.<\/p>\n","protected":false},"excerpt":{"rendered":"<p>A Pol\u00edcia Civil de Minas Gerais cumpriu nessa ter\u00e7a-feira (26\/5), em Montes Claros, dois mandados de pris\u00e3o preventiva expedidos pela Justi\u00e7a em desfavor de suspeitos de um roubo no munic\u00edpio. O crime foi cometido no dia 18 de dezembro do \u00faltimo ano, quando a dupla, armada, abordou a v\u00edtima enquanto ela estava parada em um [&hellip;]<\/p>\n","protected":false},"author":1,"featured_media":163114,"comment_status":"open","ping_status":"closed","sticky":false,"template":"","format":"standard","meta":{"amp_status":"","footnotes":""},"categories":[1236],"tags":[9847,172911,210,222528,57790,133491,46966],"class_list":["post-163116","post","type-post","status-publish","format-standard","has-post-thumbnail","hentry","category-norte_de_minas","tag-assalto-em-montes-claros","tag-delegada-thalita-caldeira","tag-montes-claros","tag-policia-civil-prende-dois-suspeitos-de-roubo-em-montes-claros","tag-presos-em-montes-claros","tag-presos-por-roubo-em-montes-claros","tag-roubo-em-montes-claros"],"_links":{"self":[{"href":"https:\/\/aconteceunovale.com.br\/portal\/index.php?rest_route=\/wp\/v2\/posts\/163116","targetHints":{"allow":["GET"]}}],"collection":[{"href":"https:\/\/aconteceunovale.com.br\/portal\/index.php?rest_route=\/wp\/v2\/posts"}],"about":[{"href":"https:\/\/aconteceunovale.com.br\/portal\/index.php?rest_route=\/wp\/v2\/types\/post"}],"author":[{"embeddable":true,"href":"https:\/\/aconteceunovale.com.br\/portal\/index.php?rest_route=\/wp\/v2\/users\/1"}],"replies":[{"embeddable":true,"href":"https:\/\/aconteceunovale.com.br\/portal\/index.php?rest_route=%2Fwp%2Fv2%2Fcomments&post=163116"}],"version-history":[{"count":1,"href":"https:\/\/aconteceunovale.com.br\/portal\/index.php?rest_route=\/wp\/v2\/posts\/163116\/revisions"}],"predecessor-version":[{"id":163117,"href":"https:\/\/aconteceunovale.com.br\/portal\/index.php?rest_route=\/wp\/v2\/posts\/163116\/revisions\/163117"}],"wp:featuredmedia":[{"embeddable":true,"href":"https:\/\/aconteceunovale.com.br\/portal\/index.php?rest_route=\/wp\/v2\/media\/163114"}],"wp:attachment":[{"href":"https:\/\/aconteceunovale.com.br\/portal\/index.php?rest_route=%2Fwp%2Fv2%2Fmedia&parent=163116"}],"wp:term":[{"taxonomy":"category","embeddable":true,"href":"https:\/\/aconteceunovale.com.br\/portal\/index.php?rest_route=%2Fwp%2Fv2%2Fcategories&post=163116"},{"taxonomy":"post_tag","embeddable":true,"href":"https:\/\/aconteceunovale.com.br\/portal\/index.php?rest_route=%2Fwp%2Fv2%2Ftags&post=163116"}],"curies":[{"name":"wp","href":"https:\/\/api.w.org\/{rel}","templated":true}]}}