{"id":163110,"date":"2020-05-27T23:16:05","date_gmt":"2020-05-28T02:16:05","guid":{"rendered":"https:\/\/aconteceunovale.com.br\/portal\/?p=163110"},"modified":"2020-05-27T23:16:40","modified_gmt":"2020-05-28T02:16:40","slug":"suspeitos-sao-detidos-durante-acao-contra-o-narcotrafico-no-municipio-de-guanhaes","status":"publish","type":"post","link":"https:\/\/aconteceunovale.com.br\/portal\/?p=163110","title":{"rendered":"Suspeitos s\u00e3o detidos durante a\u00e7\u00e3o contra o narcotr\u00e1fico no munic\u00edpio de Guanh\u00e3es"},"content":{"rendered":"\n<p>A Pol\u00edcia Civil de Minas Gerais (PCMG) cumpriu mandado de busca e apreens\u00e3o no distrito de Correntinho, zona rural de Guanh\u00e3es, na manh\u00e3 desta quarta-feira (27\/5). A a\u00e7\u00e3o policial decorre de investiga\u00e7\u00f5es referentes ao crime de tr\u00e1fico de drogas.<\/p>\n\n\n\n<p>Ap\u00f3s trabalho investigativo minucioso, apurou-se que a casa dos suspeitos estaria sendo utilizada para o com\u00e9rcio de entorpecentes, principalmente durante o per\u00edodo noturno. Al\u00e9m disso, os moradores daquela regi\u00e3o eram constantemente perturbados pela presen\u00e7a de pessoas e ve\u00edculos estranhos, causando inseguran\u00e7a.<\/p>\n\n\n\n<p>Durante as buscas, os investigadores apreenderam entorpecentes, a quantia de R$ 211,00, anota\u00e7\u00f5es sobre contabilidade e dep\u00f3sitos banc\u00e1rios, al\u00e9m de equipamentos eletr\u00f4nicos. Em raz\u00e3o disso, um homem de 20 anos foi preso e um adolescente apreendido. Ambos foram conduzidos em flagrante \u00e0 Delegacia de Pol\u00edcia e se encontram \u00e0 disposi\u00e7\u00e3o da justi\u00e7a.<\/p>\n\n\n\n<p>De acordo com o Delegado Junio de Almeida, \u201cA a\u00e7\u00e3o faz parte do planejamento estrat\u00e9gico de repress\u00e3o ao tr\u00e1fico de drogas na regi\u00e3o e a ajuda da popula\u00e7\u00e3o tem sido fundamental\u201d.<\/p>\n\n\n\n<figure class=\"wp-block-gallery columns-1 is-cropped wp-block-gallery-1 is-layout-flex wp-block-gallery-is-layout-flex\"><ul class=\"blocks-gallery-grid\"><li class=\"blocks-gallery-item\"><figure><img loading=\"lazy\" decoding=\"async\" width=\"678\" height=\"396\" src=\"https:\/\/aconteceunovale.com.br\/portal\/wp-content\/uploads\/2020\/05\/operacao_guanhaes.jpg\" alt=\"\" data-id=\"163111\" data-full-url=\"https:\/\/aconteceunovale.com.br\/portal\/wp-content\/uploads\/2020\/05\/operacao_guanhaes.jpg\" data-link=\"https:\/\/aconteceunovale.com.br\/portal\/?attachment_id=163111\" class=\"wp-image-163111\" srcset=\"https:\/\/aconteceunovale.com.br\/portal\/wp-content\/uploads\/2020\/05\/operacao_guanhaes.jpg 678w, https:\/\/aconteceunovale.com.br\/portal\/wp-content\/uploads\/2020\/05\/operacao_guanhaes-300x175.jpg 300w\" sizes=\"auto, (max-width: 678px) 100vw, 678px\" \/><figcaption class=\"blocks-gallery-item__caption\"><em>Foto: Divulga\u00e7\u00e3o\/PCMG<\/em><\/figcaption><\/figure><\/li><\/ul><\/figure>\n\n\n\n<p class=\"has-background has-very-light-gray-background-color\">Quer saber as not\u00edcias do <strong>Aconteceu no Vale<\/strong> em primeira m\u00e3o? Siga-nos no Facebook <a rel=\"noreferrer noopener\" href=\"http:\/\/facebook.com\/aconteceunovale\" target=\"_blank\">@aconteceunovale<\/a>, Twitter <a rel=\"noreferrer noopener\" href=\"https:\/\/twitter.com\/noticiadosvales\" target=\"_blank\">@noticiadosvales<\/a> e Instagram <a rel=\"noreferrer noopener\" href=\"https:\/\/www.instagram.com\/aconteceunovale\" target=\"_blank\">@aconteceunovale<\/a>.<\/p>\n","protected":false},"excerpt":{"rendered":"<p>A Pol\u00edcia Civil de Minas Gerais (PCMG) cumpriu mandado de busca e apreens\u00e3o no distrito de Correntinho, zona rural de Guanh\u00e3es, na manh\u00e3 desta quarta-feira (27\/5). A a\u00e7\u00e3o policial decorre de investiga\u00e7\u00f5es referentes ao crime de tr\u00e1fico de drogas. Ap\u00f3s trabalho investigativo minucioso, apurou-se que a casa dos suspeitos estaria sendo utilizada para o com\u00e9rcio [&hellip;]<\/p>\n","protected":false},"author":1,"featured_media":163111,"comment_status":"open","ping_status":"closed","sticky":false,"template":"","format":"standard","meta":{"amp_status":"","footnotes":""},"categories":[121],"tags":[222527,155,222202,203833,604,218331,222526,188203,86862],"class_list":["post-163110","post","type-post","status-publish","format-standard","has-post-thumbnail","hentry","category-leste","tag-delegado-junio-de-almeida","tag-guanhaes","tag-operacao-contra-o-trafico-de-drogas-em-guanhaes","tag-operacao-em-guanhaes","tag-pcmg","tag-policia-civil-de-guanhaes","tag-suspeitos-sao-detidos-durante-acao-contra-o-narcotrafico-no-municipio-de-guanhaes","tag-traficantes-presos-em-guanhaes","tag-trafico-de-drogas-em-guanhaes"],"_links":{"self":[{"href":"https:\/\/aconteceunovale.com.br\/portal\/index.php?rest_route=\/wp\/v2\/posts\/163110","targetHints":{"allow":["GET"]}}],"collection":[{"href":"https:\/\/aconteceunovale.com.br\/portal\/index.php?rest_route=\/wp\/v2\/posts"}],"about":[{"href":"https:\/\/aconteceunovale.com.br\/portal\/index.php?rest_route=\/wp\/v2\/types\/post"}],"author":[{"embeddable":true,"href":"https:\/\/aconteceunovale.com.br\/portal\/index.php?rest_route=\/wp\/v2\/users\/1"}],"replies":[{"embeddable":true,"href":"https:\/\/aconteceunovale.com.br\/portal\/index.php?rest_route=%2Fwp%2Fv2%2Fcomments&post=163110"}],"version-history":[{"count":1,"href":"https:\/\/aconteceunovale.com.br\/portal\/index.php?rest_route=\/wp\/v2\/posts\/163110\/revisions"}],"predecessor-version":[{"id":163112,"href":"https:\/\/aconteceunovale.com.br\/portal\/index.php?rest_route=\/wp\/v2\/posts\/163110\/revisions\/163112"}],"wp:featuredmedia":[{"embeddable":true,"href":"https:\/\/aconteceunovale.com.br\/portal\/index.php?rest_route=\/wp\/v2\/media\/163111"}],"wp:attachment":[{"href":"https:\/\/aconteceunovale.com.br\/portal\/index.php?rest_route=%2Fwp%2Fv2%2Fmedia&parent=163110"}],"wp:term":[{"taxonomy":"category","embeddable":true,"href":"https:\/\/aconteceunovale.com.br\/portal\/index.php?rest_route=%2Fwp%2Fv2%2Fcategories&post=163110"},{"taxonomy":"post_tag","embeddable":true,"href":"https:\/\/aconteceunovale.com.br\/portal\/index.php?rest_route=%2Fwp%2Fv2%2Ftags&post=163110"}],"curies":[{"name":"wp","href":"https:\/\/api.w.org\/{rel}","templated":true}]}}