{"id":163107,"date":"2020-05-27T23:10:26","date_gmt":"2020-05-28T02:10:26","guid":{"rendered":"https:\/\/aconteceunovale.com.br\/portal\/?p=163107"},"modified":"2020-05-27T23:10:58","modified_gmt":"2020-05-28T02:10:58","slug":"suspeito-de-pedofilia-que-estava-foragido-ha-oito-anos-e-preso-pela-pcmg","status":"publish","type":"post","link":"https:\/\/aconteceunovale.com.br\/portal\/?p=163107","title":{"rendered":"Suspeito de pedofilia que estava foragido h\u00e1 oito anos \u00e9 preso pela PCMG"},"content":{"rendered":"\n<p>Uma opera\u00e7\u00e3o conjunta entre as Pol\u00edcias Civis de Minas Gerais e do Esp\u00edrito Santo localizou e prendeu na tarde de segunda-feira (25) um homem, de 75 anos, suspeito de pedofilia na cidade mineira de Inhapim em 2006. Ele teve a pris\u00e3o expedida no dia 9 de julho de 2012 pela Justi\u00e7a e desde ent\u00e3o estava foragido.<\/p>\n\n\n\n<p>\u201cH\u00e1 alguns dias os investigadores de Santana do Para\u00edso encontraram ind\u00edcios de que ele poderia estar no Esp\u00edrito Santo. Na \u00faltima sexta-feira (22), confirmamos que ele estava em Marata\u00edzes e, deste ent\u00e3o, passamos a compartilhar informa\u00e7\u00f5es com os policiais civis de l\u00e1, que hoje prenderam o autor enquanto ele chegava na resid\u00eancia dele\u201d, explicou o Delegado Bruno Morato, que coordenou os trabalhos.<\/p>\n\n\n\n<p>O preso se mostrou surpreso com a a\u00e7\u00e3o e chegou a passar mal quando recebeu voz de pris\u00e3o. Ele n\u00e3o reagiu \u00e0 abordagem e negou o crime.<\/p>\n\n\n\n<p>O Delegado aproveitou ainda para chamar a aten\u00e7\u00e3o para esta modalidade de crime: \u201ca pedofilia \u00e9 um crime repugnante, que atinge pessoas naturalmente vulner\u00e1veis que s\u00e3o nossas crian\u00e7as e adolescentes. O dado mais triste \u00e9 que cerca de 70% dos abusos ocorrem dentro da pr\u00f3pria casa da v\u00edtima. Pais, m\u00e3es e respons\u00e1veis precisam ficar atentos e, caso suspeitem de algum abuso, procurarem a Pol\u00edcia\u201d, finalizou.<\/p>\n\n\n\n<figure class=\"wp-block-gallery columns-1 is-cropped wp-block-gallery-1 is-layout-flex wp-block-gallery-is-layout-flex\"><ul class=\"blocks-gallery-grid\"><li class=\"blocks-gallery-item\"><figure><img loading=\"lazy\" decoding=\"async\" width=\"600\" height=\"450\" src=\"https:\/\/aconteceunovale.com.br\/portal\/wp-content\/uploads\/2020\/05\/preso_marataizes.jpeg\" alt=\"\" data-id=\"163108\" data-full-url=\"https:\/\/aconteceunovale.com.br\/portal\/wp-content\/uploads\/2020\/05\/preso_marataizes.jpeg\" data-link=\"https:\/\/aconteceunovale.com.br\/portal\/?attachment_id=163108\" class=\"wp-image-163108\" srcset=\"https:\/\/aconteceunovale.com.br\/portal\/wp-content\/uploads\/2020\/05\/preso_marataizes.jpeg 600w, https:\/\/aconteceunovale.com.br\/portal\/wp-content\/uploads\/2020\/05\/preso_marataizes-300x225.jpeg 300w, https:\/\/aconteceunovale.com.br\/portal\/wp-content\/uploads\/2020\/05\/preso_marataizes-80x60.jpeg 80w, https:\/\/aconteceunovale.com.br\/portal\/wp-content\/uploads\/2020\/05\/preso_marataizes-265x198.jpeg 265w, https:\/\/aconteceunovale.com.br\/portal\/wp-content\/uploads\/2020\/05\/preso_marataizes-560x420.jpeg 560w\" sizes=\"auto, (max-width: 600px) 100vw, 600px\" \/><figcaption class=\"blocks-gallery-item__caption\"><em>Foto: Divulga\u00e7\u00e3o\/PCMG<\/em><\/figcaption><\/figure><\/li><\/ul><\/figure>\n\n\n\n<p class=\"has-background has-very-light-gray-background-color\">Quer saber as not\u00edcias do <strong>Aconteceu no Vale<\/strong> em primeira m\u00e3o? Siga-nos no Facebook <a rel=\"noreferrer noopener\" href=\"http:\/\/facebook.com\/aconteceunovale\" target=\"_blank\">@aconteceunovale<\/a>, Twitter <a rel=\"noreferrer noopener\" href=\"https:\/\/twitter.com\/noticiadosvales\" target=\"_blank\">@noticiadosvales<\/a> e Instagram <a rel=\"noreferrer noopener\" href=\"https:\/\/www.instagram.com\/aconteceunovale\" target=\"_blank\">@aconteceunovale<\/a>.<\/p>\n","protected":false},"excerpt":{"rendered":"<p>Uma opera\u00e7\u00e3o conjunta entre as Pol\u00edcias Civis de Minas Gerais e do Esp\u00edrito Santo localizou e prendeu na tarde de segunda-feira (25) um homem, de 75 anos, suspeito de pedofilia na cidade mineira de Inhapim em 2006. Ele teve a pris\u00e3o expedida no dia 9 de julho de 2012 pela Justi\u00e7a e desde ent\u00e3o estava [&hellip;]<\/p>\n","protected":false},"author":1,"featured_media":163108,"comment_status":"open","ping_status":"closed","sticky":false,"template":"","format":"standard","meta":{"amp_status":"","footnotes":""},"categories":[6,121],"tags":[144183,222523,296,222524,156964,604,222521,222520,2101,222525,222522],"class_list":["post-163107","post","type-post","status-publish","format-standard","has-post-thumbnail","hentry","category-br","category-leste","tag-delegado-bruno-morato","tag-estupro-em-inhapim","tag-inhapim","tag-marataizes","tag-pces","tag-pcmg","tag-pedofilia-em-inhapim","tag-preso-em-marataizes","tag-santana-do-paraiso","tag-suspeito-de-pedofilia-que-estava-foragido-ha-oito-anos-e-preso-no-espirito-santo","tag-suspeito-de-pedofilia-que-estava-foragido-ha-oito-anos-e-preso-pela-pcmg"],"_links":{"self":[{"href":"https:\/\/aconteceunovale.com.br\/portal\/index.php?rest_route=\/wp\/v2\/posts\/163107","targetHints":{"allow":["GET"]}}],"collection":[{"href":"https:\/\/aconteceunovale.com.br\/portal\/index.php?rest_route=\/wp\/v2\/posts"}],"about":[{"href":"https:\/\/aconteceunovale.com.br\/portal\/index.php?rest_route=\/wp\/v2\/types\/post"}],"author":[{"embeddable":true,"href":"https:\/\/aconteceunovale.com.br\/portal\/index.php?rest_route=\/wp\/v2\/users\/1"}],"replies":[{"embeddable":true,"href":"https:\/\/aconteceunovale.com.br\/portal\/index.php?rest_route=%2Fwp%2Fv2%2Fcomments&post=163107"}],"version-history":[{"count":1,"href":"https:\/\/aconteceunovale.com.br\/portal\/index.php?rest_route=\/wp\/v2\/posts\/163107\/revisions"}],"predecessor-version":[{"id":163109,"href":"https:\/\/aconteceunovale.com.br\/portal\/index.php?rest_route=\/wp\/v2\/posts\/163107\/revisions\/163109"}],"wp:featuredmedia":[{"embeddable":true,"href":"https:\/\/aconteceunovale.com.br\/portal\/index.php?rest_route=\/wp\/v2\/media\/163108"}],"wp:attachment":[{"href":"https:\/\/aconteceunovale.com.br\/portal\/index.php?rest_route=%2Fwp%2Fv2%2Fmedia&parent=163107"}],"wp:term":[{"taxonomy":"category","embeddable":true,"href":"https:\/\/aconteceunovale.com.br\/portal\/index.php?rest_route=%2Fwp%2Fv2%2Fcategories&post=163107"},{"taxonomy":"post_tag","embeddable":true,"href":"https:\/\/aconteceunovale.com.br\/portal\/index.php?rest_route=%2Fwp%2Fv2%2Ftags&post=163107"}],"curies":[{"name":"wp","href":"https:\/\/api.w.org\/{rel}","templated":true}]}}