{"id":163105,"date":"2020-05-27T23:03:34","date_gmt":"2020-05-28T02:03:34","guid":{"rendered":"https:\/\/aconteceunovale.com.br\/portal\/?p=163105"},"modified":"2020-05-27T23:03:56","modified_gmt":"2020-05-28T02:03:56","slug":"policia-civil-prende-suspeito-de-matar-irmao-no-municipio-de-berizal-no-norte-de-minas","status":"publish","type":"post","link":"https:\/\/aconteceunovale.com.br\/portal\/?p=163105","title":{"rendered":"Pol\u00edcia Civil prende suspeito de matar irm\u00e3o no munic\u00edpio de Berizal, no Norte de Minas"},"content":{"rendered":"\n<p>A Pol\u00edcia Civil de Minas Gerais, em Taiobeiras, realizou no \u00faltimo domingo (24), o cumprimento do mandado de pris\u00e3o preventiva de um suspeito, de 32 anos, em virtude da pr\u00e1tica de crime de homic\u00eddio em desfavor do pr\u00f3prio irm\u00e3o, de 18. O suspeito desferiu uma facada que atingiu a regi\u00e3o do pesco\u00e7o da v\u00edtima, fato ocorrido na comunidade de Serra, zona rural do munic\u00edpio de Berizal.<\/p>\n\n\n\n<p>Sobre as circunst\u00e2ncias do crime, a PCMG apurou que o investigado era pessoa respons\u00e1vel por todos os irm\u00e3os, visto que sua m\u00e3e teria falecido e que o seu pai \u00e9 alco\u00f3latra. No entanto, o suspeito sempre demonstrou ser pessoa agressiva e violenta, existindo desentendimento anterior entre o investigado e a v\u00edtima.<\/p>\n\n\n\n<p><em>\u201cNo dia dos fatos, o jovem, que alegou estar com fome, se dirigiu at\u00e9 \u00e0 casa de uma testemunha, e l\u00e1 teria solicitado autoriza\u00e7\u00e3o para assar uma carne. Pouco tempo depois, compareceu no local o indiciado, que sem nada dizer, foi at\u00e9 a v\u00edtima e desferiu uma facada no seu pesco\u00e7o, de surpresa, n\u00e3o tendo a v\u00edtima nenhuma chance para se defender, saindo em seguida\u201d<\/em>, informou a PCMG.<\/p>\n\n\n\n<p>Ap\u00f3s os fatos, o suspeito fugiu e n\u00e3o foi mais visto. Antes, gritando pela rua, disse que se algu\u00e9m testemunhasse ele voltaria e mataria o delator tamb\u00e9m. O corpo do jovem 18 anos foi encaminhado para necr\u00f3psia na cidade de Montes Claros. Foram ouvidas as testemunhas presentes no local. O crime gerou revolta nos moradores da comunidade e clamor p\u00fablico por Justi\u00e7a, visto que foi praticado num ato de covardia.<\/p>\n\n\n\n<p>Instaurado o inqu\u00e9rito policial e colhidas todas essas informa\u00e7\u00f5es, o delegado representou pela pris\u00e3o preventiva do suspeito, que foi prontamente concedida pela Justi\u00e7a. Dessa forma, com aux\u00edlio da Pol\u00edcia Militar, ap\u00f3s intenso rastreamento, foi realizado o cumprimento do respectivo mandado. O suspeito encontra-se \u00e0 disposi\u00e7\u00e3o da Justi\u00e7a. Se condenado, poder\u00e1 receber pena de at\u00e9 30 anos de reclus\u00e3o.<\/p>\n\n\n\n<p class=\"has-background has-very-light-gray-background-color\">Quer saber as not\u00edcias do <strong>Aconteceu no Vale<\/strong> em primeira m\u00e3o? Siga-nos no Facebook <a rel=\"noreferrer noopener\" href=\"http:\/\/facebook.com\/aconteceunovale\" target=\"_blank\">@aconteceunovale<\/a>, Twitter <a rel=\"noreferrer noopener\" href=\"https:\/\/twitter.com\/noticiadosvales\" target=\"_blank\">@noticiadosvales<\/a> e Instagram <a rel=\"noreferrer noopener\" href=\"https:\/\/www.instagram.com\/aconteceunovale\" target=\"_blank\">@aconteceunovale<\/a>.<\/p>\n","protected":false},"excerpt":{"rendered":"<p>A Pol\u00edcia Civil de Minas Gerais, em Taiobeiras, realizou no \u00faltimo domingo (24), o cumprimento do mandado de pris\u00e3o preventiva de um suspeito, de 32 anos, em virtude da pr\u00e1tica de crime de homic\u00eddio em desfavor do pr\u00f3prio irm\u00e3o, de 18. O suspeito desferiu uma facada que atingiu a regi\u00e3o do pesco\u00e7o da v\u00edtima, fato [&hellip;]<\/p>\n","protected":false},"author":1,"featured_media":151866,"comment_status":"open","ping_status":"closed","sticky":false,"template":"","format":"standard","meta":{"amp_status":"","footnotes":""},"categories":[1236],"tags":[1342,222519,210,222518,604,222517,419],"class_list":["post-163105","post","type-post","status-publish","format-standard","has-post-thumbnail","hentry","category-norte_de_minas","tag-berizal","tag-homicidio-em-berizal","tag-montes-claros","tag-morto-pelo-irmao-em-berizal","tag-pcmg","tag-policia-civil-prende-suspeito-de-matar-irmao-no-municipio-de-berizal","tag-taiobeiras"],"_links":{"self":[{"href":"https:\/\/aconteceunovale.com.br\/portal\/index.php?rest_route=\/wp\/v2\/posts\/163105","targetHints":{"allow":["GET"]}}],"collection":[{"href":"https:\/\/aconteceunovale.com.br\/portal\/index.php?rest_route=\/wp\/v2\/posts"}],"about":[{"href":"https:\/\/aconteceunovale.com.br\/portal\/index.php?rest_route=\/wp\/v2\/types\/post"}],"author":[{"embeddable":true,"href":"https:\/\/aconteceunovale.com.br\/portal\/index.php?rest_route=\/wp\/v2\/users\/1"}],"replies":[{"embeddable":true,"href":"https:\/\/aconteceunovale.com.br\/portal\/index.php?rest_route=%2Fwp%2Fv2%2Fcomments&post=163105"}],"version-history":[{"count":1,"href":"https:\/\/aconteceunovale.com.br\/portal\/index.php?rest_route=\/wp\/v2\/posts\/163105\/revisions"}],"predecessor-version":[{"id":163106,"href":"https:\/\/aconteceunovale.com.br\/portal\/index.php?rest_route=\/wp\/v2\/posts\/163105\/revisions\/163106"}],"wp:featuredmedia":[{"embeddable":true,"href":"https:\/\/aconteceunovale.com.br\/portal\/index.php?rest_route=\/wp\/v2\/media\/151866"}],"wp:attachment":[{"href":"https:\/\/aconteceunovale.com.br\/portal\/index.php?rest_route=%2Fwp%2Fv2%2Fmedia&parent=163105"}],"wp:term":[{"taxonomy":"category","embeddable":true,"href":"https:\/\/aconteceunovale.com.br\/portal\/index.php?rest_route=%2Fwp%2Fv2%2Fcategories&post=163105"},{"taxonomy":"post_tag","embeddable":true,"href":"https:\/\/aconteceunovale.com.br\/portal\/index.php?rest_route=%2Fwp%2Fv2%2Ftags&post=163105"}],"curies":[{"name":"wp","href":"https:\/\/api.w.org\/{rel}","templated":true}]}}