{"id":163102,"date":"2020-05-27T22:58:21","date_gmt":"2020-05-28T01:58:21","guid":{"rendered":"https:\/\/aconteceunovale.com.br\/portal\/?p=163102"},"modified":"2020-05-27T22:58:40","modified_gmt":"2020-05-28T01:58:40","slug":"policia-civil-investiga-atentado-contra-presidente-da-camara-de-ubaporanga","status":"publish","type":"post","link":"https:\/\/aconteceunovale.com.br\/portal\/?p=163102","title":{"rendered":"Pol\u00edcia Civil investiga atentado contra presidente da C\u00e2mara de Ubaporanga"},"content":{"rendered":"\n<p>A equipe da Pol\u00edcia Civil de Minas Gerais (PCMG) em Caratinga apreendeu um ve\u00edculo que teria sido utilizado no atentado contra o presidente da C\u00e2mara Municipal de Ubaporanga. O crime ocorreu no dia 20 de maio.<\/p>\n\n\n\n<p>Na ocasi\u00e3o, segundo a PCMG, o carro da v\u00edtima teria sido atingido por outro ve\u00edculo conduzido pelo prefeito daquela cidade, Gilmar de Assis Rodrigues, que tamb\u00e9m teria disparado com arma de fogo contra o autom\u00f3vel do parlamentar. Toda a a\u00e7\u00e3o foi registrada por circuitos de vigil\u00e2ncia de com\u00e9rcios que est\u00e3o sendo analisados pelos investigadores.<\/p>\n\n\n\n<p>A PCMG conseguiu apreender como prova, ainda, duas c\u00e1psulas de muni\u00e7\u00e3o calibre 9 mm. No ve\u00edculo apreendido, a per\u00edcia constatou danos na grade dianteira e marca no cap\u00f4 compat\u00edvel com disparo de arma de fogo, cuja trajet\u00f3ria aponta disparo efetuado da janela anterior do lado do motorista.<\/p>\n\n\n\n<p>A Pol\u00edcia Civil instaurou inqu\u00e9rito policial e concluir\u00e1 as investiga\u00e7\u00f5es apontando a autoria, materialidade e motiva\u00e7\u00e3o do crime no prazo legal.<\/p>\n\n\n\n<figure class=\"wp-block-gallery columns-1 is-cropped wp-block-gallery-1 is-layout-flex wp-block-gallery-is-layout-flex\"><ul class=\"blocks-gallery-grid\"><li class=\"blocks-gallery-item\"><figure><img loading=\"lazy\" decoding=\"async\" width=\"600\" height=\"450\" src=\"https:\/\/aconteceunovale.com.br\/portal\/wp-content\/uploads\/2020\/05\/atentado_ubaporanga.jpeg\" alt=\"\" data-id=\"163103\" class=\"wp-image-163103\" srcset=\"https:\/\/aconteceunovale.com.br\/portal\/wp-content\/uploads\/2020\/05\/atentado_ubaporanga.jpeg 600w, https:\/\/aconteceunovale.com.br\/portal\/wp-content\/uploads\/2020\/05\/atentado_ubaporanga-300x225.jpeg 300w, https:\/\/aconteceunovale.com.br\/portal\/wp-content\/uploads\/2020\/05\/atentado_ubaporanga-80x60.jpeg 80w, https:\/\/aconteceunovale.com.br\/portal\/wp-content\/uploads\/2020\/05\/atentado_ubaporanga-265x198.jpeg 265w, https:\/\/aconteceunovale.com.br\/portal\/wp-content\/uploads\/2020\/05\/atentado_ubaporanga-560x420.jpeg 560w\" sizes=\"auto, (max-width: 600px) 100vw, 600px\" \/><figcaption class=\"blocks-gallery-item__caption\"><em>Foto: Divulga\u00e7\u00e3o\/PCMG<\/em><\/figcaption><\/figure><\/li><\/ul><\/figure>\n\n\n\n<p class=\"has-background has-very-light-gray-background-color\">Quer saber as not\u00edcias do <strong>Aconteceu no Vale<\/strong> em primeira m\u00e3o? Siga-nos no Facebook <a rel=\"noreferrer noopener\" href=\"http:\/\/facebook.com\/aconteceunovale\" target=\"_blank\">@aconteceunovale<\/a>, Twitter <a rel=\"noreferrer noopener\" href=\"https:\/\/twitter.com\/noticiadosvales\" target=\"_blank\">@noticiadosvales<\/a> e Instagram <a rel=\"noreferrer noopener\" href=\"https:\/\/www.instagram.com\/aconteceunovale\" target=\"_blank\">@aconteceunovale<\/a>.<\/p>\n","protected":false},"excerpt":{"rendered":"<p>A equipe da Pol\u00edcia Civil de Minas Gerais (PCMG) em Caratinga apreendeu um ve\u00edculo que teria sido utilizado no atentado contra o presidente da C\u00e2mara Municipal de Ubaporanga. O crime ocorreu no dia 20 de maio. Na ocasi\u00e3o, segundo a PCMG, o carro da v\u00edtima teria sido atingido por outro ve\u00edculo conduzido pelo prefeito daquela [&hellip;]<\/p>\n","protected":false},"author":1,"featured_media":163103,"comment_status":"open","ping_status":"closed","sticky":false,"template":"","format":"standard","meta":{"amp_status":"","footnotes":""},"categories":[121,40240],"tags":[222513,222516,237,222515,604,222512,222514,331],"class_list":["post-163102","post","type-post","status-publish","format-standard","has-post-thumbnail","hentry","category-leste","category-politica-2","tag-atentado-contra-presidente-da-camara-de-ubaporanga","tag-atentado-contra-vereador-em-ubaporanga","tag-caratinga","tag-gilmar-de-assis-rodrigues","tag-pcmg","tag-policia-civil-investiga-atentado-contra-presidente-da-camara-de-ubaporanga","tag-tiroteio-em-ubaporanga","tag-ubaporanga"],"_links":{"self":[{"href":"https:\/\/aconteceunovale.com.br\/portal\/index.php?rest_route=\/wp\/v2\/posts\/163102","targetHints":{"allow":["GET"]}}],"collection":[{"href":"https:\/\/aconteceunovale.com.br\/portal\/index.php?rest_route=\/wp\/v2\/posts"}],"about":[{"href":"https:\/\/aconteceunovale.com.br\/portal\/index.php?rest_route=\/wp\/v2\/types\/post"}],"author":[{"embeddable":true,"href":"https:\/\/aconteceunovale.com.br\/portal\/index.php?rest_route=\/wp\/v2\/users\/1"}],"replies":[{"embeddable":true,"href":"https:\/\/aconteceunovale.com.br\/portal\/index.php?rest_route=%2Fwp%2Fv2%2Fcomments&post=163102"}],"version-history":[{"count":1,"href":"https:\/\/aconteceunovale.com.br\/portal\/index.php?rest_route=\/wp\/v2\/posts\/163102\/revisions"}],"predecessor-version":[{"id":163104,"href":"https:\/\/aconteceunovale.com.br\/portal\/index.php?rest_route=\/wp\/v2\/posts\/163102\/revisions\/163104"}],"wp:featuredmedia":[{"embeddable":true,"href":"https:\/\/aconteceunovale.com.br\/portal\/index.php?rest_route=\/wp\/v2\/media\/163103"}],"wp:attachment":[{"href":"https:\/\/aconteceunovale.com.br\/portal\/index.php?rest_route=%2Fwp%2Fv2%2Fmedia&parent=163102"}],"wp:term":[{"taxonomy":"category","embeddable":true,"href":"https:\/\/aconteceunovale.com.br\/portal\/index.php?rest_route=%2Fwp%2Fv2%2Fcategories&post=163102"},{"taxonomy":"post_tag","embeddable":true,"href":"https:\/\/aconteceunovale.com.br\/portal\/index.php?rest_route=%2Fwp%2Fv2%2Ftags&post=163102"}],"curies":[{"name":"wp","href":"https:\/\/api.w.org\/{rel}","templated":true}]}}