{"id":163096,"date":"2020-05-27T22:46:44","date_gmt":"2020-05-28T01:46:44","guid":{"rendered":"https:\/\/aconteceunovale.com.br\/portal\/?p=163096"},"modified":"2020-05-27T22:52:46","modified_gmt":"2020-05-28T01:52:46","slug":"policia-recupera-pecas-religiosas-furtadas-de-igrejas-em-capelinha","status":"publish","type":"post","link":"https:\/\/aconteceunovale.com.br\/portal\/?p=163096","title":{"rendered":"Pol\u00edcia recupera pe\u00e7as religiosas furtadas de igrejas em Capelinha"},"content":{"rendered":"\n<p>As pol\u00edcias Civil e Militar conseguiram recuperar, no \u00faltimo domingo (24\/5\/2020), objetos furtados de igrejas cat\u00f3licas de Capelinha, no Vale do Jequitinhonha. Entre as pe\u00e7as, segundo informa\u00e7\u00f5es da PCMG, estava uma imagem de Santo Ant\u00f4nio com alto valor hist\u00f3rico.<\/p>\n\n\n\n<p>A Pol\u00edcia Civil j\u00e1 estava investigando os furtos ocorridos, quando, no \u00faltimo domingo (24), uma igreja localizada no bairro Ac\u00e1cias foi novamente alvo de arrombamento e tentativa de furto. Na ocasi\u00e3o, as c\u00e2meras instaladas no local flagraram um adolescente, de 14 anos, que tinha envolvimento e participa\u00e7\u00e3o ativa em eventos da igreja.<\/p>\n\n\n\n<p>Equipes da PCMG e da PMMG estiveram na resid\u00eancia do adolescente, que confessou o ato infracional e justificou ao dizer que a inten\u00e7\u00e3o era montar um altar na casa dele. No local, foram recuperados diversos bens das igrejas, muitos deles de consider\u00e1vel valor econ\u00f4mico e hist\u00f3rico, incluindo uma imagem de um metro de altura de Santo Ant\u00f4nio, que foi furtada da igreja matriz da cidade, onde fica exposta no local h\u00e1 d\u00e9cadas, al\u00e9m de vestes lit\u00fargicas (toalha, t\u00fanicas, estolas, c\u00edngulos), imagem de Jesus Cristo, relic\u00e1rio de santo, b\u00edblia, velas e outros diversos materiais.<\/p>\n\n\n\n<p>O inqu\u00e9rito policial est\u00e1 em andamento. O adolescente foi liberado ap\u00f3s prestar esclarecimentos.<\/p>\n\n\n\n<figure class=\"wp-block-gallery columns-1 is-cropped wp-block-gallery-1 is-layout-flex wp-block-gallery-is-layout-flex\"><ul class=\"blocks-gallery-grid\"><li class=\"blocks-gallery-item\"><figure><img loading=\"lazy\" decoding=\"async\" width=\"600\" height=\"450\" src=\"https:\/\/aconteceunovale.com.br\/portal\/wp-content\/uploads\/2020\/05\/furto_igreja_capelinha.jpeg\" alt=\"\" data-id=\"163097\" class=\"wp-image-163097\" srcset=\"https:\/\/aconteceunovale.com.br\/portal\/wp-content\/uploads\/2020\/05\/furto_igreja_capelinha.jpeg 600w, https:\/\/aconteceunovale.com.br\/portal\/wp-content\/uploads\/2020\/05\/furto_igreja_capelinha-300x225.jpeg 300w, https:\/\/aconteceunovale.com.br\/portal\/wp-content\/uploads\/2020\/05\/furto_igreja_capelinha-80x60.jpeg 80w, https:\/\/aconteceunovale.com.br\/portal\/wp-content\/uploads\/2020\/05\/furto_igreja_capelinha-265x198.jpeg 265w, https:\/\/aconteceunovale.com.br\/portal\/wp-content\/uploads\/2020\/05\/furto_igreja_capelinha-560x420.jpeg 560w\" sizes=\"auto, (max-width: 600px) 100vw, 600px\" \/><figcaption class=\"blocks-gallery-item__caption\"><em>Foto: Divulga\u00e7\u00e3o\/PCMG<\/em><\/figcaption><\/figure><\/li><\/ul><\/figure>\n\n\n\n<p class=\"has-background has-very-light-gray-background-color\">Quer saber as not\u00edcias do <strong>Aconteceu no Vale<\/strong> em primeira m\u00e3o? Siga-nos no Facebook <a rel=\"noreferrer noopener\" href=\"http:\/\/facebook.com\/aconteceunovale\" target=\"_blank\">@aconteceunovale<\/a>, Twitter <a rel=\"noreferrer noopener\" href=\"https:\/\/twitter.com\/noticiadosvales\" target=\"_blank\">@noticiadosvales<\/a> e Instagram <a rel=\"noreferrer noopener\" href=\"https:\/\/www.instagram.com\/aconteceunovale\" target=\"_blank\">@aconteceunovale<\/a>.<\/p>\n","protected":false},"excerpt":{"rendered":"<p>As pol\u00edcias Civil e Militar conseguiram recuperar, no \u00faltimo domingo (24\/5\/2020), objetos furtados de igrejas cat\u00f3licas de Capelinha, no Vale do Jequitinhonha. Entre as pe\u00e7as, segundo informa\u00e7\u00f5es da PCMG, estava uma imagem de Santo Ant\u00f4nio com alto valor hist\u00f3rico. A Pol\u00edcia Civil j\u00e1 estava investigando os furtos ocorridos, quando, no \u00faltimo domingo (24), uma igreja [&hellip;]<\/p>\n","protected":false},"author":1,"featured_media":163097,"comment_status":"open","ping_status":"closed","sticky":false,"template":"","format":"standard","meta":{"amp_status":"","footnotes":""},"categories":[120],"tags":[132,222511,177907,222509,604,38187,222508,222510],"class_list":["post-163096","post","type-post","status-publish","format-standard","has-post-thumbnail","hentry","category-jequi","tag-capelinha","tag-furto-de-imagens-sacras-em-capelinha","tag-furto-em-capelinha","tag-furto-em-igrejas-de-capelinha","tag-pcmg","tag-pmmg","tag-policia-recupera-pecas-religiosas-furtadas-de-igrejas-em-capelinha","tag-roubo-em-igrejas-de-capelinha"],"_links":{"self":[{"href":"https:\/\/aconteceunovale.com.br\/portal\/index.php?rest_route=\/wp\/v2\/posts\/163096","targetHints":{"allow":["GET"]}}],"collection":[{"href":"https:\/\/aconteceunovale.com.br\/portal\/index.php?rest_route=\/wp\/v2\/posts"}],"about":[{"href":"https:\/\/aconteceunovale.com.br\/portal\/index.php?rest_route=\/wp\/v2\/types\/post"}],"author":[{"embeddable":true,"href":"https:\/\/aconteceunovale.com.br\/portal\/index.php?rest_route=\/wp\/v2\/users\/1"}],"replies":[{"embeddable":true,"href":"https:\/\/aconteceunovale.com.br\/portal\/index.php?rest_route=%2Fwp%2Fv2%2Fcomments&post=163096"}],"version-history":[{"count":1,"href":"https:\/\/aconteceunovale.com.br\/portal\/index.php?rest_route=\/wp\/v2\/posts\/163096\/revisions"}],"predecessor-version":[{"id":163099,"href":"https:\/\/aconteceunovale.com.br\/portal\/index.php?rest_route=\/wp\/v2\/posts\/163096\/revisions\/163099"}],"wp:featuredmedia":[{"embeddable":true,"href":"https:\/\/aconteceunovale.com.br\/portal\/index.php?rest_route=\/wp\/v2\/media\/163097"}],"wp:attachment":[{"href":"https:\/\/aconteceunovale.com.br\/portal\/index.php?rest_route=%2Fwp%2Fv2%2Fmedia&parent=163096"}],"wp:term":[{"taxonomy":"category","embeddable":true,"href":"https:\/\/aconteceunovale.com.br\/portal\/index.php?rest_route=%2Fwp%2Fv2%2Fcategories&post=163096"},{"taxonomy":"post_tag","embeddable":true,"href":"https:\/\/aconteceunovale.com.br\/portal\/index.php?rest_route=%2Fwp%2Fv2%2Ftags&post=163096"}],"curies":[{"name":"wp","href":"https:\/\/api.w.org\/{rel}","templated":true}]}}