{"id":163089,"date":"2020-05-27T20:48:30","date_gmt":"2020-05-27T23:48:30","guid":{"rendered":"https:\/\/aconteceunovale.com.br\/portal\/?p=163089"},"modified":"2020-05-27T20:54:55","modified_gmt":"2020-05-27T23:54:55","slug":"coronavirus-brasil-passa-dos-400-mil-casos-confirmados-e-25-mil-obitos","status":"publish","type":"post","link":"https:\/\/aconteceunovale.com.br\/portal\/?p=163089","title":{"rendered":"Coronav\u00edrus: Brasil passa dos 400 mil casos confirmados e 25 mil \u00f3bitos"},"content":{"rendered":"\n<p>O Brasil passou dos 400 mil casos confirmados de Covid-19, de acordo com o balan\u00e7o di\u00e1rio divulgado pelo Minist\u00e9rio da Sa\u00fade. Foram inclu\u00eddas nas estat\u00edsticas 20.559 novas pessoas infectadas com o novo coronav\u00edrus, totalizando 411.821. O resultado marcou um acr\u00e9scimo de 5,1% em rela\u00e7\u00e3o a ontem (26), quando o n\u00famero de pessoas nesta condi\u00e7\u00e3o estava em 391.222.<\/p>\n\n\n\n<p>A atualiza\u00e7\u00e3o do minist\u00e9rio registrou 1.086 novas mortes, chegando a 25.598. O resultado representou um aumento de 4,4% em rela\u00e7\u00e3o a ontem, quando foram contabilizados 24.512 \u00f3bitos por Covid-19.<\/p>\n\n\n\n<p>Do total de casos confirmados, 219.576 est\u00e3o em acompanhamento e 166.647 foram recuperados. H\u00e1 ainda 4.108 \u00f3bitos sendo analisados.&nbsp;<\/p>\n\n\n\n<p>A letalidade (n\u00famero de mortes pelo total de casos) ficou em 6,2%. J\u00e1 a mortalidade (a quantidade de \u00f3bitos pelo total da popula\u00e7\u00e3o) foi de 12,2.<\/p>\n\n\n\n<figure class=\"wp-block-gallery columns-1 is-cropped wp-block-gallery-1 is-layout-flex wp-block-gallery-is-layout-flex\"><ul class=\"blocks-gallery-grid\"><li class=\"blocks-gallery-item\"><figure><img loading=\"lazy\" decoding=\"async\" width=\"754\" height=\"422\" src=\"https:\/\/aconteceunovale.com.br\/portal\/wp-content\/uploads\/2020\/05\/corona_br_27maio.jpeg\" alt=\"\" data-id=\"163090\" data-full-url=\"https:\/\/aconteceunovale.com.br\/portal\/wp-content\/uploads\/2020\/05\/corona_br_27maio.jpeg\" data-link=\"https:\/\/aconteceunovale.com.br\/portal\/?attachment_id=163090\" class=\"wp-image-163090\" srcset=\"https:\/\/aconteceunovale.com.br\/portal\/wp-content\/uploads\/2020\/05\/corona_br_27maio.jpeg 754w, https:\/\/aconteceunovale.com.br\/portal\/wp-content\/uploads\/2020\/05\/corona_br_27maio-300x168.jpeg 300w, https:\/\/aconteceunovale.com.br\/portal\/wp-content\/uploads\/2020\/05\/corona_br_27maio-696x390.jpeg 696w, https:\/\/aconteceunovale.com.br\/portal\/wp-content\/uploads\/2020\/05\/corona_br_27maio-750x420.jpeg 750w\" sizes=\"auto, (max-width: 754px) 100vw, 754px\" \/><\/figure><\/li><\/ul><\/figure>\n\n\n\n<p>S\u00e3o Paulo se mant\u00e9m como epicentro da pandemia no pa\u00eds, concentrando o maior n\u00famero de mortes (6.712). O estado \u00e9 seguido pelo Rio de Janeiro (4.605), Cear\u00e1 (2.671), Par\u00e1 (2.545) e Pernambuco (2.468).<\/p>\n\n\n\n<p>Tamb\u00e9m&nbsp;foram registradas mortes no Amazonas (1.891), Maranh\u00e3o (853), Bahia (531), Esp\u00edrito Santo (511), Alagoas (368), Para\u00edba (298), Rio Grande do Norte (242), Minas Gerais (240), Rio Grande do Sul (209), Amap\u00e1 (183), Paran\u00e1 (162), Rond\u00f4nia (137), Piau\u00ed (134), Distrito Federal (133), Santa Catarina (126), Sergipe (127), Acre (113), Goi\u00e1s (108), Roraima (102), Tocantins (65), Mato Grosso (46) e Mato Grosso do Sul (18).<\/p>\n\n\n\n<p>J\u00e1 em n\u00famero de casos confirmados, o&nbsp;<em>ranking&nbsp;<\/em>tem S\u00e3o Paulo (89.483), Rio de Janeiro (42.398), Cear\u00e1 (37.275), Amazonas (33.508) e Par\u00e1 (31.033). Entre as unidades da federa\u00e7\u00e3o com mais pessoas infectadas est\u00e3o ainda Pernambuco (29.919), Maranh\u00e3o (26.145), Bahia (15.070), Esp\u00edrito Santo (11.484) e Para\u00edba (10.2095).<\/p>\n\n\n\n<p>De acordo com o mapa global da Universidade Johns Hopkins, dos Estados Unidos, o Brasil \u00e9 o 2\u00ba&nbsp;colocado em n\u00famero de casos, atr\u00e1s apenas dos Estados Unidos (1,69 milh\u00e3o). O pa\u00eds \u00e9 o 6\u00ba&nbsp;no&nbsp;<em>ranking&nbsp;<\/em>de mortes em decorr\u00eancia da covid-19, atr\u00e1s de Espanha (27.117), Fran\u00e7a (28.599), It\u00e1lia (33.072), Reino Unido (37.542) e Estados Unidos (100.047).<\/p>\n\n\n\n<p>De acordo com o Minist\u00e9rio da Sa\u00fade, em dados de ontem o Brasil era o 51\u00ba&nbsp;em incid\u00eancia, indicador que mede a quantidade de pessoas infectadas proporcionalmente \u00e0 popula\u00e7\u00e3o. O pa\u00eds tamb\u00e9m era o 14\u00ba&nbsp;em mortalidade, quando os \u00f3bitos s\u00e3o comparados com o total da popula\u00e7\u00e3o.<\/p>\n\n\n\n<p>Hoje n\u00e3o foi realizada a entrevista coletiva com representantes do Ministerio da Sa\u00fade, onde mais dados e an\u00e1lises s\u00e3o apresentados sobre o balan\u00e7o di\u00e1rio. O evento era uma pr\u00e1tica di\u00e1ria, mas a nova gest\u00e3o mudou o h\u00e1bito, ainda sem a defini\u00e7\u00e3o de uma periodicidade definida.<\/p>\n\n\n\n<h1 class=\"wp-block-heading\"><strong>Com isolamento, SP evitou n\u00famero maior de \u00f3bitos, diz coordenador<\/strong><\/h1>\n\n\n\n<p>O isolamento social em S\u00e3o Paulo evitou que o estado tivesse, neste momento, 950 mil casos de coronav\u00edrus e evitou tamb\u00e9m 65 mil mortes que poderiam ser registradas at\u00e9 o final&nbsp;de maio. Com isso, o estado tem&nbsp;hoje&nbsp;89 mil casos e 6,7 mil \u00f3bitos. A afirma\u00e7\u00e3o foi feita&nbsp;hoje&nbsp;(27) por Dimas Covas, diretor do Instituto Butant\u00e3 e atual coordenador do Centro de Conting\u00eancia do Coronav\u00edrus.<\/p>\n\n\n\n<p>\u201cIsso mostra o qu\u00e3o efetivas foram as medidas de isolamento\u201d, disse. A quarentena em S\u00e3o Paulo foi adotada no dia&nbsp;24 de mar\u00e7o e&nbsp;hoje&nbsp;(27) ampliada at\u00e9 o dia&nbsp;15 de junho, mas j\u00e1 prevendo a&nbsp;retomada das atividades&nbsp;no estado a partir do dia 1\u00ba de junho, de forma gradual e regionalizada pelo estado.<\/p>\n\n\n\n<p>\u201cAs medidas de isolamento s\u00e3o a \u00fanica ferramenta que dispomos para enfrentar essa pandemia. N\u00f3s n\u00e3o temos medicamentos nem procedimentos que sejam capazes de desativar o v\u00edrus. O isolamento \u00e9 a \u00fanica forma de colocarmos o v\u00edrus fora de circula\u00e7\u00e3o\u201d, disse Dimas Covas.<\/p>\n\n\n\n<p>Segundo a secret\u00e1ria de Desenvolvimento Econ\u00f4mico, Patricia Ellen, a curva de cont\u00e1gio&nbsp;hoje&nbsp;no estado paulista \u201c\u00e9 dez vezes menor\u201d. \u201cEstamos verificando uma desacelera\u00e7\u00e3o do crescimento da epidemia. Ainda estamos, sim, na etapa de crescimento, mas com um crescimento em ritmo menor\u201d, afirmou.<\/p>\n\n\n\n<figure class=\"wp-block-gallery columns-1 is-cropped wp-block-gallery-2 is-layout-flex wp-block-gallery-is-layout-flex\"><ul class=\"blocks-gallery-grid\"><li class=\"blocks-gallery-item\"><figure><img loading=\"lazy\" decoding=\"async\" width=\"678\" height=\"371\" src=\"https:\/\/aconteceunovale.com.br\/portal\/wp-content\/uploads\/2020\/05\/mapa_quarentena.png\" alt=\"\" data-id=\"163091\" data-full-url=\"https:\/\/aconteceunovale.com.br\/portal\/wp-content\/uploads\/2020\/05\/mapa_quarentena.png\" data-link=\"https:\/\/aconteceunovale.com.br\/portal\/?attachment_id=163091\" class=\"wp-image-163091\" srcset=\"https:\/\/aconteceunovale.com.br\/portal\/wp-content\/uploads\/2020\/05\/mapa_quarentena.png 678w, https:\/\/aconteceunovale.com.br\/portal\/wp-content\/uploads\/2020\/05\/mapa_quarentena-300x164.png 300w\" sizes=\"auto, (max-width: 678px) 100vw, 678px\" \/><\/figure><\/li><\/ul><\/figure>\n\n\n\n<p>Ontem&nbsp;(26), a taxa atingiu 47%, abaixo do m\u00ednimo esperado pelo governo, estabelecido em 55%. Quanto mais alta, menor a propaga\u00e7\u00e3o do v\u00edrus e menor a quantidade de pessoas necessitando de leito de unidades de terapia intensiva (UTI). Na capital paulista, a taxa chegou&nbsp;ontem&nbsp;a 49%.<\/p>\n\n\n\n<p><strong>Prefeitura<\/strong><\/p>\n\n\n\n<p>Segundo o prefeito de S\u00e3o Paulo, Bruno Covas, vidas foram poupadas. \u201cSalvamos 30 mil vidas que teriam sido perdidas se a gente n\u00e3o tivesse tido a preocupa\u00e7\u00e3o de conter a atividade econ\u00f4mica, isolar as pessoas e ampliar a aten\u00e7\u00e3o na \u00e1rea de sa\u00fade. De cada dez pessoas atendidas na rede municipal, nove s\u00e3o salvas\u201d, disse o prefeito.<\/p>\n\n\n\n<p>A cidade de S\u00e3o Paulo tem&nbsp;hoje&nbsp;174.022 casos suspeitos de coronav\u00edrus, com 51.852 casos confirmados. A covid-19 j\u00e1 matou 3.421 pessoas. O total de curados chegou a 53.541 pessoas. Segundo o prefeito, 100 mil pessoas na cidade est\u00e3o sendo monitoradas no momento.<\/p>\n\n\n\n<p>A taxa de ocupa\u00e7\u00e3o de leitos de UTIs em hospitais municipais estava&nbsp;ontem&nbsp;em 85%. \u201cEstamos desde o dia&nbsp;5 de maio, trabalhando nessa faixa. S\u00e3o mais de tr\u00eas semanas em que o \u00edndice fica entre 85% e 92%, mostrando que temos conseguido, com a amplia\u00e7\u00e3o de leitos de UTI na cidade de S\u00e3o Paulo, manter a taxa m\u00e9dia de ocupa\u00e7\u00e3o.\u201d<\/p>\n\n\n\n<p>A taxa m\u00e9dia de crescimento de casos de coronav\u00edrus na cidade est\u00e1 em 3,1%. No dia&nbsp;17 de mar\u00e7o, era de 17,4%. J\u00e1 a taxa de transmiss\u00e3o, ou taxa de cont\u00e1gio, est\u00e1&nbsp;hoje&nbsp;em 1, ou seja, uma pessoa infectada transmite o v\u00edrus para uma pessoa. Segundo o prefeito, desde o dia&nbsp;18 de maio, a cidade vem demonstrando uma certa estabilidade no n\u00famero de mortes, de cerca de 520 \u00f3bitos por dia.<\/p>\n\n\n\n<p><strong>Redu\u00e7\u00e3o<\/strong><\/p>\n\n\n\n<p>O ex-secret\u00e1rio executivo do Minist\u00e9rio da Sa\u00fade, Jo\u00e3o Gabbardo dos Reis, est\u00e1 compondo agora o Centro de Conting\u00eancia do Coronav\u00edrus.<\/p>\n\n\n\n<p>Em entrevista&nbsp;hoje,&nbsp;no Pal\u00e1cio dos Bandeirantes, sede do governo paulista, ele disse que, no in\u00edcio, S\u00e3o Paulo correspondia a 68% dos casos do pa\u00eds e hoje \u00e9 respons\u00e1vel por 22% dos casos. &#8220;Em rela\u00e7\u00e3o aos \u00f3bitos, a mesma situa\u00e7\u00e3o. S\u00e3o Paulo correspondia a 68% do total de casos no pa\u00eds,e caiu para 26% agora.\u201d<\/p>\n\n\n\n<h1 class=\"wp-block-heading\"><strong>Estado do Rio confirma mais 2,4 mil casos de coronav\u00edrus<\/strong><\/h1>\n\n\n\n<p>O n\u00famero de casos confirmados de covid-19 no estado do Rio de Janeiro subiu hoje (27) para 42.398, com o acr\u00e9scimo de mais 2,4 mil casos na lista de pessoas que tiveram as infec\u00e7\u00f5es por coronav\u00edrus testadas. O n\u00famero de pacientes recuperados n\u00e3o foi atualizado pela Secretaria Estadual de Sa\u00fade, e permaneceu em 31.934.<\/p>\n\n\n\n<p>O estado do Rio contabiliza 4.605 mil mortes por coronav\u00edrus, com a divulga\u00e7\u00e3o de mais 244 \u00f3bitos no boletim de hoje. Apesar de terem sido acrescentadas no balan\u00e7o desta quarta-feira, essas mortes n\u00e3o necessariamente ocorreram nas \u00faltimas 24 horas, uma vez que os os resultados dos testes laboratoriais que confirmam a infec\u00e7\u00e3o muitas vezes ficam prontos dias ap\u00f3s o \u00f3bito.<br><br>A cidade do Rio de Janeiro chegou hoje a 24.750 casos confirmados de coronav\u00edrus, com quase 1,5 mil a mais que o n\u00famero divulgado ontem (26) pela Secretaria de Estado de Sa\u00fade. A capital superou o patamar de 3 mil mortes confirmadas, somando 3.115 v\u00edtimas da covid-19.<br><br>Duque de Caxias, na Baixada Fluminense, tem o segundo maior n\u00famero de mortes no estado: 217. A cidade da regi\u00e3o metropolitana tem 1.293 casos, n\u00famero inferior ao de Niter\u00f3i (1.692) e ao de Nova Igua\u00e7u (1.306), cidade que soma o terceiro maior n\u00famero de mortos, com 152 casos.<br><br>Segunda cidade em n\u00famero de casos de covid-19, Niter\u00f3i n\u00e3o confirmou nenhuma nova morte no balan\u00e7o de hoje e continua com 92 v\u00edtimas. S\u00e3o Gon\u00e7alo, que tem 118 v\u00edtimas, passou hoje de mil casos confirmados, com 1.026.<br><br>No litoral, Angra dos Reis tem o maior n\u00famero de casos confirmados, 652, e 28 mortes. Em seguida, v\u00eam Maca\u00e9, cm 626 confirma\u00e7\u00f5es e 24 mortes, e Campos dos Goytacazes, com 616 infec\u00e7\u00f5es confirmadas. Destas, 18 causaram \u00f3bitos.<\/p>\n\n\n\n<p class=\"has-background has-very-light-gray-background-color\">Quer saber as not\u00edcias do <strong>Aconteceu no Vale<\/strong> em primeira m\u00e3o? Siga-nos no Facebook <a rel=\"noreferrer noopener\" href=\"http:\/\/facebook.com\/aconteceunovale\" target=\"_blank\">@aconteceunovale<\/a>, Twitter <a rel=\"noreferrer noopener\" href=\"https:\/\/twitter.com\/noticiadosvales\" target=\"_blank\">@noticiadosvales<\/a> e Instagram <a rel=\"noreferrer noopener\" href=\"https:\/\/www.instagram.com\/aconteceunovale\" target=\"_blank\">@aconteceunovale<\/a>.<\/p>\n","protected":false},"excerpt":{"rendered":"<p>O Brasil passou dos 400 mil casos confirmados de Covid-19, de acordo com o balan\u00e7o di\u00e1rio divulgado pelo Minist\u00e9rio da Sa\u00fade. Foram inclu\u00eddas nas estat\u00edsticas 20.559 novas pessoas infectadas com o novo coronav\u00edrus, totalizando 411.821. O resultado marcou um acr\u00e9scimo de 5,1% em rela\u00e7\u00e3o a ontem (26), quando o n\u00famero de pessoas nesta condi\u00e7\u00e3o estava [&hellip;]<\/p>\n","protected":false},"author":1,"featured_media":163094,"comment_status":"open","ping_status":"closed","sticky":false,"template":"","format":"standard","meta":{"amp_status":"","footnotes":""},"categories":[6,28848,40242],"tags":[4785,220477,220660,219520,218049,218205,214884,215394,222507,216498,218043,1018,19326,220349,218044,218045,215653,218206,219105,219104,218876,219519,140166,217692,220478,220479,220944,220945],"class_list":["post-163089","post","type-post","status-publish","format-standard","has-post-thumbnail","hentry","category-br","category-mundo","category-saude-2","tag-brasil","tag-brasil-bate-recorde-de-obitos-e-casos-confirmados-em-um-dia","tag-brasil-ultrapassa-marca-de-4-mil-obitos-por-covid-19","tag-casos-confirmados-e-obitos-no-brasil","tag-casos-de-coronavirus-no-brasil","tag-casos-de-covid-19-no-brasil","tag-coronavirus","tag-coronavirus-no-brasil","tag-coronavirus-brasil-passa-dos-400-mil-casos-confirmados-e-25-mil-obitos","tag-covid-19","tag-covid-19-no-brasil","tag-destaque","tag-ministerio-da-saude","tag-ministerio-da-saude-atualiza-numeros-do-coronavirus-no-brasil","tag-mortes-por-coronavirus-no-brasil","tag-mortes-por-covid-19-no-brasil","tag-novo-coronavirus","tag-numero-de-casos-de-covid-19-confirmados-no-brasil","tag-numeros-da-covid-19-no-brasil","tag-numeros-do-coronavirus-no-brasil","tag-obitos-por-coronavirus-no-brasil","tag-obitos-por-covid-19-no-brasil","tag-pandemia","tag-pandemia-de-coronavirus","tag-recorde-de-obitos-por-coronavirus-no-brasil","tag-recorde-de-obitos-por-covid-19-no-brasil","tag-virus-vai-atingir-70-da-populacao","tag-virus-vai-atingir-70-da-populacao-diz-jair-bolsonaro"],"_links":{"self":[{"href":"https:\/\/aconteceunovale.com.br\/portal\/index.php?rest_route=\/wp\/v2\/posts\/163089","targetHints":{"allow":["GET"]}}],"collection":[{"href":"https:\/\/aconteceunovale.com.br\/portal\/index.php?rest_route=\/wp\/v2\/posts"}],"about":[{"href":"https:\/\/aconteceunovale.com.br\/portal\/index.php?rest_route=\/wp\/v2\/types\/post"}],"author":[{"embeddable":true,"href":"https:\/\/aconteceunovale.com.br\/portal\/index.php?rest_route=\/wp\/v2\/users\/1"}],"replies":[{"embeddable":true,"href":"https:\/\/aconteceunovale.com.br\/portal\/index.php?rest_route=%2Fwp%2Fv2%2Fcomments&post=163089"}],"version-history":[{"count":2,"href":"https:\/\/aconteceunovale.com.br\/portal\/index.php?rest_route=\/wp\/v2\/posts\/163089\/revisions"}],"predecessor-version":[{"id":163095,"href":"https:\/\/aconteceunovale.com.br\/portal\/index.php?rest_route=\/wp\/v2\/posts\/163089\/revisions\/163095"}],"wp:featuredmedia":[{"embeddable":true,"href":"https:\/\/aconteceunovale.com.br\/portal\/index.php?rest_route=\/wp\/v2\/media\/163094"}],"wp:attachment":[{"href":"https:\/\/aconteceunovale.com.br\/portal\/index.php?rest_route=%2Fwp%2Fv2%2Fmedia&parent=163089"}],"wp:term":[{"taxonomy":"category","embeddable":true,"href":"https:\/\/aconteceunovale.com.br\/portal\/index.php?rest_route=%2Fwp%2Fv2%2Fcategories&post=163089"},{"taxonomy":"post_tag","embeddable":true,"href":"https:\/\/aconteceunovale.com.br\/portal\/index.php?rest_route=%2Fwp%2Fv2%2Ftags&post=163089"}],"curies":[{"name":"wp","href":"https:\/\/api.w.org\/{rel}","templated":true}]}}