{"id":163086,"date":"2020-05-27T17:05:27","date_gmt":"2020-05-27T20:05:27","guid":{"rendered":"https:\/\/aconteceunovale.com.br\/portal\/?p=163086"},"modified":"2020-05-27T17:06:45","modified_gmt":"2020-05-27T20:06:45","slug":"brasil-perdeu-mais-de-860-mil-empregos-formais-em-abril","status":"publish","type":"post","link":"https:\/\/aconteceunovale.com.br\/portal\/?p=163086","title":{"rendered":"Brasil perdeu mais de 860 mil empregos formais em abril"},"content":{"rendered":"\n<p>As demiss\u00f5es superaram as contrata\u00e7\u00f5es com carteira assinada em 860.503 postos de trabalho, em abril. Foram 1.459.099 desligamentos e 598.596 contrata\u00e7\u00f5es. Os dados do Cadastro Geral de Empregados e Desempregados (Caged) foram divulgados hoje (27\/5\/2020). O saldo de abril foi o pior da s\u00e9rie hist\u00f3rica iniciada em 1992.<\/p>\n\n\n\n<p>Segundo o Minist\u00e9rio da Economia, os dados mostram que a queda no n\u00famero de contrata\u00e7\u00f5es contribuiu de forma expressiva para o saldo negativo de empregos formais.<\/p>\n\n\n\n<p>Enquanto as demiss\u00f5es tiveram um incremento de 17,2%, as admiss\u00f5es ca\u00edram 56,5% na compara\u00e7\u00e3o com abril de 2019. Em valores nominais, S\u00e3o Paulo teve o pior desempenho, com saldo negativo (mais demiss\u00f5es do que contrata\u00e7\u00f5es) de 260.902. O estado \u00e9 seguido por Minas Gerais com 88.298 demiss\u00f5es (descontadas as contrata\u00e7\u00f5es); Rio de Janeiro, 83.626, e Rio Grande do Sul, 74.686.<\/p>\n\n\n\n<p>O secret\u00e1rio Especial de Previd\u00eancia e Trabalho do Minist\u00e9rio da Economia, Bruno Bianco, disse que o resultado reflete os efeitos da pandemia da covid-19 na economia brasileira. \u201c\u00c9 um n\u00famero duro, que reflete a realidade de pandemia que vivemos, mas que traz algo positivo. Demostra que o Brasil est\u00e1 conseguindo preservar emprego e renda. No entanto, pelos mesmos motivos de pandemia, n\u00e3o estamos conseguindo manter a contrata\u00e7\u00e3o que mant\u00ednhamos outrora\u201d, disse, acrecentando que na compara\u00e7\u00e3o com outros pa\u00edses, o Brasil est\u00e1 em situa\u00e7\u00e3o melhor. \u201cOs Estados Unidos est\u00e3o com mais de 35 milh\u00f5es de pedidos de seguro desemprego e o Brasil est\u00e1 chegando ao n\u00famero de 860.500 desempregados. Isso demostra a efetividade das medidas conduzidas pelo governo\u201d.<\/p>\n\n\n\n<p>Em mar\u00e7o, m\u00eas de in\u00edcio das medidas de isolamento social devido \u00e0 pandemia da covid-19, o saldo de emprego formal ficou negativo de 207.401. Foram 1.316.655 admiss\u00f5es e 1.524.056 desligamentos.<\/p>\n\n\n\n<p>De janeiro a abril de 2020 foram 4.999.981 admiss\u00f5es e 5.763.213 demiss\u00f5es no pa\u00eds, com resultado negativo de 763.232. As admiss\u00f5es ca\u00edram 9,6% e as demiss\u00f5es subiram 10,5% no per\u00edodo, comparado ao primeiro quadrimestre de 2019.<\/p>\n\n\n\n<p>O sal\u00e1rio m\u00e9dio real de admiss\u00e3o no Brasil passou de R$ 1.496,92 em abril de 2019 para R$ 1.814,62 no m\u00eas passado.<\/p>\n\n\n\n<h2 class=\"wp-block-heading\">Manuten\u00e7\u00e3o de empregos<\/h2>\n\n\n\n<p>Desde 1\u00ba de abril, data da edi\u00e7\u00e3o pelo governo federal da\u00a0<a rel=\"noreferrer noopener\" href=\"http:\/\/www.planalto.gov.br\/ccivil_03\/_ato2019-2022\/2020\/mpv\/mpv936.htm\" target=\"_blank\">Medida Provis\u00f3ria 936\/2020<\/a>, que criou o Programa Emergencial de Preserva\u00e7\u00e3o do Emprego e da Renda, foram preservados mais de 8,1 milh\u00f5es de empregos no pa\u00eds, informou o Minist\u00e9rio da Economia. O programa prev\u00ea que os trabalhadores que tiverem jornada reduzida ou contrato suspenso e ainda aux\u00edlio emergencial para trabalhadores intermitentes com contrato de trabalho formalizado receber\u00e3o o\u00a0<a href=\"http:\/\/servicos.mte.gov.br\/bem\/\" target=\"_blank\" rel=\"noreferrer noopener\">Benef\u00edcio Emergencial de Preserva\u00e7\u00e3o da Renda e do Emprego (BEm)<\/a>.<\/p>\n\n\n\n<h2 class=\"wp-block-heading\">Mudan\u00e7as<\/h2>\n\n\n\n<p>\u00c9 a primeira divulga\u00e7\u00e3o do Caged ap\u00f3s o preenchimento de informa\u00e7\u00f5es da base de dados passar para o Sistema de Escritura\u00e7\u00e3o Fiscal Digital das Obriga\u00e7\u00f5es Fiscais Previdenci\u00e1rias e Trabalhistas (eSocial). Com a mudan\u00e7a, o cumprimento de 13 obriga\u00e7\u00f5es fiscais, previdenci\u00e1rias e trabalhistas fica centralizado em um s\u00f3 sistema.<\/p>\n\n\n\n<p>Uma inova\u00e7\u00e3o do Caged \u00e9 o agrupamento de setores da economia. At\u00e9 dezembro passado, eram oito: com\u00e9rcio, servi\u00e7os industriais de utilidade P\u00fablica (SIUP), extrativa mineral, administra\u00e7\u00e3o p\u00fablica, agropecu\u00e1ria, constru\u00e7\u00e3o civil, ind\u00fastria de transforma\u00e7\u00e3o e servi\u00e7os.<\/p>\n\n\n\n<p>Com a reformula\u00e7\u00e3o do Caged, os dados estar\u00e3o na mesma divis\u00e3o feita pelo Instituto Brasileiro de Geografia e Estat\u00edstica (IBGE). S\u00e3o eles: com\u00e9rcio, servi\u00e7os, ind\u00fastria geral, constru\u00e7\u00e3o civil e agricultura. No intervalo de janeiro a abril de 2020, a agricultura teve saldo positivo de 10.032 empregos, resultado de 275.464 contrata\u00e7\u00f5es e 265.432 demiss\u00f5es. O resultado da constru\u00e7\u00e3o civil ficou negativo em 21.837. Com\u00e9rcio teve saldo negativo de 342.748, servi\u00e7os resultado negativo de 280.716 e ind\u00fastria tamb\u00e9m negativo, em 127.886.<\/p>\n\n\n\n<h2 class=\"wp-block-heading\">Trabalho intermitente<\/h2>\n\n\n\n<p>A modalidade de trabalho intermitente teve, no per\u00edodo de janeiro a abril, 49.228 admiss\u00f5es e 35.105 demiss\u00f5es em 2020, o que resultou em saldo positivo 14.123. J\u00e1 o regime de trabalho parcial registrou 71.044 contrata\u00e7\u00f5es e 63.334 desligamentos, com resultado de positivo de 7.710 postos de trabalho com carteira assinada.<\/p>\n\n\n\n<p>Somente no m\u00eas de abril, o trabalho intermitente chegou ao saldo negativo de 2.375, com 7.291 admiss\u00f5es e 9.666 demiss\u00f5es. No mesmo per\u00edodo, houve 4.881 contrata\u00e7\u00f5es e 14.029 desligamentos na modalidade de trabalho parcial, com saldo negativo de 9.148.<\/p>\n\n\n\n<h2 class=\"wp-block-heading\">Calend\u00e1rio<\/h2>\n\n\n\n<p>Ap\u00f3s a primeira divulga\u00e7\u00e3o do Novo Caged, o minist\u00e9rio definiu um calend\u00e1rio para os pr\u00f3ximos dados do emprego formal no pa\u00eds: as informa\u00e7\u00f5es de maio ser\u00e3o divulgadas no dia 29 de junho; em julho ser\u00e3o divulgados os dados de junho e assim por diante.<\/p>\n\n\n\n<p class=\"has-background has-very-light-gray-background-color\">Quer saber as not\u00edcias do <strong>Aconteceu no Vale<\/strong> em primeira m\u00e3o? Siga-nos no Facebook <a rel=\"noreferrer noopener\" href=\"http:\/\/facebook.com\/aconteceunovale\" target=\"_blank\">@aconteceunovale<\/a>, Twitter <a rel=\"noreferrer noopener\" href=\"https:\/\/twitter.com\/noticiadosvales\" target=\"_blank\">@noticiadosvales<\/a> e Instagram <a rel=\"noreferrer noopener\" href=\"https:\/\/www.instagram.com\/aconteceunovale\" target=\"_blank\">@aconteceunovale<\/a>.<\/p>\n","protected":false},"excerpt":{"rendered":"<p>As demiss\u00f5es superaram as contrata\u00e7\u00f5es com carteira assinada em 860.503 postos de trabalho, em abril. Foram 1.459.099 desligamentos e 598.596 contrata\u00e7\u00f5es. Os dados do Cadastro Geral de Empregados e Desempregados (Caged) foram divulgados hoje (27\/5\/2020). O saldo de abril foi o pior da s\u00e9rie hist\u00f3rica iniciada em 1992. Segundo o Minist\u00e9rio da Economia, os dados [&hellip;]<\/p>\n","protected":false},"author":1,"featured_media":153080,"comment_status":"open","ping_status":"closed","sticky":false,"template":"","format":"standard","meta":{"amp_status":"","footnotes":""},"categories":[6,40236],"tags":[4785,222504,19007,222506,37085,222505,89407,53907,184661,56052],"class_list":["post-163086","post","type-post","status-publish","format-standard","has-post-thumbnail","hentry","category-br","category-empregos-2","tag-brasil","tag-brasil-perdeu-mais-de-860-mil-empregos-formais-em-abril","tag-caged","tag-caged-de-abril","tag-crise-economica-no-brasil","tag-dados-do-caged-de-abril","tag-desempregados-no-brasil","tag-desemprego-no-brasil","tag-ministerio-da-economia","tag-perda-de-empregos-no-brasil"],"_links":{"self":[{"href":"https:\/\/aconteceunovale.com.br\/portal\/index.php?rest_route=\/wp\/v2\/posts\/163086","targetHints":{"allow":["GET"]}}],"collection":[{"href":"https:\/\/aconteceunovale.com.br\/portal\/index.php?rest_route=\/wp\/v2\/posts"}],"about":[{"href":"https:\/\/aconteceunovale.com.br\/portal\/index.php?rest_route=\/wp\/v2\/types\/post"}],"author":[{"embeddable":true,"href":"https:\/\/aconteceunovale.com.br\/portal\/index.php?rest_route=\/wp\/v2\/users\/1"}],"replies":[{"embeddable":true,"href":"https:\/\/aconteceunovale.com.br\/portal\/index.php?rest_route=%2Fwp%2Fv2%2Fcomments&post=163086"}],"version-history":[{"count":1,"href":"https:\/\/aconteceunovale.com.br\/portal\/index.php?rest_route=\/wp\/v2\/posts\/163086\/revisions"}],"predecessor-version":[{"id":163087,"href":"https:\/\/aconteceunovale.com.br\/portal\/index.php?rest_route=\/wp\/v2\/posts\/163086\/revisions\/163087"}],"wp:featuredmedia":[{"embeddable":true,"href":"https:\/\/aconteceunovale.com.br\/portal\/index.php?rest_route=\/wp\/v2\/media\/153080"}],"wp:attachment":[{"href":"https:\/\/aconteceunovale.com.br\/portal\/index.php?rest_route=%2Fwp%2Fv2%2Fmedia&parent=163086"}],"wp:term":[{"taxonomy":"category","embeddable":true,"href":"https:\/\/aconteceunovale.com.br\/portal\/index.php?rest_route=%2Fwp%2Fv2%2Fcategories&post=163086"},{"taxonomy":"post_tag","embeddable":true,"href":"https:\/\/aconteceunovale.com.br\/portal\/index.php?rest_route=%2Fwp%2Fv2%2Ftags&post=163086"}],"curies":[{"name":"wp","href":"https:\/\/api.w.org\/{rel}","templated":true}]}}