{"id":163076,"date":"2020-05-27T13:20:10","date_gmt":"2020-05-27T16:20:10","guid":{"rendered":"https:\/\/aconteceunovale.com.br\/portal\/?p=163076"},"modified":"2020-05-27T13:21:09","modified_gmt":"2020-05-27T16:21:09","slug":"timoteo-registra-primeiro-obito-por-covid-19","status":"publish","type":"post","link":"https:\/\/aconteceunovale.com.br\/portal\/?p=163076","title":{"rendered":"Tim\u00f3teo registra primeiro \u00f3bito por Covid-19"},"content":{"rendered":"\n<p>A Prefeitura de Tim\u00f3teo (MG) confirmou nesta quarta-feira (27\/5\/2020) a primeira morte de um morador do munic\u00edpio em decorr\u00eancia da Covid-19. A v\u00edtima era um homem de 58 anos, que estava internado na UTI do Hospital M\u00e1rcio Cunha (Ipatinga), e morreu no final da noite dessa ter\u00e7a-feira (26).<\/p>\n\n\n\n<p>O Executivo informou ainda que o paciente era morador da Regional Sudoeste e possu\u00eda insufici\u00eancia renal cr\u00f4nica.<\/p>\n\n\n\n<p>O corpo foi sepultado na manh\u00e3 desta quarta-feira no cemit\u00e9rio Jardim da Saudade, no bairro Santa Maria.<\/p>\n\n\n\n<p><strong>Coronav\u00edrus em Tim\u00f3teo<\/strong><\/p>\n\n\n\n<p>De acordo com a administra\u00e7\u00e3o municipal, de sexta-feira (22) para ter\u00e7a-feira (26) foram 10 casos positivos, de pessoas com idades que variam entre 52 e 76 anos. Do total de 29 pacientes infectados com o v\u00edrus, um veio a \u00f3bito, 14 est\u00e3o em isolamento domiciliar e 14 se recuperaram..<\/p>\n\n\n\n<p class=\"has-background has-very-light-gray-background-color\">Quer saber as not\u00edcias do <strong>Aconteceu no Vale<\/strong> em primeira m\u00e3o? Siga-nos no Facebook <a rel=\"noreferrer noopener\" href=\"http:\/\/facebook.com\/aconteceunovale\" target=\"_blank\">@aconteceunovale<\/a>, Twitter <a rel=\"noreferrer noopener\" href=\"https:\/\/twitter.com\/noticiadosvales\" target=\"_blank\">@noticiadosvales<\/a> e Instagram <a rel=\"noreferrer noopener\" href=\"https:\/\/www.instagram.com\/aconteceunovale\" target=\"_blank\">@aconteceunovale<\/a>.<\/p>\n","protected":false},"excerpt":{"rendered":"<p>A Prefeitura de Tim\u00f3teo (MG) confirmou nesta quarta-feira (27\/5\/2020) a primeira morte de um morador do munic\u00edpio em decorr\u00eancia da Covid-19. A v\u00edtima era um homem de 58 anos, que estava internado na UTI do Hospital M\u00e1rcio Cunha (Ipatinga), e morreu no final da noite dessa ter\u00e7a-feira (26). O Executivo informou ainda que o paciente [&hellip;]<\/p>\n","protected":false},"author":1,"featured_media":163043,"comment_status":"open","ping_status":"closed","sticky":false,"template":"","format":"standard","meta":{"amp_status":"","footnotes":""},"categories":[121,40242],"tags":[222388,218108,222390,1018,45751,222463,1105,222389,222501],"class_list":["post-163076","post","type-post","status-publish","format-standard","has-post-thumbnail","hentry","category-leste","category-saude-2","tag-casos-de-coronavirus-em-timoteo","tag-coronavirus-em-timoteo","tag-covid-19-em-timoteo","tag-destaque","tag-prefeitura-de-timoteo","tag-sobe-para-29-o-numero-de-casos-confirmados-de-covid-19-em-timoteo","tag-timoteo","tag-timoteo-registra-cinco-novos-casos-de-covid-19","tag-timoteo-registra-primeiro-obito-por-covid-19"],"_links":{"self":[{"href":"https:\/\/aconteceunovale.com.br\/portal\/index.php?rest_route=\/wp\/v2\/posts\/163076","targetHints":{"allow":["GET"]}}],"collection":[{"href":"https:\/\/aconteceunovale.com.br\/portal\/index.php?rest_route=\/wp\/v2\/posts"}],"about":[{"href":"https:\/\/aconteceunovale.com.br\/portal\/index.php?rest_route=\/wp\/v2\/types\/post"}],"author":[{"embeddable":true,"href":"https:\/\/aconteceunovale.com.br\/portal\/index.php?rest_route=\/wp\/v2\/users\/1"}],"replies":[{"embeddable":true,"href":"https:\/\/aconteceunovale.com.br\/portal\/index.php?rest_route=%2Fwp%2Fv2%2Fcomments&post=163076"}],"version-history":[{"count":1,"href":"https:\/\/aconteceunovale.com.br\/portal\/index.php?rest_route=\/wp\/v2\/posts\/163076\/revisions"}],"predecessor-version":[{"id":163077,"href":"https:\/\/aconteceunovale.com.br\/portal\/index.php?rest_route=\/wp\/v2\/posts\/163076\/revisions\/163077"}],"wp:featuredmedia":[{"embeddable":true,"href":"https:\/\/aconteceunovale.com.br\/portal\/index.php?rest_route=\/wp\/v2\/media\/163043"}],"wp:attachment":[{"href":"https:\/\/aconteceunovale.com.br\/portal\/index.php?rest_route=%2Fwp%2Fv2%2Fmedia&parent=163076"}],"wp:term":[{"taxonomy":"category","embeddable":true,"href":"https:\/\/aconteceunovale.com.br\/portal\/index.php?rest_route=%2Fwp%2Fv2%2Fcategories&post=163076"},{"taxonomy":"post_tag","embeddable":true,"href":"https:\/\/aconteceunovale.com.br\/portal\/index.php?rest_route=%2Fwp%2Fv2%2Ftags&post=163076"}],"curies":[{"name":"wp","href":"https:\/\/api.w.org\/{rel}","templated":true}]}}