{"id":163073,"date":"2020-05-27T13:05:23","date_gmt":"2020-05-27T16:05:23","guid":{"rendered":"https:\/\/aconteceunovale.com.br\/portal\/?p=163073"},"modified":"2020-05-27T13:06:28","modified_gmt":"2020-05-27T16:06:28","slug":"ipatinga-registra-madrugada-mais-fria-do-ano","status":"publish","type":"post","link":"https:\/\/aconteceunovale.com.br\/portal\/?p=163073","title":{"rendered":"Ipatinga registra madrugada mais fria do ano"},"content":{"rendered":"\n<p>Ipatinga registrou nesta quarta-feira (27\/5\/2020) a madrugada mais fria do ano, segundo o site de meteorologia Climatempo. A temperatura chegou aos 11,5\u00b0, com a sensa\u00e7\u00e3o t\u00e9rmica de 9\u00b0.<\/p>\n\n\n\n<p>A m\u00e1xima esperada para hoje \u00e9 de 24\u00b0. \u201cA frente fria que chegou hoje em Minas Gerais \u00e9 a respons\u00e1vel pelas \u00faltimas chuvas na regi\u00e3o do Vale do A\u00e7o. Haver\u00e1 ainda muita nebulosidade, mas sem chuvas, explica o professor Ruibram dos Reis.<\/p>\n\n\n\n<p>As temperaturas ir\u00e3o continuar baixas at\u00e9 o fim de semana, devido a presen\u00e7a da massa de ar polar. Ainda conforme o meteorologista, a queda na temperatura \u00e9 comum, pois h\u00e1 uma transi\u00e7\u00e3o de esta\u00e7\u00f5es entre o ver\u00e3o e o inverno. Por isso, maio tem dias muito frios e muito quentes.<\/p>\n\n\n\n<p class=\"has-background has-very-light-gray-background-color\">Quer saber as not\u00edcias do <strong>Aconteceu no Vale<\/strong> em primeira m\u00e3o? Siga-nos no Facebook <a rel=\"noreferrer noopener\" href=\"http:\/\/facebook.com\/aconteceunovale\" target=\"_blank\">@aconteceunovale<\/a>, Twitter <a rel=\"noreferrer noopener\" href=\"https:\/\/twitter.com\/noticiadosvales\" target=\"_blank\">@noticiadosvales<\/a> e Instagram <a rel=\"noreferrer noopener\" href=\"https:\/\/www.instagram.com\/aconteceunovale\" target=\"_blank\">@aconteceunovale<\/a>.<\/p>\n","protected":false},"excerpt":{"rendered":"<p>Ipatinga registrou nesta quarta-feira (27\/5\/2020) a madrugada mais fria do ano, segundo o site de meteorologia Climatempo. A temperatura chegou aos 11,5\u00b0, com a sensa\u00e7\u00e3o t\u00e9rmica de 9\u00b0. A m\u00e1xima esperada para hoje \u00e9 de 24\u00b0. \u201cA frente fria que chegou hoje em Minas Gerais \u00e9 a respons\u00e1vel pelas \u00faltimas chuvas na regi\u00e3o do Vale [&hellip;]<\/p>\n","protected":false},"author":1,"featured_media":163074,"comment_status":"open","ping_status":"closed","sticky":false,"template":"","format":"standard","meta":{"amp_status":"","footnotes":""},"categories":[121],"tags":[222497,201,222494,222499,222495,222498,222496,222500],"class_list":["post-163073","post","type-post","status-publish","format-standard","has-post-thumbnail","hentry","category-leste","tag-frio-em-ipatinga","tag-ipatinga","tag-ipatinga-registra-madrugada-mais-fria-do-ano","tag-madrugada-mais-fria-do-ano-em-ipatinga","tag-meteorologista-ruibram-dos-reis","tag-previsao-do-tempo-em-ipatinga","tag-ruibram-dos-reis","tag-tempo-em-ipatinga"],"_links":{"self":[{"href":"https:\/\/aconteceunovale.com.br\/portal\/index.php?rest_route=\/wp\/v2\/posts\/163073","targetHints":{"allow":["GET"]}}],"collection":[{"href":"https:\/\/aconteceunovale.com.br\/portal\/index.php?rest_route=\/wp\/v2\/posts"}],"about":[{"href":"https:\/\/aconteceunovale.com.br\/portal\/index.php?rest_route=\/wp\/v2\/types\/post"}],"author":[{"embeddable":true,"href":"https:\/\/aconteceunovale.com.br\/portal\/index.php?rest_route=\/wp\/v2\/users\/1"}],"replies":[{"embeddable":true,"href":"https:\/\/aconteceunovale.com.br\/portal\/index.php?rest_route=%2Fwp%2Fv2%2Fcomments&post=163073"}],"version-history":[{"count":1,"href":"https:\/\/aconteceunovale.com.br\/portal\/index.php?rest_route=\/wp\/v2\/posts\/163073\/revisions"}],"predecessor-version":[{"id":163075,"href":"https:\/\/aconteceunovale.com.br\/portal\/index.php?rest_route=\/wp\/v2\/posts\/163073\/revisions\/163075"}],"wp:featuredmedia":[{"embeddable":true,"href":"https:\/\/aconteceunovale.com.br\/portal\/index.php?rest_route=\/wp\/v2\/media\/163074"}],"wp:attachment":[{"href":"https:\/\/aconteceunovale.com.br\/portal\/index.php?rest_route=%2Fwp%2Fv2%2Fmedia&parent=163073"}],"wp:term":[{"taxonomy":"category","embeddable":true,"href":"https:\/\/aconteceunovale.com.br\/portal\/index.php?rest_route=%2Fwp%2Fv2%2Fcategories&post=163073"},{"taxonomy":"post_tag","embeddable":true,"href":"https:\/\/aconteceunovale.com.br\/portal\/index.php?rest_route=%2Fwp%2Fv2%2Ftags&post=163073"}],"curies":[{"name":"wp","href":"https:\/\/api.w.org\/{rel}","templated":true}]}}