{"id":163070,"date":"2020-05-27T11:37:36","date_gmt":"2020-05-27T14:37:36","guid":{"rendered":"https:\/\/aconteceunovale.com.br\/portal\/?p=163070"},"modified":"2020-05-27T11:38:14","modified_gmt":"2020-05-27T14:38:14","slug":"prf-apreende-23-mil-litros-de-cerveja-em-teofilo-otoni","status":"publish","type":"post","link":"https:\/\/aconteceunovale.com.br\/portal\/?p=163070","title":{"rendered":"PRF apreende 23 mil litros de cerveja em Te\u00f3filo Otoni"},"content":{"rendered":"\n<p>Uma carga de cerveja avaliada em R$ 146 mil foi apreendida em Te\u00f3filo Otoni, no Vale do Mucuri, nessa ter\u00e7a-feira (26\/5\/2020). Segundo informa\u00e7\u00f5es da Pol\u00edcia Rodovi\u00e1ria Federal (PRF), a carreta utilizada no transporte, licenciada em Rio das Ostras\/RJ, foi abordada durante uma fiscaliza\u00e7\u00e3o realizada na BR-116.<\/p>\n\n\n\n<p><em>\u201cOs agentes ao verificarem a documenta\u00e7\u00e3o da carga transportada, constataram diverg\u00eancias nos dados declarados, sendo um deles o endere\u00e7o f\u00edsico da empresa, estando em funcionamento no espa\u00e7o citado, um com\u00e9rcio varejista com outro cadastro junto a Secretaria Estadual de Fazenda do Estado de Sergipe\u201d<\/em>, informou a PRF.<\/p>\n\n\n\n<p>O carregamento com 23 mil de cerveja, de uma marca renomada no mercado, que teria como destino o estado do Rio de Janeiro, encontra-se recolhido no p\u00e1tio da PRF, aguardando a devida regulariza\u00e7\u00e3o junto a Secretaria Estadual de Fazenda de Minas Gerais.<\/p>\n\n\n\n<p>O motorista, morador do Esp\u00edrito Santo, foi apresentado \u00e0 fiscaliza\u00e7\u00e3o da SEF\/MG para os devidos procedimentos legais.<\/p>\n\n\n\n<figure class=\"wp-block-gallery columns-1 is-cropped wp-block-gallery-1 is-layout-flex wp-block-gallery-is-layout-flex\"><ul class=\"blocks-gallery-grid\"><li class=\"blocks-gallery-item\"><figure><img loading=\"lazy\" decoding=\"async\" width=\"642\" height=\"450\" src=\"https:\/\/aconteceunovale.com.br\/portal\/wp-content\/uploads\/2020\/05\/apreensao_teo_cerveja.jpg\" alt=\"\" data-id=\"163071\" class=\"wp-image-163071\" srcset=\"https:\/\/aconteceunovale.com.br\/portal\/wp-content\/uploads\/2020\/05\/apreensao_teo_cerveja.jpg 642w, https:\/\/aconteceunovale.com.br\/portal\/wp-content\/uploads\/2020\/05\/apreensao_teo_cerveja-300x210.jpg 300w, https:\/\/aconteceunovale.com.br\/portal\/wp-content\/uploads\/2020\/05\/apreensao_teo_cerveja-100x70.jpg 100w, https:\/\/aconteceunovale.com.br\/portal\/wp-content\/uploads\/2020\/05\/apreensao_teo_cerveja-599x420.jpg 599w\" sizes=\"auto, (max-width: 642px) 100vw, 642px\" \/><figcaption class=\"blocks-gallery-item__caption\"><em>Foto: Divulga\u00e7\u00e3o \/ PRF<\/em><\/figcaption><\/figure><\/li><\/ul><\/figure>\n\n\n\n<p class=\"has-background has-very-light-gray-background-color\">Quer saber as not\u00edcias do <strong>Aconteceu no Vale<\/strong> em primeira m\u00e3o? Siga-nos no Facebook <a rel=\"noreferrer noopener\" href=\"http:\/\/facebook.com\/aconteceunovale\" target=\"_blank\">@aconteceunovale<\/a>, Twitter <a rel=\"noreferrer noopener\" href=\"https:\/\/twitter.com\/noticiadosvales\" target=\"_blank\">@noticiadosvales<\/a> e Instagram <a rel=\"noreferrer noopener\" href=\"https:\/\/www.instagram.com\/aconteceunovale\" target=\"_blank\">@aconteceunovale<\/a>.<\/p>\n","protected":false},"excerpt":{"rendered":"<p>Uma carga de cerveja avaliada em R$ 146 mil foi apreendida em Te\u00f3filo Otoni, no Vale do Mucuri, nessa ter\u00e7a-feira (26\/5\/2020). Segundo informa\u00e7\u00f5es da Pol\u00edcia Rodovi\u00e1ria Federal (PRF), a carreta utilizada no transporte, licenciada em Rio das Ostras\/RJ, foi abordada durante uma fiscaliza\u00e7\u00e3o realizada na BR-116. \u201cOs agentes ao verificarem a documenta\u00e7\u00e3o da carga transportada, [&hellip;]<\/p>\n","protected":false},"author":1,"featured_media":163071,"comment_status":"open","ping_status":"closed","sticky":false,"template":"","format":"standard","meta":{"amp_status":"","footnotes":""},"categories":[122],"tags":[180899,175964,182,175963,222493,187349,222492,164],"class_list":["post-163070","post","type-post","status-publish","format-standard","has-post-thumbnail","hentry","category-mucuri","tag-apreensao-de-carga-de-cerveja-em-teofilo-otoni","tag-apreensao-de-cerveja-em-teofilo-otoni","tag-br-116","tag-carga-de-cerveja-apreendida-em-teofilo-otoni","tag-prf-apreende-23-mil-litros-de-cerveja-em-teofilo-otoni","tag-prf-em-teofilo-otoni","tag-rio-das-ostras","tag-teofilo-otoni"],"_links":{"self":[{"href":"https:\/\/aconteceunovale.com.br\/portal\/index.php?rest_route=\/wp\/v2\/posts\/163070","targetHints":{"allow":["GET"]}}],"collection":[{"href":"https:\/\/aconteceunovale.com.br\/portal\/index.php?rest_route=\/wp\/v2\/posts"}],"about":[{"href":"https:\/\/aconteceunovale.com.br\/portal\/index.php?rest_route=\/wp\/v2\/types\/post"}],"author":[{"embeddable":true,"href":"https:\/\/aconteceunovale.com.br\/portal\/index.php?rest_route=\/wp\/v2\/users\/1"}],"replies":[{"embeddable":true,"href":"https:\/\/aconteceunovale.com.br\/portal\/index.php?rest_route=%2Fwp%2Fv2%2Fcomments&post=163070"}],"version-history":[{"count":1,"href":"https:\/\/aconteceunovale.com.br\/portal\/index.php?rest_route=\/wp\/v2\/posts\/163070\/revisions"}],"predecessor-version":[{"id":163072,"href":"https:\/\/aconteceunovale.com.br\/portal\/index.php?rest_route=\/wp\/v2\/posts\/163070\/revisions\/163072"}],"wp:featuredmedia":[{"embeddable":true,"href":"https:\/\/aconteceunovale.com.br\/portal\/index.php?rest_route=\/wp\/v2\/media\/163071"}],"wp:attachment":[{"href":"https:\/\/aconteceunovale.com.br\/portal\/index.php?rest_route=%2Fwp%2Fv2%2Fmedia&parent=163070"}],"wp:term":[{"taxonomy":"category","embeddable":true,"href":"https:\/\/aconteceunovale.com.br\/portal\/index.php?rest_route=%2Fwp%2Fv2%2Fcategories&post=163070"},{"taxonomy":"post_tag","embeddable":true,"href":"https:\/\/aconteceunovale.com.br\/portal\/index.php?rest_route=%2Fwp%2Fv2%2Ftags&post=163070"}],"curies":[{"name":"wp","href":"https:\/\/api.w.org\/{rel}","templated":true}]}}