{"id":163068,"date":"2020-05-27T11:20:52","date_gmt":"2020-05-27T14:20:52","guid":{"rendered":"https:\/\/aconteceunovale.com.br\/portal\/?p=163068"},"modified":"2020-05-27T11:22:08","modified_gmt":"2020-05-27T14:22:08","slug":"homem-e-esfaqueado-em-coronel-fabriciano","status":"publish","type":"post","link":"https:\/\/aconteceunovale.com.br\/portal\/?p=163068","title":{"rendered":"Homem \u00e9 esfaqueado em Coronel Fabriciano"},"content":{"rendered":"\n<p>Um homem de 45 anos foi esfaqueado em Coronel Fabriciano, no Vale do A\u00e7o, na madrugada desta quarta-feira (27\/5\/2020). A motiva\u00e7\u00e3o do crime ainda n\u00e3o foi esclarecida.<\/p>\n\n\n\n<p>Testemunhas informaram \u00e0 Pol\u00edcia Militar que o homem foi atingido na porta da casa dele, no Bairro Amaro Lanari, ap\u00f3s uma discuss\u00e3o com dois jovens. Disseram ainda que na noite de ter\u00e7a-feira (26), eles tamb\u00e9m teriam discutido e a v\u00edtima chegou a ter casa apedrejada.<\/p>\n\n\n\n<p>Os suspeitos, de 18 anos, foram localizados e presos. De acordo com a PM, eles confessaram ter brigado com o homem anteriormente, mas negaram a tentativa de homic\u00eddio.<\/p>\n\n\n\n<p>O caso ser\u00e1 investigado pela Pol\u00edcia Civil.<\/p>\n\n\n\n<p class=\"has-background has-very-light-gray-background-color\">Quer saber as not\u00edcias do <strong>Aconteceu no Vale<\/strong> em primeira m\u00e3o? Siga-nos no Facebook <a rel=\"noreferrer noopener\" href=\"http:\/\/facebook.com\/aconteceunovale\" target=\"_blank\">@aconteceunovale<\/a>, Twitter <a rel=\"noreferrer noopener\" href=\"https:\/\/twitter.com\/noticiadosvales\" target=\"_blank\">@noticiadosvales<\/a> e Instagram <a rel=\"noreferrer noopener\" href=\"https:\/\/www.instagram.com\/aconteceunovale\" target=\"_blank\">@aconteceunovale<\/a>.<\/p>\n","protected":false},"excerpt":{"rendered":"<p>Um homem de 45 anos foi esfaqueado em Coronel Fabriciano, no Vale do A\u00e7o, na madrugada desta quarta-feira (27\/5\/2020). A motiva\u00e7\u00e3o do crime ainda n\u00e3o foi esclarecida. Testemunhas informaram \u00e0 Pol\u00edcia Militar que o homem foi atingido na porta da casa dele, no Bairro Amaro Lanari, ap\u00f3s uma discuss\u00e3o com dois jovens. Disseram ainda que [&hellip;]<\/p>\n","protected":false},"author":1,"featured_media":151866,"comment_status":"open","ping_status":"closed","sticky":false,"template":"","format":"standard","meta":{"amp_status":"","footnotes":""},"categories":[121],"tags":[1524,222489,222490,222491,129481],"class_list":["post-163068","post","type-post","status-publish","format-standard","has-post-thumbnail","hentry","category-leste","tag-coronel-fabriciano","tag-esfaqueado-em-coronel-fabriciano","tag-esfaqueado-no-bairro-amaro-lanari-em-coronel-fabriciano","tag-homem-e-esfaqueado-em-coronel-fabriciano","tag-tentativa-de-homicidio-em-coronel-fabriciano"],"_links":{"self":[{"href":"https:\/\/aconteceunovale.com.br\/portal\/index.php?rest_route=\/wp\/v2\/posts\/163068","targetHints":{"allow":["GET"]}}],"collection":[{"href":"https:\/\/aconteceunovale.com.br\/portal\/index.php?rest_route=\/wp\/v2\/posts"}],"about":[{"href":"https:\/\/aconteceunovale.com.br\/portal\/index.php?rest_route=\/wp\/v2\/types\/post"}],"author":[{"embeddable":true,"href":"https:\/\/aconteceunovale.com.br\/portal\/index.php?rest_route=\/wp\/v2\/users\/1"}],"replies":[{"embeddable":true,"href":"https:\/\/aconteceunovale.com.br\/portal\/index.php?rest_route=%2Fwp%2Fv2%2Fcomments&post=163068"}],"version-history":[{"count":1,"href":"https:\/\/aconteceunovale.com.br\/portal\/index.php?rest_route=\/wp\/v2\/posts\/163068\/revisions"}],"predecessor-version":[{"id":163069,"href":"https:\/\/aconteceunovale.com.br\/portal\/index.php?rest_route=\/wp\/v2\/posts\/163068\/revisions\/163069"}],"wp:featuredmedia":[{"embeddable":true,"href":"https:\/\/aconteceunovale.com.br\/portal\/index.php?rest_route=\/wp\/v2\/media\/151866"}],"wp:attachment":[{"href":"https:\/\/aconteceunovale.com.br\/portal\/index.php?rest_route=%2Fwp%2Fv2%2Fmedia&parent=163068"}],"wp:term":[{"taxonomy":"category","embeddable":true,"href":"https:\/\/aconteceunovale.com.br\/portal\/index.php?rest_route=%2Fwp%2Fv2%2Fcategories&post=163068"},{"taxonomy":"post_tag","embeddable":true,"href":"https:\/\/aconteceunovale.com.br\/portal\/index.php?rest_route=%2Fwp%2Fv2%2Ftags&post=163068"}],"curies":[{"name":"wp","href":"https:\/\/api.w.org\/{rel}","templated":true}]}}