{"id":163065,"date":"2020-05-27T11:09:43","date_gmt":"2020-05-27T14:09:43","guid":{"rendered":"https:\/\/aconteceunovale.com.br\/portal\/?p=163065"},"modified":"2020-05-27T11:11:07","modified_gmt":"2020-05-27T14:11:07","slug":"homem-e-preso-com-drogas-em-mantena","status":"publish","type":"post","link":"https:\/\/aconteceunovale.com.br\/portal\/?p=163065","title":{"rendered":"Homem \u00e9 preso com drogas em Mantena"},"content":{"rendered":"\n<p>Um homem foi preso por tr\u00e1fico de drogas em Mantena, no Leste de Minas, nessa ter\u00e7a-feira (26\/5\/2020). A Pol\u00edcia Militar fazia buscas ap\u00f3s furto a dois estabelecimentos comerciais, no Centro da cidade, quando ele foi abordado.<\/p>\n\n\n\n<p>Com o aux\u00edlio de c\u00e2meras de seguran\u00e7a, os autores dos furtos foram identificados e a PM recebeu informa\u00e7\u00f5es de que eles estavam escondidos em uma casa no bairro Pires de Albuquerque.<\/p>\n\n\n\n<p>Na resid\u00eancia, os militares identificaram forte odor de maconha. Foram feitas buscas na casa e a pol\u00edcia localizou e apreendeu por\u00e7\u00f5es de maconha, crack e coca\u00edna<\/p>\n\n\n\n<p>Tamb\u00e9m foi apreendida uma folha de cheque no valor de R$ 1.287 e R$ 768 em dinheiro, al\u00e9m de um telefone celular.<\/p>\n\n\n\n<p>O dono da casa foi preso em flagrante e encaminhado para a Delegacia Civil junto aos materiais apreendidos. A pol\u00edcia continua as buscas pelos autores dos furtos na cidade.<\/p>\n\n\n\n<figure class=\"wp-block-gallery columns-1 is-cropped wp-block-gallery-1 is-layout-flex wp-block-gallery-is-layout-flex\"><ul class=\"blocks-gallery-grid\"><li class=\"blocks-gallery-item\"><figure><img loading=\"lazy\" decoding=\"async\" width=\"639\" height=\"450\" src=\"https:\/\/aconteceunovale.com.br\/portal\/wp-content\/uploads\/2020\/05\/trafico_mantena.jpg\" alt=\"\" data-id=\"163066\" class=\"wp-image-163066\" srcset=\"https:\/\/aconteceunovale.com.br\/portal\/wp-content\/uploads\/2020\/05\/trafico_mantena.jpg 639w, https:\/\/aconteceunovale.com.br\/portal\/wp-content\/uploads\/2020\/05\/trafico_mantena-300x211.jpg 300w, https:\/\/aconteceunovale.com.br\/portal\/wp-content\/uploads\/2020\/05\/trafico_mantena-100x70.jpg 100w, https:\/\/aconteceunovale.com.br\/portal\/wp-content\/uploads\/2020\/05\/trafico_mantena-596x420.jpg 596w\" sizes=\"auto, (max-width: 639px) 100vw, 639px\" \/><figcaption class=\"blocks-gallery-item__caption\"><em>Foto: Pol\u00edcia Militar\/Divulga\u00e7\u00e3o<\/em><\/figcaption><\/figure><\/li><\/ul><\/figure>\n\n\n\n<p class=\"has-background has-very-light-gray-background-color\">Quer saber as not\u00edcias do <strong>Aconteceu no Vale<\/strong> em primeira m\u00e3o? Siga-nos no Facebook <a rel=\"noreferrer noopener\" href=\"http:\/\/facebook.com\/aconteceunovale\" target=\"_blank\">@aconteceunovale<\/a>, Twitter <a rel=\"noreferrer noopener\" href=\"https:\/\/twitter.com\/noticiadosvales\" target=\"_blank\">@noticiadosvales<\/a> e Instagram <a rel=\"noreferrer noopener\" href=\"https:\/\/www.instagram.com\/aconteceunovale\" target=\"_blank\">@aconteceunovale<\/a>.<\/p>\n","protected":false},"excerpt":{"rendered":"<p>Um homem foi preso por tr\u00e1fico de drogas em Mantena, no Leste de Minas, nessa ter\u00e7a-feira (26\/5\/2020). A Pol\u00edcia Militar fazia buscas ap\u00f3s furto a dois estabelecimentos comerciais, no Centro da cidade, quando ele foi abordado. Com o aux\u00edlio de c\u00e2meras de seguran\u00e7a, os autores dos furtos foram identificados e a PM recebeu informa\u00e7\u00f5es de [&hellip;]<\/p>\n","protected":false},"author":1,"featured_media":163066,"comment_status":"open","ping_status":"closed","sticky":false,"template":"","format":"standard","meta":{"amp_status":"","footnotes":""},"categories":[121],"tags":[195200,77859,222488,1516,222487,222486,77858,139169],"class_list":["post-163065","post","type-post","status-publish","format-standard","has-post-thumbnail","hentry","category-leste","tag-apreensao-de-drogas-em-mantena","tag-drogas-apreendidas-em-mantena","tag-homem-e-preso-com-drogas-em-mantena","tag-mantena","tag-preso-por-trafico-em-mantena","tag-traficante-preso-em-mantena","tag-trafico-de-drogas-em-mantena","tag-trafico-em-mantena"],"_links":{"self":[{"href":"https:\/\/aconteceunovale.com.br\/portal\/index.php?rest_route=\/wp\/v2\/posts\/163065","targetHints":{"allow":["GET"]}}],"collection":[{"href":"https:\/\/aconteceunovale.com.br\/portal\/index.php?rest_route=\/wp\/v2\/posts"}],"about":[{"href":"https:\/\/aconteceunovale.com.br\/portal\/index.php?rest_route=\/wp\/v2\/types\/post"}],"author":[{"embeddable":true,"href":"https:\/\/aconteceunovale.com.br\/portal\/index.php?rest_route=\/wp\/v2\/users\/1"}],"replies":[{"embeddable":true,"href":"https:\/\/aconteceunovale.com.br\/portal\/index.php?rest_route=%2Fwp%2Fv2%2Fcomments&post=163065"}],"version-history":[{"count":1,"href":"https:\/\/aconteceunovale.com.br\/portal\/index.php?rest_route=\/wp\/v2\/posts\/163065\/revisions"}],"predecessor-version":[{"id":163067,"href":"https:\/\/aconteceunovale.com.br\/portal\/index.php?rest_route=\/wp\/v2\/posts\/163065\/revisions\/163067"}],"wp:featuredmedia":[{"embeddable":true,"href":"https:\/\/aconteceunovale.com.br\/portal\/index.php?rest_route=\/wp\/v2\/media\/163066"}],"wp:attachment":[{"href":"https:\/\/aconteceunovale.com.br\/portal\/index.php?rest_route=%2Fwp%2Fv2%2Fmedia&parent=163065"}],"wp:term":[{"taxonomy":"category","embeddable":true,"href":"https:\/\/aconteceunovale.com.br\/portal\/index.php?rest_route=%2Fwp%2Fv2%2Fcategories&post=163065"},{"taxonomy":"post_tag","embeddable":true,"href":"https:\/\/aconteceunovale.com.br\/portal\/index.php?rest_route=%2Fwp%2Fv2%2Ftags&post=163065"}],"curies":[{"name":"wp","href":"https:\/\/api.w.org\/{rel}","templated":true}]}}