{"id":163057,"date":"2020-05-27T02:05:32","date_gmt":"2020-05-27T05:05:32","guid":{"rendered":"https:\/\/aconteceunovale.com.br\/portal\/?p=163057"},"modified":"2020-05-27T02:05:50","modified_gmt":"2020-05-27T05:05:50","slug":"municipio-de-rio-vermelho-e-condenado-a-indenizar-servidores-vitimas-de-assedio-moral","status":"publish","type":"post","link":"https:\/\/aconteceunovale.com.br\/portal\/?p=163057","title":{"rendered":"Munic\u00edpio de Rio Vermelho \u00e9 condenado a indenizar servidores v\u00edtimas de ass\u00e9dio moral"},"content":{"rendered":"\n<p>A 19\u00aa C\u00e2mara C\u00edvel do Tribunal de Justi\u00e7a de Minas Gerais (TJMG) manteve a condena\u00e7\u00e3o do Munic\u00edpio de Rio Vermelho para que pague&nbsp;R$ 10 mil de indeniza\u00e7\u00e3o a tr\u00eas servidores p\u00fablicos, v\u00edtimas de ass\u00e9dio moral.&nbsp;<\/p>\n\n\n\n<p>A decis\u00e3o de segunda inst\u00e2ncia preservou integralmente a senten\u00e7a do juiz Leonardo Guimar\u00e3es Moreira, da Comarca de Rio Vermelho.<\/p>\n\n\n\n<p>Os trabalhadores relataram ter sofrido constantes persegui\u00e7\u00f5es no trabalho, motivadas por desaven\u00e7as pol\u00edticas, que tinham como objetivo faz\u00ea-los desistir dos cargos que ocupavam.&nbsp;<\/p>\n\n\n\n<p><strong>Recurso<\/strong><\/p>\n\n\n\n<p>O munic\u00edpio recorreu ao TJMG, afirmando que os funcion\u00e1rios n\u00e3o apresentaram provas suficientes para comprovar a acusa\u00e7\u00e3o de ass\u00e9dio moral e que, portanto, n\u00e3o tem o dever de indeniz\u00e1-los.<\/p>\n\n\n\n<p>Segundo a prefeitura, os funcion\u00e1rios afirmaram&nbsp;que deixaram de exercer suas fun\u00e7\u00f5es porque a administra\u00e7\u00e3o municipal n\u00e3o fornecia infraestrutura adequada.<\/p>\n\n\n\n<p>O\u00a0verdadeiro motivo, no entanto, seria o fato de os tr\u00eas terem sido alvo\u00a0de investiga\u00e7\u00e3o em processo administrativo disciplinar, pois n\u00e3o estariam cumprindo integralmente as ordens de seus superiores.<\/p>\n\n\n\n<p><strong>Ass\u00e9dio moral<\/strong><\/p>\n\n\n\n<p>\u201cO ass\u00e9dio moral constitui conduta abusiva, praticada reiteradamente no ambiente de trabalho, mediante a exposi\u00e7\u00e3o da v\u00edtima a situa\u00e7\u00f5es humilhantes e constrangedoras, com o prop\u00f3sito de ridicularizar e atingir a sua personalidade\u201d, explicou o relator, desembargador Bitencourt Marcondes.<\/p>\n\n\n\n<p>Segundo a den\u00fancia, os tr\u00eas servidores sofriam constantes humilha\u00e7\u00f5es na frente dos&nbsp;demais colegas&nbsp;e chegaram a ser colocados em uma sala vazia, sem acesso \u00e0&nbsp;documenta\u00e7\u00e3o necess\u00e1ria para realizar&nbsp;seu trabalho. Os ataques teriam como objetivo faz\u00ea-los desistir da fun\u00e7\u00e3o que ocupavam \u2013&nbsp;a de conferir as contas municipais.<\/p>\n\n\n\n<p>O relator destaca que as testemunhas do caso reafirmaram a vers\u00e3o dos funcion\u00e1rios. \u201cAs testemunhas ouvidas, por sua vez, confirmam o desrespeito, o descaso e a humilha\u00e7\u00e3o impingida aos autores, de forma prolongada e reiterada, por parte da administra\u00e7\u00e3o municipal\u201d, consta em um trecho da senten\u00e7a.<\/p>\n\n\n\n<p>As provas testemunhais comprovaram ainda que o comando do Munic\u00edpio de Rio Vermelho, durante o per\u00edodo em que os tr\u00eas eram servidores, degradou as condi\u00e7\u00f5es de trabalho em fun\u00e7\u00e3o do ind\u00edcio de irregularidades no setor tribut\u00e1rio e de desaven\u00e7as pol\u00edticas com o prefeito da \u00e9poca.<\/p>\n\n\n\n<p>Diante dos fatos, para os magistrados n\u00e3o restaram d\u00favidas de que os tr\u00eas foram v\u00edtimas de ass\u00e9dio moral e que os constantes ataques os prejudicaram no exerc\u00edcio de suas fun\u00e7\u00f5es.&nbsp;<\/p>\n\n\n\n<p>A condena\u00e7\u00e3o foi mantida e o valor da indeniza\u00e7\u00e3o n\u00e3o foi alterado. Os desembargadores Leite Pra\u00e7a e Versiani Penna votaram de acordo com o relator.<\/p>\n\n\n\n<p>Veja o\u00a0<a rel=\"noreferrer noopener\" target=\"_blank\" href=\"https:\/\/www5.tjmg.jus.br\/jurisprudencia\/pesquisaNumeroCNJEspelhoAcordao.do?numeroRegistro=1&amp;totalLinhas=1&amp;linhasPorPagina=10&amp;numeroUnico=0003507-81.2012.8.13.0560&amp;pesquisaNumeroCNJ=Pesquisar\">ac\u00f3rd\u00e3o<\/a>\u00a0e acompanhe a\u00a0<a rel=\"noreferrer noopener\" target=\"_blank\" href=\"https:\/\/www4.tjmg.jus.br\/juridico\/sf\/proc_resultado2.jsp?tipoPesquisa2=1&amp;txtProcesso=10560120003507001&amp;nomePessoa=&amp;tipoPessoa=X&amp;naturezaProcesso=0&amp;situacaoParte=X&amp;codigoOAB2=&amp;tipoOAB=N&amp;ufOAB=MG&amp;numero=20&amp;select=1&amp;listaProcessos=10560120003507001&amp;tipoConsulta=1&amp;natureza=0&amp;ativoBaixado=X&amp;comrCodigo=0024\">movimenta\u00e7\u00e3o processual<\/a>.<\/p>\n\n\n\n<p class=\"has-background has-very-light-gray-background-color\">Quer saber as not\u00edcias do <strong>Aconteceu no Vale<\/strong> em primeira m\u00e3o? Siga-nos no Facebook <a rel=\"noreferrer noopener\" href=\"http:\/\/facebook.com\/aconteceunovale\" target=\"_blank\">@aconteceunovale<\/a>, Twitter <a rel=\"noreferrer noopener\" href=\"https:\/\/twitter.com\/noticiadosvales\" target=\"_blank\">@noticiadosvales<\/a> e Instagram <a rel=\"noreferrer noopener\" href=\"https:\/\/www.instagram.com\/aconteceunovale\" target=\"_blank\">@aconteceunovale<\/a>.<\/p>\n","protected":false},"excerpt":{"rendered":"<p>A 19\u00aa C\u00e2mara C\u00edvel do Tribunal de Justi\u00e7a de Minas Gerais (TJMG) manteve a condena\u00e7\u00e3o do Munic\u00edpio de Rio Vermelho para que pague&nbsp;R$ 10 mil de indeniza\u00e7\u00e3o a tr\u00eas servidores p\u00fablicos, v\u00edtimas de ass\u00e9dio moral.&nbsp; A decis\u00e3o de segunda inst\u00e2ncia preservou integralmente a senten\u00e7a do juiz Leonardo Guimar\u00e3es Moreira, da Comarca de Rio Vermelho. Os [&hellip;]<\/p>\n","protected":false},"author":1,"featured_media":158758,"comment_status":"open","ping_status":"closed","sticky":false,"template":"","format":"standard","meta":{"amp_status":"","footnotes":""},"categories":[123],"tags":[222484,69163,222482,222485,222483,445,270,92646],"class_list":["post-163057","post","type-post","status-publish","format-standard","has-post-thumbnail","hentry","category-gerais","tag-condenacao-do-municipio-de-rio-vermelho","tag-leonardo-guimaraes-moreira","tag-municipio-de-rio-vermelho","tag-municipio-de-rio-vermelho-e-condenado-a-indenizar-servidores-vitimas-de-assedio-moral","tag-processo-contra-o-municipio-de-rio-vermelho","tag-rio-vermelho","tag-tjmg","tag-tribunal-de-justica-de-minas-gerais"],"_links":{"self":[{"href":"https:\/\/aconteceunovale.com.br\/portal\/index.php?rest_route=\/wp\/v2\/posts\/163057","targetHints":{"allow":["GET"]}}],"collection":[{"href":"https:\/\/aconteceunovale.com.br\/portal\/index.php?rest_route=\/wp\/v2\/posts"}],"about":[{"href":"https:\/\/aconteceunovale.com.br\/portal\/index.php?rest_route=\/wp\/v2\/types\/post"}],"author":[{"embeddable":true,"href":"https:\/\/aconteceunovale.com.br\/portal\/index.php?rest_route=\/wp\/v2\/users\/1"}],"replies":[{"embeddable":true,"href":"https:\/\/aconteceunovale.com.br\/portal\/index.php?rest_route=%2Fwp%2Fv2%2Fcomments&post=163057"}],"version-history":[{"count":1,"href":"https:\/\/aconteceunovale.com.br\/portal\/index.php?rest_route=\/wp\/v2\/posts\/163057\/revisions"}],"predecessor-version":[{"id":163058,"href":"https:\/\/aconteceunovale.com.br\/portal\/index.php?rest_route=\/wp\/v2\/posts\/163057\/revisions\/163058"}],"wp:featuredmedia":[{"embeddable":true,"href":"https:\/\/aconteceunovale.com.br\/portal\/index.php?rest_route=\/wp\/v2\/media\/158758"}],"wp:attachment":[{"href":"https:\/\/aconteceunovale.com.br\/portal\/index.php?rest_route=%2Fwp%2Fv2%2Fmedia&parent=163057"}],"wp:term":[{"taxonomy":"category","embeddable":true,"href":"https:\/\/aconteceunovale.com.br\/portal\/index.php?rest_route=%2Fwp%2Fv2%2Fcategories&post=163057"},{"taxonomy":"post_tag","embeddable":true,"href":"https:\/\/aconteceunovale.com.br\/portal\/index.php?rest_route=%2Fwp%2Fv2%2Ftags&post=163057"}],"curies":[{"name":"wp","href":"https:\/\/api.w.org\/{rel}","templated":true}]}}