{"id":163052,"date":"2020-05-27T01:49:49","date_gmt":"2020-05-27T04:49:49","guid":{"rendered":"https:\/\/aconteceunovale.com.br\/portal\/?p=163052"},"modified":"2020-05-27T01:50:18","modified_gmt":"2020-05-27T04:50:18","slug":"dilma-rousseff-sera-indenizada-por-uso-indevido-de-sua-imagem","status":"publish","type":"post","link":"https:\/\/aconteceunovale.com.br\/portal\/?p=163052","title":{"rendered":"Dilma Rousseff ser\u00e1 indenizada por uso indevido de sua imagem"},"content":{"rendered":"\n<p>A Estrat\u00e9gia Concursos foi condenada a indenizar em R$ 60 mil a ex-presidenta da Rep\u00fablica, Dilma Rousseff, por danos morais e danos \u00e0 imagem. O cursinho iniciou uma campanha publicit\u00e1ria em seu site que associava uma foto de Dilma ao texto \u201cComo deixar de ser burro\u201d.<\/p>\n\n\n\n<p>A defesa da ex-presidenta ajuizou uma a\u00e7\u00e3o para que a empresa fosse condenada a indeniz\u00e1-la em R$ 150 mil por dano moral, R$ 150 mil por dano \u00e0 sua imagem e que se retratasse em todos os meios onde a propaganda foi veiculada.<\/p>\n\n\n\n<p>Segundo o estabelecimento, a campanha tinha o objetivo de atrair o p\u00fablico para um debate sobre a educa\u00e7\u00e3o no Brasil produzindo humor, e n\u00e3o de ofender algu\u00e9m. Em seus argumentos, disseram ainda que o uso da imagem de Dilma Rousseff n\u00e3o diz respeito \u00e0 sua vida pessoal, e que o fato de se tratar de uma figura p\u00fablica dispensaria a necessidade de autoriza\u00e7\u00e3o para o uso de sua imagem.<\/p>\n\n\n\n<p><strong>Exerc\u00edcio abusivo do direito<\/strong><\/p>\n\n\n\n<p>Para a ju\u00edza da 17\u00aa Vara C\u00edvel da Comarca de Belo Horizonte, Gislene Rodrigues Mansur, a liberdade de express\u00e3o e a livre manifesta\u00e7\u00e3o s\u00e3o direitos fundamentais, mas n\u00e3o est\u00e3o isentas de puni\u00e7\u00f5es quando usadas de forma abusiva.<\/p>\n\n\n\n<p>A magistrada afirmou em\u00a0<a href=\"http:\/\/www.tjmg.jus.br\/data\/files\/70\/F6\/5B\/83\/2F152710AA63D4276ECB08A8\/PROCESSO%20Dilma%20Roussef.pdf\" target=\"_blank\" rel=\"noreferrer noopener\">sua senten\u00e7a<\/a>\u00a0que\u00a0\u201co humor tem sua utiliza\u00e7\u00e3o aceita quando empregado como instrumento de cr\u00edtica pol\u00edtica e de costumes\u201d, por\u00e9m, no caso da campanha em quest\u00e3o, o objetivo teria sido unicamente o de ridicularizar a pessoa.<\/p>\n\n\n\n<p>No que diz respeito ao argumento de que a utiliza\u00e7\u00e3o da imagem de figuras p\u00fablicas n\u00e3o exige autoriza\u00e7\u00e3o, a ju\u00edza disse que o \u201cuso da imagem de outrem, mesmo sendo considerada figura p\u00fablica, depende da autoriza\u00e7\u00e3o do seu titular ou de quem possa agir em seu nome principalmente quando veiculada.\u201d Logo, quando feita sem consentimento, configura conduta ilegal que deve ser condenada.<\/p>\n\n\n\n<p><strong>Indeniza\u00e7\u00e3o<\/strong><\/p>\n\n\n\n<p>Diante do exposto, a Justi\u00e7a concluiu que houve viola\u00e7\u00e3o do direito da imagem e da honra, devendo haver repara\u00e7\u00e3o. No entanto, ap\u00f3s an\u00e1lise, a ju\u00edza entendeu que o valor de R$ 60 mil \u00e9 suficiente para compensar a v\u00edtima pelos danos causados.<\/p>\n\n\n\n<p class=\"has-background has-very-light-gray-background-color\">Quer saber as not\u00edcias do <strong>Aconteceu no Vale<\/strong> em primeira m\u00e3o? Siga-nos no Facebook <a rel=\"noreferrer noopener\" href=\"http:\/\/facebook.com\/aconteceunovale\" target=\"_blank\">@aconteceunovale<\/a>, Twitter <a rel=\"noreferrer noopener\" href=\"https:\/\/twitter.com\/noticiadosvales\" target=\"_blank\">@noticiadosvales<\/a> e Instagram <a rel=\"noreferrer noopener\" href=\"https:\/\/www.instagram.com\/aconteceunovale\" target=\"_blank\">@aconteceunovale<\/a>.<\/p>\n","protected":false},"excerpt":{"rendered":"<p>A Estrat\u00e9gia Concursos foi condenada a indenizar em R$ 60 mil a ex-presidenta da Rep\u00fablica, Dilma Rousseff, por danos morais e danos \u00e0 imagem. O cursinho iniciou uma campanha publicit\u00e1ria em seu site que associava uma foto de Dilma ao texto \u201cComo deixar de ser burro\u201d. A defesa da ex-presidenta ajuizou uma a\u00e7\u00e3o para que [&hellip;]<\/p>\n","protected":false},"author":1,"featured_media":163053,"comment_status":"open","ping_status":"closed","sticky":false,"template":"","format":"standard","meta":{"amp_status":"","footnotes":""},"categories":[123,40240],"tags":[194,222472,2162,222476,222475,222473,222474,222477,222471],"class_list":["post-163052","post","type-post","status-publish","format-standard","has-post-thumbnail","hentry","category-gerais","category-politica-2","tag-belo-horizonte","tag-condenacao-de-cursinho","tag-dilma-rousseff","tag-dilma-rousseff-sera-indenizada-por-uso-indevido-de-sua-imagem","tag-estrategia-concursos","tag-gislene-rodrigues-mansur","tag-indenizacao-para-dilma-rousseff","tag-pagamento-de-indenizacao-a-dilma-rousseff","tag-processo-de-dilma-rousseff-contra-cursinho"],"_links":{"self":[{"href":"https:\/\/aconteceunovale.com.br\/portal\/index.php?rest_route=\/wp\/v2\/posts\/163052","targetHints":{"allow":["GET"]}}],"collection":[{"href":"https:\/\/aconteceunovale.com.br\/portal\/index.php?rest_route=\/wp\/v2\/posts"}],"about":[{"href":"https:\/\/aconteceunovale.com.br\/portal\/index.php?rest_route=\/wp\/v2\/types\/post"}],"author":[{"embeddable":true,"href":"https:\/\/aconteceunovale.com.br\/portal\/index.php?rest_route=\/wp\/v2\/users\/1"}],"replies":[{"embeddable":true,"href":"https:\/\/aconteceunovale.com.br\/portal\/index.php?rest_route=%2Fwp%2Fv2%2Fcomments&post=163052"}],"version-history":[{"count":1,"href":"https:\/\/aconteceunovale.com.br\/portal\/index.php?rest_route=\/wp\/v2\/posts\/163052\/revisions"}],"predecessor-version":[{"id":163054,"href":"https:\/\/aconteceunovale.com.br\/portal\/index.php?rest_route=\/wp\/v2\/posts\/163052\/revisions\/163054"}],"wp:featuredmedia":[{"embeddable":true,"href":"https:\/\/aconteceunovale.com.br\/portal\/index.php?rest_route=\/wp\/v2\/media\/163053"}],"wp:attachment":[{"href":"https:\/\/aconteceunovale.com.br\/portal\/index.php?rest_route=%2Fwp%2Fv2%2Fmedia&parent=163052"}],"wp:term":[{"taxonomy":"category","embeddable":true,"href":"https:\/\/aconteceunovale.com.br\/portal\/index.php?rest_route=%2Fwp%2Fv2%2Fcategories&post=163052"},{"taxonomy":"post_tag","embeddable":true,"href":"https:\/\/aconteceunovale.com.br\/portal\/index.php?rest_route=%2Fwp%2Fv2%2Ftags&post=163052"}],"curies":[{"name":"wp","href":"https:\/\/api.w.org\/{rel}","templated":true}]}}