{"id":163049,"date":"2020-05-27T01:32:08","date_gmt":"2020-05-27T04:32:08","guid":{"rendered":"https:\/\/aconteceunovale.com.br\/portal\/?p=163049"},"modified":"2020-05-27T01:34:57","modified_gmt":"2020-05-27T04:34:57","slug":"comercio-de-ipatinga-vai-funcionar-em-dias-alternados-e-com-horario-restrito","status":"publish","type":"post","link":"https:\/\/aconteceunovale.com.br\/portal\/?p=163049","title":{"rendered":"Com\u00e9rcio de Ipatinga vai funcionar em dias alternados e com hor\u00e1rio restrito"},"content":{"rendered":"\n<p>A partir de sexta-feira, 29 de maio de 2020, e at\u00e9 o pr\u00f3ximo dia 8 de junho, todos os setores do com\u00e9rcio de Ipatinga (MG) diferentes daqueles que s\u00e3o considerados essenciais (supermercados, padarias, farm\u00e1cias, academias, postos de combust\u00edveis, entre outros) dever\u00e3o funcionar em dias alternados, tr\u00eas dias por semana. Eles estar\u00e3o abertos somente \u00e0s segundas, quartas e sextas, com expediente de 12h \u00e0s 18h.&nbsp;<\/p>\n\n\n\n<p>Esta foi uma das principais decis\u00f5es de uma sess\u00e3o de discuss\u00f5es do Comit\u00ea Gestor de Crise do munic\u00edpio, realizada na noite desta ter\u00e7a-feira (26), na sala de reuni\u00f5es do gabinete do Executivo, para refletir sobre o agravamento do quadro epidemiol\u00f3gico relacionado com o Coronav\u00edrus, na cidade e regi\u00e3o, e deliberar sobre novas medidas para evitar o colapso do sistema de sa\u00fade local frente ao avan\u00e7o da doen\u00e7a. Apenas nos dois \u00faltimos dias, Ipatinga registrou mais 47 casos positivos de Covid-19, somando agora um total de 149. As taxas de ocupa\u00e7\u00e3o de leitos de UTI e Enfermaria subiram a 90% e 83%, respectivamente, sinalizando uma situa\u00e7\u00e3o preocupante para os pr\u00f3ximos dias, mesmo com uma s\u00e9rie de medidas tomadas pelo poder p\u00fablico para minimizar os efeitos da pandemia.<\/p>\n\n\n\n<p>O decreto municipal que regulamentar\u00e1 as novas provid\u00eancias oficializadas pelo Executivo ser\u00e1 publicado nas pr\u00f3ximas horas. Entre elas, est\u00e1 ainda a suspens\u00e3o das feiras livres a partir desta sexta-feira (29), at\u00e9 8 de junho, como forma de conter aglomera\u00e7\u00f5es. Est\u00e1 previsto, tamb\u00e9m, obrigatoriamente, o uso de m\u00e1scaras n\u00e3o apenas em recintos fechados, mas em todas as \u00e1reas de Ipatinga. Os deslocamentos de idosos que se beneficiam da gratuidade do transporte coletivo tamb\u00e9m dever\u00e3o ser restringidos em hor\u00e1rios de pico.<\/p>\n\n\n\n<p>Um dos principais argumentos para a tomada de novas medidas restritivas quanto \u00e0 circula\u00e7\u00e3o de pessoas pelas ruas, no transporte e estabelecimentos de Ipatinga, al\u00e9m de outras a\u00e7\u00f5es complementares, foi um estudo com n\u00fameros perturbadores, apresentado durante a reuni\u00e3o. Segundo ele, com os \u00edndices de cont\u00e1gio atuais e uma proje\u00e7\u00e3o ascendente, no pr\u00f3ximo dia 1\u00ba de junho j\u00e1 estaria esgotada a capacidade de interna\u00e7\u00e3o em leitos de UTI no munic\u00edpio, prevendo-se o prolongamento da crise por 70 dias subsequentes. Em rela\u00e7\u00e3o aos leitos de enfermaria, o colapso ocorreria a partir da segunda semana de junho, com dura\u00e7\u00e3o de 36 dias.<\/p>\n\n\n\n<p>O representante da Funda\u00e7\u00e3o S\u00e3o Francisco Xavier na reuni\u00e3o do Comit\u00ea chamou a aten\u00e7\u00e3o para a grave situa\u00e7\u00e3o verificada no Hospital M\u00e1rcio Cunha nesta ter\u00e7a-feira, quando a ocupa\u00e7\u00e3o dos leitos de UTI chegou a 120%, ou seja, dois pacientes n\u00e3o tinham onde ser alojados para tratamento. \u201cN\u00e3o tomar provid\u00eancias mais dr\u00e1sticas neste momento seria flertar com a cat\u00e1strofe\u201d, resumiu.<\/p>\n\n\n\n<p><strong>Leitos adicionais e novos respiradores<\/strong><\/p>\n\n\n\n<p>A Secretaria Sa\u00fade de Ipatinga informou durante a reuni\u00e3o que at\u00e9 a pr\u00f3xima semana o munic\u00edpio ter\u00e1 condi\u00e7\u00f5es de instalar nas depend\u00eancias da Escola Canuta Rosa, para eventual necessidade, um total de 40 novos leitos comuns para interna\u00e7\u00e3o. Para isso, ressaltou que est\u00e1 contando com a colabora\u00e7\u00e3o de todos os munic\u00edpios pactuados dentro da microrregi\u00e3o, que tamb\u00e9m se prontificaram a contribuir com o fornecimento de equipamentos e insumos. A estrutura serviria de apoio para o Hospital Municipal no caso de necessidade de disponibiliza\u00e7\u00e3o de suas instala\u00e7\u00f5es para atender a um maior n\u00famero de pacientes com Covid-19.<\/p>\n\n\n\n<p>Tamb\u00e9m durante a reuni\u00e3o do Comit\u00ea, a oficial representante da Pol\u00edcia Militar informou que, nesta quarta-feira (27), agentes do 14\u00ba BPM se deslocar\u00e3o at\u00e9 Belo Horizonte para buscarem tr\u00eas respiradores fornecidos pelo Estado para atender emerg\u00eancias no munic\u00edpio.<\/p>\n\n\n\n<p><strong>Consenso<\/strong><\/p>\n\n\n\n<p>Embora num primeiro momento da reuni\u00e3o desta ter\u00e7a tenha sido apresentada uma proposta para alongar o hor\u00e1rio de funcionamento das lojas durante a semana, suprimindo apenas o expediente de s\u00e1bado, como forma de preserv\u00e1-las de uma crise econ\u00f4mica j\u00e1 em curso e com agravamento iminente, ao final do encontro a decis\u00e3o quanto \u00e0s novas medidas a serem adotadas no munic\u00edpio foi consensual. Representantes de todos os segmentos, inclusive lideran\u00e7as comerciais, reconheceram a situa\u00e7\u00e3o delicada do momento.<\/p>\n\n\n\n<p>O Executivo ainda chamou a aten\u00e7\u00e3o para muitas outras a\u00e7\u00f5es que t\u00eam sido tomadas pelo governo municipal em paralelo com as restri\u00e7\u00f5es ao funcionamento do com\u00e9rcio, como a realiza\u00e7\u00e3o de testes r\u00e1pidos, higieniza\u00e7\u00e3o de espa\u00e7os p\u00fablicos, expans\u00e3o de hor\u00e1rios de atendimento das UBS\u2019s e habilita\u00e7\u00e3o de novos leitos nos hospitais. \u201cVamos instalar tamb\u00e9m cabines de sanitiza\u00e7\u00e3o em locais de grandes fluxos de pessoas na cidade. A situa\u00e7\u00e3o \u00e9 t\u00e3o dram\u00e1tica que os gestores encontram dificuldades at\u00e9 mesmo para contratar equipes especializadas em sa\u00fade e adquirir equipamentos necess\u00e1rios a curto prazo\u201d, mencionou o chefe do Executivo.<\/p>\n\n\n\n<p>Al\u00e9m de membros do Executivo, da FSFX e de representantes de v\u00e1rios segmentos da \u00e1rea comercial, a reuni\u00e3o do Comit\u00ea Gestor de Crise contou com a participa\u00e7\u00e3o de autoridades do Minist\u00e9rio P\u00fablico, Defensoria P\u00fablica, Corpo de Bombeiros e Pol\u00edcias Civil e Militar.<\/p>\n\n\n\n<figure class=\"wp-block-gallery columns-1 is-cropped wp-block-gallery-1 is-layout-flex wp-block-gallery-is-layout-flex\"><ul class=\"blocks-gallery-grid\"><li class=\"blocks-gallery-item\"><figure><img loading=\"lazy\" decoding=\"async\" width=\"600\" height=\"450\" src=\"https:\/\/aconteceunovale.com.br\/portal\/wp-content\/uploads\/2020\/05\/ipatinga_comite.jpeg\" alt=\"\" data-id=\"163050\" data-full-url=\"https:\/\/aconteceunovale.com.br\/portal\/wp-content\/uploads\/2020\/05\/ipatinga_comite.jpeg\" data-link=\"https:\/\/aconteceunovale.com.br\/portal\/?attachment_id=163050\" class=\"wp-image-163050\" srcset=\"https:\/\/aconteceunovale.com.br\/portal\/wp-content\/uploads\/2020\/05\/ipatinga_comite.jpeg 600w, https:\/\/aconteceunovale.com.br\/portal\/wp-content\/uploads\/2020\/05\/ipatinga_comite-300x225.jpeg 300w, https:\/\/aconteceunovale.com.br\/portal\/wp-content\/uploads\/2020\/05\/ipatinga_comite-80x60.jpeg 80w, https:\/\/aconteceunovale.com.br\/portal\/wp-content\/uploads\/2020\/05\/ipatinga_comite-265x198.jpeg 265w, https:\/\/aconteceunovale.com.br\/portal\/wp-content\/uploads\/2020\/05\/ipatinga_comite-560x420.jpeg 560w\" sizes=\"auto, (max-width: 600px) 100vw, 600px\" \/><figcaption class=\"blocks-gallery-item__caption\"><em>Foto: SECOM\/PMI<\/em><\/figcaption><\/figure><\/li><\/ul><\/figure>\n\n\n\n<p class=\"has-background has-very-light-gray-background-color\">Quer saber as not\u00edcias do <strong>Aconteceu no Vale<\/strong> em primeira m\u00e3o? Siga-nos no Facebook <a rel=\"noreferrer noopener\" href=\"http:\/\/facebook.com\/aconteceunovale\" target=\"_blank\">@aconteceunovale<\/a>, Twitter <a rel=\"noreferrer noopener\" href=\"https:\/\/twitter.com\/noticiadosvales\" target=\"_blank\">@noticiadosvales<\/a> e Instagram <a rel=\"noreferrer noopener\" href=\"https:\/\/www.instagram.com\/aconteceunovale\" target=\"_blank\">@aconteceunovale<\/a>.<\/p>\n","protected":false},"excerpt":{"rendered":"<p>A partir de sexta-feira, 29 de maio de 2020, e at\u00e9 o pr\u00f3ximo dia 8 de junho, todos os setores do com\u00e9rcio de Ipatinga (MG) diferentes daqueles que s\u00e3o considerados essenciais (supermercados, padarias, farm\u00e1cias, academias, postos de combust\u00edveis, entre outros) dever\u00e3o funcionar em dias alternados, tr\u00eas dias por semana. Eles estar\u00e3o abertos somente \u00e0s segundas, [&hellip;]<\/p>\n","protected":false},"author":1,"featured_media":158447,"comment_status":"open","ping_status":"closed","sticky":false,"template":"","format":"standard","meta":{"amp_status":"","footnotes":""},"categories":[121],"tags":[222294,222296,222470,214884,217741,216498,201,222370,222369,222368,46322,222423,222295,222417],"class_list":["post-163049","post","type-post","status-publish","format-standard","has-post-thumbnail","hentry","category-leste","tag-casos-confirmados-de-coronavirus-em-ipatinga","tag-casos-confirmados-de-covid-19-em-ipatinga","tag-comercio-de-ipatinga-vai-funcionar-em-dias-alternados-e-com-horario-restrito","tag-coronavirus","tag-coronavirus-em-ipatinga","tag-covid-19","tag-ipatinga","tag-ipatinga-registra-o-primeiro-obito-por-covid-19","tag-obito-por-coronavirus-em-ipatinga","tag-obito-por-covid-19-em-ipatinga","tag-prefeitura-de-ipatinga","tag-prefeitura-de-ipatinga-anuncia-ampliacao-de-leitos-para-atender-infectados-por-coronavirus","tag-sobe-para-102-o-numero-de-casos-confirmados-de-covid-19-em-ipatinga","tag-sobe-para-149-o-numero-de-casos-confirmados-de-coronavirus-em-ipatinga"],"_links":{"self":[{"href":"https:\/\/aconteceunovale.com.br\/portal\/index.php?rest_route=\/wp\/v2\/posts\/163049","targetHints":{"allow":["GET"]}}],"collection":[{"href":"https:\/\/aconteceunovale.com.br\/portal\/index.php?rest_route=\/wp\/v2\/posts"}],"about":[{"href":"https:\/\/aconteceunovale.com.br\/portal\/index.php?rest_route=\/wp\/v2\/types\/post"}],"author":[{"embeddable":true,"href":"https:\/\/aconteceunovale.com.br\/portal\/index.php?rest_route=\/wp\/v2\/users\/1"}],"replies":[{"embeddable":true,"href":"https:\/\/aconteceunovale.com.br\/portal\/index.php?rest_route=%2Fwp%2Fv2%2Fcomments&post=163049"}],"version-history":[{"count":1,"href":"https:\/\/aconteceunovale.com.br\/portal\/index.php?rest_route=\/wp\/v2\/posts\/163049\/revisions"}],"predecessor-version":[{"id":163051,"href":"https:\/\/aconteceunovale.com.br\/portal\/index.php?rest_route=\/wp\/v2\/posts\/163049\/revisions\/163051"}],"wp:featuredmedia":[{"embeddable":true,"href":"https:\/\/aconteceunovale.com.br\/portal\/index.php?rest_route=\/wp\/v2\/media\/158447"}],"wp:attachment":[{"href":"https:\/\/aconteceunovale.com.br\/portal\/index.php?rest_route=%2Fwp%2Fv2%2Fmedia&parent=163049"}],"wp:term":[{"taxonomy":"category","embeddable":true,"href":"https:\/\/aconteceunovale.com.br\/portal\/index.php?rest_route=%2Fwp%2Fv2%2Fcategories&post=163049"},{"taxonomy":"post_tag","embeddable":true,"href":"https:\/\/aconteceunovale.com.br\/portal\/index.php?rest_route=%2Fwp%2Fv2%2Ftags&post=163049"}],"curies":[{"name":"wp","href":"https:\/\/api.w.org\/{rel}","templated":true}]}}