{"id":163045,"date":"2020-05-27T01:23:26","date_gmt":"2020-05-27T04:23:26","guid":{"rendered":"https:\/\/aconteceunovale.com.br\/portal\/?p=163045"},"modified":"2020-05-27T01:23:28","modified_gmt":"2020-05-27T04:23:28","slug":"prefeitura-de-ipaba-confirma-mais-dois-casos-de-covid-19","status":"publish","type":"post","link":"https:\/\/aconteceunovale.com.br\/portal\/?p=163045","title":{"rendered":"Prefeitura de Ipaba confirma mais dois casos de Covid-19"},"content":{"rendered":"\n<p>A Prefeitura de Ipaba (MG) confirmou nesta ter\u00e7a-feira (26\/5\/2020) dois novos casos de Covid-19 no munic\u00edpio. Com esses, o n\u00famero de pacientes que testaram positivo para a doen\u00e7a subiu para 6.<\/p>\n\n\n\n<p>De acordo com o Executivo, trata-se de dois homens, de 29 e 32 anos. O mais novo realizou o exame em laborat\u00f3rio privado.<\/p>\n\n\n\n<p>Segundo o boletim epidemiol\u00f3gico, do total de confirmados, tr\u00eas est\u00e3o recuperados da doen\u00e7a. O munic\u00edpio monitora outros 39 pacientes.<\/p>\n\n\n\n<p><strong>Confira o boletim de 26\/5\/2020:<\/strong><\/p>\n\n\n\n<figure class=\"wp-block-image size-large\"><img decoding=\"async\" src=\"https:\/\/aconteceu.info\/boletins\/corona_ipaba_26maio.png\" alt=\"\"\/><\/figure>\n\n\n\n<p class=\"has-background has-very-light-gray-background-color\">Quer saber as not\u00edcias do <strong>Aconteceu no Vale<\/strong> em primeira m\u00e3o? Siga-nos no Facebook <a rel=\"noreferrer noopener\" href=\"http:\/\/facebook.com\/aconteceunovale\" target=\"_blank\">@aconteceunovale<\/a>, Twitter <a rel=\"noreferrer noopener\" href=\"https:\/\/twitter.com\/noticiadosvales\" target=\"_blank\">@noticiadosvales<\/a> e Instagram <a rel=\"noreferrer noopener\" href=\"https:\/\/www.instagram.com\/aconteceunovale\" target=\"_blank\">@aconteceunovale<\/a>.<\/p>\n","protected":false},"excerpt":{"rendered":"<p>A Prefeitura de Ipaba (MG) confirmou nesta ter\u00e7a-feira (26\/5\/2020) dois novos casos de Covid-19 no munic\u00edpio. Com esses, o n\u00famero de pacientes que testaram positivo para a doen\u00e7a subiu para 6. De acordo com o Executivo, trata-se de dois homens, de 29 e 32 anos. O mais novo realizou o exame em laborat\u00f3rio privado. Segundo [&hellip;]<\/p>\n","protected":false},"author":1,"featured_media":163047,"comment_status":"open","ping_status":"closed","sticky":false,"template":"","format":"standard","meta":{"amp_status":"","footnotes":""},"categories":[121,40242],"tags":[222465,222466,222468,222469,2234,222464,222467],"class_list":["post-163045","post","type-post","status-publish","format-standard","has-post-thumbnail","hentry","category-leste","category-saude-2","tag-casos-de-coronavirus-em-ipaba","tag-casos-de-covid-19-em-ipaba","tag-coronavirus-em-ipaba","tag-covid-19-em-ipaba","tag-ipaba","tag-prefeitura-de-ipaba","tag-prefeitura-de-ipaba-confirma-mais-dois-casos-de-covid-19"],"_links":{"self":[{"href":"https:\/\/aconteceunovale.com.br\/portal\/index.php?rest_route=\/wp\/v2\/posts\/163045","targetHints":{"allow":["GET"]}}],"collection":[{"href":"https:\/\/aconteceunovale.com.br\/portal\/index.php?rest_route=\/wp\/v2\/posts"}],"about":[{"href":"https:\/\/aconteceunovale.com.br\/portal\/index.php?rest_route=\/wp\/v2\/types\/post"}],"author":[{"embeddable":true,"href":"https:\/\/aconteceunovale.com.br\/portal\/index.php?rest_route=\/wp\/v2\/users\/1"}],"replies":[{"embeddable":true,"href":"https:\/\/aconteceunovale.com.br\/portal\/index.php?rest_route=%2Fwp%2Fv2%2Fcomments&post=163045"}],"version-history":[{"count":1,"href":"https:\/\/aconteceunovale.com.br\/portal\/index.php?rest_route=\/wp\/v2\/posts\/163045\/revisions"}],"predecessor-version":[{"id":163048,"href":"https:\/\/aconteceunovale.com.br\/portal\/index.php?rest_route=\/wp\/v2\/posts\/163045\/revisions\/163048"}],"wp:featuredmedia":[{"embeddable":true,"href":"https:\/\/aconteceunovale.com.br\/portal\/index.php?rest_route=\/wp\/v2\/media\/163047"}],"wp:attachment":[{"href":"https:\/\/aconteceunovale.com.br\/portal\/index.php?rest_route=%2Fwp%2Fv2%2Fmedia&parent=163045"}],"wp:term":[{"taxonomy":"category","embeddable":true,"href":"https:\/\/aconteceunovale.com.br\/portal\/index.php?rest_route=%2Fwp%2Fv2%2Fcategories&post=163045"},{"taxonomy":"post_tag","embeddable":true,"href":"https:\/\/aconteceunovale.com.br\/portal\/index.php?rest_route=%2Fwp%2Fv2%2Ftags&post=163045"}],"curies":[{"name":"wp","href":"https:\/\/api.w.org\/{rel}","templated":true}]}}