{"id":163042,"date":"2020-05-27T01:11:29","date_gmt":"2020-05-27T04:11:29","guid":{"rendered":"https:\/\/aconteceunovale.com.br\/portal\/?p=163042"},"modified":"2020-05-27T01:20:23","modified_gmt":"2020-05-27T04:20:23","slug":"sobe-para-29-o-numero-de-casos-confirmados-de-covid-19-em-timoteo","status":"publish","type":"post","link":"https:\/\/aconteceunovale.com.br\/portal\/?p=163042","title":{"rendered":"Sobe para 29 o n\u00famero de casos confirmados de Covid-19 em Tim\u00f3teo"},"content":{"rendered":"\n<p>A Prefeitura de Tim\u00f3teo (MG) confirmou nesta ter\u00e7a-feira (26\/5\/2020) cinco novos casos de Covid-19 no munic\u00edpio. Com esses, o n\u00famero de pacientes que testaram positivo para a doen\u00e7a subiu para 29.<\/p>\n\n\n\n<p>De acordo com o Executivo, trata-se de quatro homens, de 52 (2), 58 e 72 anos, e uma mulher, de 72. Um deles est\u00e1 internado na UTI do Hospital M\u00e1rcio Cunha, em Ipatinga, com dificuldades para respirar.<\/p>\n\n\n\n<p>Segundo o boletim epidemiol\u00f3gico, do total de confirmados, 14 j\u00e1 se recuperaram, outros 14 est\u00e3o em isolamento domiciliar e um internado. O munic\u00edpio ainda investiga outros 66 casos.<\/p>\n\n\n\n<p><strong>Confira o boletim de 26\/5\/2020:<\/strong><\/p>\n\n\n\n<figure class=\"wp-block-image size-large\"><img decoding=\"async\" src=\"https:\/\/aconteceu.info\/boletins\/corona_timoteo_26maio_1.jpg\" alt=\"\"\/><\/figure>\n\n\n\n<p><strong>Novos casos:<\/strong><\/p>\n\n\n\n<ul class=\"wp-block-list\"><li>Paciente 25 &#8211; Homem, 52 anos, testou positivo por teste r\u00e1pido em atendimento da equipe Covid-19 que monitorava contato positivo.<\/li><\/ul>\n\n\n\n<ul class=\"wp-block-list\"><li>Paciente 26 &#8211; Homem, 58 anos, deu entrada no Hospital M\u00e1rcio Cunha, com dificuldade respirat\u00f3ria, o mesmo tem problemas card\u00edacos, permanece internado em leito de UTI.<\/li><\/ul>\n\n\n\n<ul class=\"wp-block-list\"><li>Paciente 27 &#8211; Mulher 72 anos, realizou teste r\u00e1pido em atendimento pela equipe da Covid-19. Contato de caso positivo.<\/li><\/ul>\n\n\n\n<ul class=\"wp-block-list\"><li>Paciente 28 &#8211; Homem 76 anos realizou teste r\u00e1pido pela equipe da Covid-19. Contato com caso positivo.<\/li><\/ul>\n\n\n\n<ul class=\"wp-block-list\"><li>Paciente 29- Homem, 52 anos, testou positivo em atendimento na UPA Geraldo dos Reis Ribeiro.<\/li><\/ul>\n\n\n\n<p class=\"has-background has-very-light-gray-background-color\">Quer saber as not\u00edcias do <strong>Aconteceu no Vale<\/strong> em primeira m\u00e3o? Siga-nos no Facebook <a rel=\"noreferrer noopener\" href=\"http:\/\/facebook.com\/aconteceunovale\" target=\"_blank\">@aconteceunovale<\/a>, Twitter <a rel=\"noreferrer noopener\" href=\"https:\/\/twitter.com\/noticiadosvales\" target=\"_blank\">@noticiadosvales<\/a> e Instagram <a rel=\"noreferrer noopener\" href=\"https:\/\/www.instagram.com\/aconteceunovale\" target=\"_blank\">@aconteceunovale<\/a>.<\/p>\n","protected":false},"excerpt":{"rendered":"<p>A Prefeitura de Tim\u00f3teo (MG) confirmou nesta ter\u00e7a-feira (26\/5\/2020) cinco novos casos de Covid-19 no munic\u00edpio. Com esses, o n\u00famero de pacientes que testaram positivo para a doen\u00e7a subiu para 29. De acordo com o Executivo, trata-se de quatro homens, de 52 (2), 58 e 72 anos, e uma mulher, de 72. Um deles est\u00e1 [&hellip;]<\/p>\n","protected":false},"author":1,"featured_media":163043,"comment_status":"open","ping_status":"closed","sticky":false,"template":"","format":"standard","meta":{"amp_status":"","footnotes":""},"categories":[121,40242],"tags":[222388,218108,222390,45751,222463,1105,222389],"class_list":["post-163042","post","type-post","status-publish","format-standard","has-post-thumbnail","hentry","category-leste","category-saude-2","tag-casos-de-coronavirus-em-timoteo","tag-coronavirus-em-timoteo","tag-covid-19-em-timoteo","tag-prefeitura-de-timoteo","tag-sobe-para-29-o-numero-de-casos-confirmados-de-covid-19-em-timoteo","tag-timoteo","tag-timoteo-registra-cinco-novos-casos-de-covid-19"],"_links":{"self":[{"href":"https:\/\/aconteceunovale.com.br\/portal\/index.php?rest_route=\/wp\/v2\/posts\/163042","targetHints":{"allow":["GET"]}}],"collection":[{"href":"https:\/\/aconteceunovale.com.br\/portal\/index.php?rest_route=\/wp\/v2\/posts"}],"about":[{"href":"https:\/\/aconteceunovale.com.br\/portal\/index.php?rest_route=\/wp\/v2\/types\/post"}],"author":[{"embeddable":true,"href":"https:\/\/aconteceunovale.com.br\/portal\/index.php?rest_route=\/wp\/v2\/users\/1"}],"replies":[{"embeddable":true,"href":"https:\/\/aconteceunovale.com.br\/portal\/index.php?rest_route=%2Fwp%2Fv2%2Fcomments&post=163042"}],"version-history":[{"count":2,"href":"https:\/\/aconteceunovale.com.br\/portal\/index.php?rest_route=\/wp\/v2\/posts\/163042\/revisions"}],"predecessor-version":[{"id":163046,"href":"https:\/\/aconteceunovale.com.br\/portal\/index.php?rest_route=\/wp\/v2\/posts\/163042\/revisions\/163046"}],"wp:featuredmedia":[{"embeddable":true,"href":"https:\/\/aconteceunovale.com.br\/portal\/index.php?rest_route=\/wp\/v2\/media\/163043"}],"wp:attachment":[{"href":"https:\/\/aconteceunovale.com.br\/portal\/index.php?rest_route=%2Fwp%2Fv2%2Fmedia&parent=163042"}],"wp:term":[{"taxonomy":"category","embeddable":true,"href":"https:\/\/aconteceunovale.com.br\/portal\/index.php?rest_route=%2Fwp%2Fv2%2Fcategories&post=163042"},{"taxonomy":"post_tag","embeddable":true,"href":"https:\/\/aconteceunovale.com.br\/portal\/index.php?rest_route=%2Fwp%2Fv2%2Ftags&post=163042"}],"curies":[{"name":"wp","href":"https:\/\/api.w.org\/{rel}","templated":true}]}}