{"id":163040,"date":"2020-05-27T00:57:00","date_gmt":"2020-05-27T03:57:00","guid":{"rendered":"https:\/\/aconteceunovale.com.br\/portal\/?p=163040"},"modified":"2020-05-27T00:59:27","modified_gmt":"2020-05-27T03:59:27","slug":"prefeitura-de-teofilo-otoni-confirma-oitavo-obito-por-covid-19","status":"publish","type":"post","link":"https:\/\/aconteceunovale.com.br\/portal\/?p=163040","title":{"rendered":"Prefeitura de Te\u00f3filo Otoni confirma oitavo \u00f3bito por Covid-19"},"content":{"rendered":"\n<p>A Prefeitura de Te\u00f3filo Otoni (MG) confirmou na noite desta ter\u00e7a-feira (26\/5\/2020) a oitava morte por Covid-19 no munic\u00edpio. Trata-se de uma mulher, de 67 anos, que tinha comorbidades. Ela estava internada no Hospital Santa Ros\u00e1lia desde a quarta-feira (20).<\/p>\n\n\n\n<p>No in\u00edcio da noite, o munic\u00edpio havia confirmado o s\u00e9timo \u00f3bito. A paciente, uma idosa de 64 anos, tamb\u00e9m tinha comorbidades. Ela estava internada no Hospital Bom Samaritano desde o dia 14 deste m\u00eas e morreu na tarde desta ter\u00e7a-feira.<\/p>\n\n\n\n<p>Segundo o \u00faltimo boletim epidemiol\u00f3gico, o n\u00famero de casos confirmados permanece em 167, sendo que 57 pacientes est\u00e3o recuperados, 12 internados e 90 em isolamento domiciliar.<\/p>\n\n\n\n<figure class=\"wp-block-image size-large\"><img decoding=\"async\" src=\"https:\/\/aconteceu.info\/boletins\/corona_teo_26maio_1.jpg\" alt=\"\"\/><\/figure>\n\n\n\n<figure class=\"wp-block-image size-large\"><img decoding=\"async\" src=\"https:\/\/aconteceu.info\/boletins\/corona_teo_26maio_2.jpg\" alt=\"\"\/><\/figure>\n\n\n\n<p class=\"has-background has-very-light-gray-background-color\">Quer saber as not\u00edcias do <strong>Aconteceu no Vale<\/strong> em primeira m\u00e3o? Siga-nos no Facebook <a rel=\"noreferrer noopener\" href=\"http:\/\/facebook.com\/aconteceunovale\" target=\"_blank\">@aconteceunovale<\/a>, Twitter <a rel=\"noreferrer noopener\" href=\"https:\/\/twitter.com\/noticiadosvales\" target=\"_blank\">@noticiadosvales<\/a> e Instagram <a rel=\"noreferrer noopener\" href=\"https:\/\/www.instagram.com\/aconteceunovale\" target=\"_blank\">@aconteceunovale<\/a>.<\/p>\n","protected":false},"excerpt":{"rendered":"<p>A Prefeitura de Te\u00f3filo Otoni (MG) confirmou na noite desta ter\u00e7a-feira (26\/5\/2020) a oitava morte por Covid-19 no munic\u00edpio. Trata-se de uma mulher, de 67 anos, que tinha comorbidades. Ela estava internada no Hospital Santa Ros\u00e1lia desde a quarta-feira (20). No in\u00edcio da noite, o munic\u00edpio havia confirmado o s\u00e9timo \u00f3bito. A paciente, uma idosa [&hellip;]<\/p>\n","protected":false},"author":1,"featured_media":161382,"comment_status":"open","ping_status":"closed","sticky":false,"template":"","format":"standard","meta":{"amp_status":"","footnotes":""},"categories":[40242,122],"tags":[221838,221839,221837,220816,214884,220365,221558,216498,220363,220815,221486,221485,221783,221483,221484,220817,221836,221646,222462,222101,220818,222365,221096,221917,164,221956,220813,221487,220814,220812],"class_list":["post-163040","post","type-post","status-publish","format-standard","has-post-thumbnail","hentry","category-saude-2","category-mucuri","tag-boletim-coronavirus-teofilo-otoni","tag-boletim-covid-19-teofilo-otoni","tag-boletim-epidemiologico-teofilo-otoni","tag-casos-de-coronavirus-em-teofilo-otoni","tag-coronavirus","tag-coronavirus-em-teofilo-otoni","tag-coronavirus-prefeitura-de-teofilo-otoni-confirma-35-casos-e-dois-obitos","tag-covid-19","tag-covid-19-em-teofilo-otoni","tag-infectados-por-coronavirus-em-teofilo-otoni","tag-morte-por-coronavirus-em-teofilo-otoni","tag-morte-por-covid-19-em-teofilo-otoni","tag-numero-de-infectados-por-covid-19-em-teofilo-otoni-sobe-para-50","tag-obito-por-coronavirus-em-teofilo-otoni","tag-obito-por-covid-19-em-teofilo-otoni","tag-pacientes-de-coronavirus-em-teofilo-otoni","tag-prefeitura-de-teofilo-otoni-confirma-mais-13-casos-de-covid-19","tag-prefeitura-de-teofilo-otoni-confirma-mais-sete-casos-de-covid-19","tag-prefeitura-de-teofilo-otoni-confirma-oitavo-obito-por-covid-19","tag-prefeitura-de-teofilo-otoni-confirma-quinto-obito-por-covid-19","tag-profissionais-de-saude-infectados-com-coronavirus-em-teofilo-otoni","tag-sobe-para-146-o-numero-de-casos-confirmados-de-covid-19-em-teofilo-otoni","tag-sobe-para-16-o-numero-de-casos-confirmados-de-coronavirus-em-teofilo-otoni","tag-sobe-para-71-o-numero-de-casos-confirmados-de-covid-19-em-teofilo-otoni","tag-teofilo-otoni","tag-teofilo-otoni-confirma-mais-dois-obitos-por-coronavirus","tag-teofilo-otoni-confirma-oito-casos-de-coronavirus","tag-teofilo-otoni-confirma-primeiro-obito-por-coronavirus","tag-teofilo-otoni-coronavirus","tag-teofilo-otoni-covid-19"],"_links":{"self":[{"href":"https:\/\/aconteceunovale.com.br\/portal\/index.php?rest_route=\/wp\/v2\/posts\/163040","targetHints":{"allow":["GET"]}}],"collection":[{"href":"https:\/\/aconteceunovale.com.br\/portal\/index.php?rest_route=\/wp\/v2\/posts"}],"about":[{"href":"https:\/\/aconteceunovale.com.br\/portal\/index.php?rest_route=\/wp\/v2\/types\/post"}],"author":[{"embeddable":true,"href":"https:\/\/aconteceunovale.com.br\/portal\/index.php?rest_route=\/wp\/v2\/users\/1"}],"replies":[{"embeddable":true,"href":"https:\/\/aconteceunovale.com.br\/portal\/index.php?rest_route=%2Fwp%2Fv2%2Fcomments&post=163040"}],"version-history":[{"count":1,"href":"https:\/\/aconteceunovale.com.br\/portal\/index.php?rest_route=\/wp\/v2\/posts\/163040\/revisions"}],"predecessor-version":[{"id":163041,"href":"https:\/\/aconteceunovale.com.br\/portal\/index.php?rest_route=\/wp\/v2\/posts\/163040\/revisions\/163041"}],"wp:featuredmedia":[{"embeddable":true,"href":"https:\/\/aconteceunovale.com.br\/portal\/index.php?rest_route=\/wp\/v2\/media\/161382"}],"wp:attachment":[{"href":"https:\/\/aconteceunovale.com.br\/portal\/index.php?rest_route=%2Fwp%2Fv2%2Fmedia&parent=163040"}],"wp:term":[{"taxonomy":"category","embeddable":true,"href":"https:\/\/aconteceunovale.com.br\/portal\/index.php?rest_route=%2Fwp%2Fv2%2Fcategories&post=163040"},{"taxonomy":"post_tag","embeddable":true,"href":"https:\/\/aconteceunovale.com.br\/portal\/index.php?rest_route=%2Fwp%2Fv2%2Ftags&post=163040"}],"curies":[{"name":"wp","href":"https:\/\/api.w.org\/{rel}","templated":true}]}}