{"id":163036,"date":"2020-05-27T00:35:47","date_gmt":"2020-05-27T03:35:47","guid":{"rendered":"https:\/\/aconteceunovale.com.br\/portal\/?p=163036"},"modified":"2020-05-27T10:38:51","modified_gmt":"2020-05-27T13:38:51","slug":"prefeitura-de-joaima-confirma-quinto-caso-de-coronavirus","status":"publish","type":"post","link":"https:\/\/aconteceunovale.com.br\/portal\/?p=163036","title":{"rendered":"Prefeitura de Joa\u00edma confirma quinto caso de coronav\u00edrus"},"content":{"rendered":"\n<p>A Prefeitura de Joa\u00edma (MG) confirmou um novo caso de Covid-19. Segundo informa\u00e7\u00f5es do boletim epidemiol\u00f3gico, atualizado na noite desta ter\u00e7a-feira (26\/5\/2020), o munic\u00edpio soma cinco pacientes infectados com o v\u00edrus.<\/p>\n\n\n\n<p>Desde o in\u00edcio da pandemia, conforme o boletim desta ter\u00e7a-feira, a Secretaria Municipal de Sa\u00fade de Joa\u00edma notificou 41 casos suspeitos de coronav\u00edrus. Deste total, cinco foram descartados por exame e 19 j\u00e1 cumpriram o per\u00edodo de isolamento social. Outras 12 pessoas s\u00e3o monitoradas por equipes de sa\u00fade do munic\u00edpio.<\/p>\n\n\n\n<p><strong>Confira o boletim de 26\/5\/2020:<\/strong><\/p>\n\n\n\n<figure class=\"wp-block-image size-large\"><img decoding=\"async\" src=\"https:\/\/aconteceu.info\/boletins\/corona_joaima_26maio.jpg\" alt=\"\"\/><\/figure>\n\n\n\n<p class=\"has-background has-very-light-gray-background-color\">Quer saber as not\u00edcias do <strong>Aconteceu no Vale<\/strong> em primeira m\u00e3o? Siga-nos no Facebook <a rel=\"noreferrer noopener\" href=\"http:\/\/facebook.com\/aconteceunovale\" target=\"_blank\">@aconteceunovale<\/a>, Twitter <a rel=\"noreferrer noopener\" href=\"https:\/\/twitter.com\/noticiadosvales\" target=\"_blank\">@noticiadosvales<\/a> e Instagram <a rel=\"noreferrer noopener\" href=\"https:\/\/www.instagram.com\/aconteceunovale\" target=\"_blank\">@aconteceunovale<\/a>.<\/p>\n","protected":false},"excerpt":{"rendered":"<p>A Prefeitura de Joa\u00edma (MG) confirmou um novo caso de Covid-19. Segundo informa\u00e7\u00f5es do boletim epidemiol\u00f3gico, atualizado na noite desta ter\u00e7a-feira (26\/5\/2020), o munic\u00edpio soma cinco pacientes infectados com o v\u00edrus. Desde o in\u00edcio da pandemia, conforme o boletim desta ter\u00e7a-feira, a Secretaria Municipal de Sa\u00fade de Joa\u00edma notificou 41 casos suspeitos de coronav\u00edrus. Deste [&hellip;]<\/p>\n","protected":false},"author":1,"featured_media":147858,"comment_status":"open","ping_status":"closed","sticky":false,"template":"","format":"standard","meta":{"amp_status":"","footnotes":""},"categories":[40242,120],"tags":[222456,222458,222455,222457,611,49955,222460,222459],"class_list":["post-163036","post","type-post","status-publish","format-standard","has-post-thumbnail","hentry","category-saude-2","category-jequi","tag-casos-de-coronavirus-em-joaima","tag-casos-de-covid-19-em-joaima","tag-coronavirus-em-joaima","tag-covid-19-em-joaima","tag-joaima","tag-prefeitura-de-joaima","tag-prefeitura-de-joaima-confirma-quinto-caso-de-coronavirus","tag-prefeitura-de-joaima-registra-quinto-caso-positivo-de-coronavirus"],"_links":{"self":[{"href":"https:\/\/aconteceunovale.com.br\/portal\/index.php?rest_route=\/wp\/v2\/posts\/163036","targetHints":{"allow":["GET"]}}],"collection":[{"href":"https:\/\/aconteceunovale.com.br\/portal\/index.php?rest_route=\/wp\/v2\/posts"}],"about":[{"href":"https:\/\/aconteceunovale.com.br\/portal\/index.php?rest_route=\/wp\/v2\/types\/post"}],"author":[{"embeddable":true,"href":"https:\/\/aconteceunovale.com.br\/portal\/index.php?rest_route=\/wp\/v2\/users\/1"}],"replies":[{"embeddable":true,"href":"https:\/\/aconteceunovale.com.br\/portal\/index.php?rest_route=%2Fwp%2Fv2%2Fcomments&post=163036"}],"version-history":[{"count":2,"href":"https:\/\/aconteceunovale.com.br\/portal\/index.php?rest_route=\/wp\/v2\/posts\/163036\/revisions"}],"predecessor-version":[{"id":163059,"href":"https:\/\/aconteceunovale.com.br\/portal\/index.php?rest_route=\/wp\/v2\/posts\/163036\/revisions\/163059"}],"wp:featuredmedia":[{"embeddable":true,"href":"https:\/\/aconteceunovale.com.br\/portal\/index.php?rest_route=\/wp\/v2\/media\/147858"}],"wp:attachment":[{"href":"https:\/\/aconteceunovale.com.br\/portal\/index.php?rest_route=%2Fwp%2Fv2%2Fmedia&parent=163036"}],"wp:term":[{"taxonomy":"category","embeddable":true,"href":"https:\/\/aconteceunovale.com.br\/portal\/index.php?rest_route=%2Fwp%2Fv2%2Fcategories&post=163036"},{"taxonomy":"post_tag","embeddable":true,"href":"https:\/\/aconteceunovale.com.br\/portal\/index.php?rest_route=%2Fwp%2Fv2%2Ftags&post=163036"}],"curies":[{"name":"wp","href":"https:\/\/api.w.org\/{rel}","templated":true}]}}