{"id":163027,"date":"2020-05-26T23:54:18","date_gmt":"2020-05-27T02:54:18","guid":{"rendered":"https:\/\/aconteceunovale.com.br\/portal\/?p=163027"},"modified":"2020-05-26T23:54:43","modified_gmt":"2020-05-27T02:54:43","slug":"acidente-deixa-um-morto-e-um-ferido-em-malacacheta","status":"publish","type":"post","link":"https:\/\/aconteceunovale.com.br\/portal\/?p=163027","title":{"rendered":"Acidente deixa um morto e um ferido em Malacacheta"},"content":{"rendered":"\n<p>Uma pessoa morreu e outra ficou ferida em um acidente na MG-217, no munic\u00edpio de Malacacheta (MG), na noite desta ter\u00e7a-feira (26\/5\/2020). A colis\u00e3o frontal entre uma motocicleta Honda CG 150 e uma picape VW Saveiro aconteceu no km 62 da rodovia.<\/p>\n\n\n\n<p>Segundo informa\u00e7\u00f5es da Pol\u00edcia Militar (PM), a moto seguia no sentido Pot\u00e9\/Malacacheta e, em um trecho de curva, derrapou na pista e atingiu o outro ve\u00edculo na contram\u00e3o de dire\u00e7\u00e3o.<\/p>\n\n\n\n<p>Um bombeiro militar, que passava pelo local no momento do acidente, realizou os primeiros socorros aos ocupantes da motocicleta at\u00e9 a chegada de uma equipe do SAMU (Servi\u00e7o de Atendimento M\u00f3vel de Urg\u00eancia).<\/p>\n\n\n\n<p>Wire Kaique Batista Rodrigues, de 20 anos, n\u00e3o resistiu aos ferimentos e morreu ao dar entrada no Hospital Doutor Carlos Marx. O passageiro teve escoria\u00e7\u00f5es e permanece internado em observa\u00e7\u00e3o. O condutor da picape n\u00e3o se feriu.<\/p>\n\n\n\n<p>O corpo de Wire Kaique foi encaminhado ao Instituto M\u00e9dico Legal (IML) de Te\u00f3filo Otoni. As causas do acidente ser\u00e3o investigadas.<\/p>\n\n\n\n<figure class=\"wp-block-gallery columns-1 is-cropped wp-block-gallery-1 is-layout-flex wp-block-gallery-is-layout-flex\"><ul class=\"blocks-gallery-grid\"><li class=\"blocks-gallery-item\"><figure><img loading=\"lazy\" decoding=\"async\" width=\"678\" height=\"447\" src=\"https:\/\/aconteceunovale.com.br\/portal\/wp-content\/uploads\/2020\/05\/acidente_malacacheta_1.jpg\" alt=\"\" data-id=\"163031\" data-full-url=\"https:\/\/aconteceunovale.com.br\/portal\/wp-content\/uploads\/2020\/05\/acidente_malacacheta_1.jpg\" data-link=\"https:\/\/aconteceunovale.com.br\/portal\/?attachment_id=163031\" class=\"wp-image-163031\" srcset=\"https:\/\/aconteceunovale.com.br\/portal\/wp-content\/uploads\/2020\/05\/acidente_malacacheta_1.jpg 678w, https:\/\/aconteceunovale.com.br\/portal\/wp-content\/uploads\/2020\/05\/acidente_malacacheta_1-300x198.jpg 300w, https:\/\/aconteceunovale.com.br\/portal\/wp-content\/uploads\/2020\/05\/acidente_malacacheta_1-637x420.jpg 637w\" sizes=\"auto, (max-width: 678px) 100vw, 678px\" \/><figcaption class=\"blocks-gallery-item__caption\"><em>Acidente aconteceu no km 62 da MG-217 &#8211; Foto: Reprodu\u00e7\u00e3o<\/em><\/figcaption><\/figure><\/li><li class=\"blocks-gallery-item\"><figure><img loading=\"lazy\" decoding=\"async\" width=\"678\" height=\"443\" src=\"https:\/\/aconteceunovale.com.br\/portal\/wp-content\/uploads\/2020\/05\/acidente_malacacheta_2.jpg\" alt=\"\" data-id=\"163030\" data-full-url=\"https:\/\/aconteceunovale.com.br\/portal\/wp-content\/uploads\/2020\/05\/acidente_malacacheta_2.jpg\" data-link=\"https:\/\/aconteceunovale.com.br\/portal\/?attachment_id=163030\" class=\"wp-image-163030\" srcset=\"https:\/\/aconteceunovale.com.br\/portal\/wp-content\/uploads\/2020\/05\/acidente_malacacheta_2.jpg 678w, https:\/\/aconteceunovale.com.br\/portal\/wp-content\/uploads\/2020\/05\/acidente_malacacheta_2-300x196.jpg 300w, https:\/\/aconteceunovale.com.br\/portal\/wp-content\/uploads\/2020\/05\/acidente_malacacheta_2-643x420.jpg 643w\" sizes=\"auto, (max-width: 678px) 100vw, 678px\" \/><figcaption class=\"blocks-gallery-item__caption\"><em>Acidente aconteceu no km 62 da MG-217 &#8211; Foto: Reprodu\u00e7\u00e3o<\/em><\/figcaption><\/figure><\/li><li class=\"blocks-gallery-item\"><figure><img loading=\"lazy\" decoding=\"async\" width=\"678\" height=\"434\" src=\"https:\/\/aconteceunovale.com.br\/portal\/wp-content\/uploads\/2020\/05\/acidente_malacacheta_3.jpg\" alt=\"\" data-id=\"163029\" data-full-url=\"https:\/\/aconteceunovale.com.br\/portal\/wp-content\/uploads\/2020\/05\/acidente_malacacheta_3.jpg\" data-link=\"https:\/\/aconteceunovale.com.br\/portal\/?attachment_id=163029\" class=\"wp-image-163029\" srcset=\"https:\/\/aconteceunovale.com.br\/portal\/wp-content\/uploads\/2020\/05\/acidente_malacacheta_3.jpg 678w, https:\/\/aconteceunovale.com.br\/portal\/wp-content\/uploads\/2020\/05\/acidente_malacacheta_3-300x192.jpg 300w, https:\/\/aconteceunovale.com.br\/portal\/wp-content\/uploads\/2020\/05\/acidente_malacacheta_3-656x420.jpg 656w\" sizes=\"auto, (max-width: 678px) 100vw, 678px\" \/><figcaption class=\"blocks-gallery-item__caption\"><em>Acidente aconteceu no km 62 da MG-217 &#8211; Foto: Reprodu\u00e7\u00e3o<\/em><\/figcaption><\/figure><\/li><li class=\"blocks-gallery-item\"><figure><img loading=\"lazy\" decoding=\"async\" width=\"678\" height=\"443\" src=\"https:\/\/aconteceunovale.com.br\/portal\/wp-content\/uploads\/2020\/05\/acidente_malacacheta_4.jpg\" alt=\"\" data-id=\"163028\" data-full-url=\"https:\/\/aconteceunovale.com.br\/portal\/wp-content\/uploads\/2020\/05\/acidente_malacacheta_4.jpg\" data-link=\"https:\/\/aconteceunovale.com.br\/portal\/?attachment_id=163028\" class=\"wp-image-163028\" srcset=\"https:\/\/aconteceunovale.com.br\/portal\/wp-content\/uploads\/2020\/05\/acidente_malacacheta_4.jpg 678w, https:\/\/aconteceunovale.com.br\/portal\/wp-content\/uploads\/2020\/05\/acidente_malacacheta_4-300x196.jpg 300w, https:\/\/aconteceunovale.com.br\/portal\/wp-content\/uploads\/2020\/05\/acidente_malacacheta_4-643x420.jpg 643w\" sizes=\"auto, (max-width: 678px) 100vw, 678px\" \/><figcaption class=\"blocks-gallery-item__caption\"><em>Wire Kaique Batista Rodrigues<\/em> tinha 20 anos<em> &#8211; Foto: Reprodu\u00e7\u00e3o<\/em><\/figcaption><\/figure><\/li><\/ul><\/figure>\n\n\n\n<p class=\"has-background has-very-light-gray-background-color\">Quer saber as not\u00edcias do <strong>Aconteceu no Vale<\/strong> em primeira m\u00e3o? Siga-nos no Facebook <a rel=\"noreferrer noopener\" href=\"http:\/\/facebook.com\/aconteceunovale\" target=\"_blank\">@aconteceunovale<\/a>, Twitter <a rel=\"noreferrer noopener\" href=\"https:\/\/twitter.com\/noticiadosvales\" target=\"_blank\">@noticiadosvales<\/a> e Instagram <a rel=\"noreferrer noopener\" href=\"https:\/\/www.instagram.com\/aconteceunovale\" target=\"_blank\">@aconteceunovale<\/a>.<\/p>\n","protected":false},"excerpt":{"rendered":"<p>Uma pessoa morreu e outra ficou ferida em um acidente na MG-217, no munic\u00edpio de Malacacheta (MG), na noite desta ter\u00e7a-feira (26\/5\/2020). A colis\u00e3o frontal entre uma motocicleta Honda CG 150 e uma picape VW Saveiro aconteceu no km 62 da rodovia. Segundo informa\u00e7\u00f5es da Pol\u00edcia Militar (PM), a moto seguia no sentido Pot\u00e9\/Malacacheta e, [&hellip;]<\/p>\n","protected":false},"author":1,"featured_media":163030,"comment_status":"open","ping_status":"closed","sticky":false,"template":"","format":"standard","meta":{"amp_status":"","footnotes":""},"categories":[122],"tags":[222449,25632,222452,222450,222453,104289,1018,226,3139,164,222451],"class_list":["post-163027","post","type-post","status-publish","format-standard","has-post-thumbnail","hentry","category-mucuri","tag-acidente-deixa-um-morto-e-um-ferido-em-malacacheta","tag-acidente-em-malacacheta","tag-acidente-entre-carro-e-moto-em-malacacheta","tag-acidente-entre-moto-e-saveiro-em-malacacheta","tag-acidente-entre-pote-e-malacacheta","tag-acidente-na-mg-217-em-malacacheta","tag-destaque","tag-malacacheta","tag-pote","tag-teofilo-otoni","tag-wike-kaique-batista-rodrigues"],"_links":{"self":[{"href":"https:\/\/aconteceunovale.com.br\/portal\/index.php?rest_route=\/wp\/v2\/posts\/163027","targetHints":{"allow":["GET"]}}],"collection":[{"href":"https:\/\/aconteceunovale.com.br\/portal\/index.php?rest_route=\/wp\/v2\/posts"}],"about":[{"href":"https:\/\/aconteceunovale.com.br\/portal\/index.php?rest_route=\/wp\/v2\/types\/post"}],"author":[{"embeddable":true,"href":"https:\/\/aconteceunovale.com.br\/portal\/index.php?rest_route=\/wp\/v2\/users\/1"}],"replies":[{"embeddable":true,"href":"https:\/\/aconteceunovale.com.br\/portal\/index.php?rest_route=%2Fwp%2Fv2%2Fcomments&post=163027"}],"version-history":[{"count":1,"href":"https:\/\/aconteceunovale.com.br\/portal\/index.php?rest_route=\/wp\/v2\/posts\/163027\/revisions"}],"predecessor-version":[{"id":163032,"href":"https:\/\/aconteceunovale.com.br\/portal\/index.php?rest_route=\/wp\/v2\/posts\/163027\/revisions\/163032"}],"wp:featuredmedia":[{"embeddable":true,"href":"https:\/\/aconteceunovale.com.br\/portal\/index.php?rest_route=\/wp\/v2\/media\/163030"}],"wp:attachment":[{"href":"https:\/\/aconteceunovale.com.br\/portal\/index.php?rest_route=%2Fwp%2Fv2%2Fmedia&parent=163027"}],"wp:term":[{"taxonomy":"category","embeddable":true,"href":"https:\/\/aconteceunovale.com.br\/portal\/index.php?rest_route=%2Fwp%2Fv2%2Fcategories&post=163027"},{"taxonomy":"post_tag","embeddable":true,"href":"https:\/\/aconteceunovale.com.br\/portal\/index.php?rest_route=%2Fwp%2Fv2%2Ftags&post=163027"}],"curies":[{"name":"wp","href":"https:\/\/api.w.org\/{rel}","templated":true}]}}