{"id":163005,"date":"2020-05-26T20:46:31","date_gmt":"2020-05-26T23:46:31","guid":{"rendered":"https:\/\/aconteceunovale.com.br\/portal\/?p=163005"},"modified":"2020-05-27T10:38:33","modified_gmt":"2020-05-27T13:38:33","slug":"prefeitura-de-diamantina-confirma-mais-um-caso-de-coronavirus","status":"publish","type":"post","link":"https:\/\/aconteceunovale.com.br\/portal\/?p=163005","title":{"rendered":"Prefeitura de Diamantina confirma mais um caso de coronav\u00edrus"},"content":{"rendered":"\n<p>A Prefeitura de Diamantina (MG) confirmou um novo caso de Covid-19. Segundo informa\u00e7\u00f5es do boletim epidemiol\u00f3gico, atualizado na noite desta ter\u00e7a-feira (26\/5\/2020), o munic\u00edpio soma oito moradores infectados com o v\u00edrus. Todos os pacientes est\u00e3o em isolamento domiciliar.<\/p>\n\n\n\n<p>De acordo com a prefeitura, 46 casos suspeitos est\u00e3o em investiga\u00e7\u00e3o. Um dos pacientes, do sexo masculino, de 40 anos, veio a \u00f3bito nesta ter\u00e7a-feira.<\/p>\n\n\n\n<p><em>&#8220;O paciente deu entrada no pronto atendimento na data de hoje com parada cardiorrespirat\u00f3ria. A coleta do exame foi realizada e estamos aguardando o resultado&#8221;<\/em>, informou o Executivo.<\/p>\n\n\n\n<p>Desde o in\u00edcio da pandemia, conforme o boletim de hoje, a Secretaria Municipal de Sa\u00fade de Diamantina notificou 269 casos suspeitos de coronav\u00edrus. Deste total, 107 foram descartados por exame laboratorial e 108 por crit\u00e9rio cl\u00ednico.<\/p>\n\n\n\n<p><strong>Confira o boletim de 26\/5\/2020:<\/strong><\/p>\n\n\n\n<figure class=\"wp-block-image size-large\"><img decoding=\"async\" src=\"https:\/\/aconteceu.info\/boletins\/corona_diamantina_26maio.png\" alt=\"\"\/><\/figure>\n\n\n\n<p class=\"has-background has-very-light-gray-background-color\">Quer saber as not\u00edcias do <strong>Aconteceu no Vale<\/strong> em primeira m\u00e3o? Siga-nos no Facebook <a rel=\"noreferrer noopener\" href=\"http:\/\/facebook.com\/aconteceunovale\" target=\"_blank\">@aconteceunovale<\/a>, Twitter <a rel=\"noreferrer noopener\" href=\"https:\/\/twitter.com\/noticiadosvales\" target=\"_blank\">@noticiadosvales<\/a> e Instagram <a rel=\"noreferrer noopener\" href=\"https:\/\/www.instagram.com\/aconteceunovale\" target=\"_blank\">@aconteceunovale<\/a>.<\/p>\n","protected":false},"excerpt":{"rendered":"<p>A Prefeitura de Diamantina (MG) confirmou um novo caso de Covid-19. Segundo informa\u00e7\u00f5es do boletim epidemiol\u00f3gico, atualizado na noite desta ter\u00e7a-feira (26\/5\/2020), o munic\u00edpio soma oito moradores infectados com o v\u00edrus. Todos os pacientes est\u00e3o em isolamento domiciliar. De acordo com a prefeitura, 46 casos suspeitos est\u00e3o em investiga\u00e7\u00e3o. Um dos pacientes, do sexo masculino, [&hellip;]<\/p>\n","protected":false},"author":1,"featured_media":163006,"comment_status":"open","ping_status":"closed","sticky":false,"template":"","format":"standard","meta":{"amp_status":"","footnotes":""},"categories":[40242,120],"tags":[221709,221708,221707,221710,221711,1018,198,221784,221712,221713,221716,221919,221714,222429,221715,221920],"class_list":["post-163005","post","type-post","status-publish","format-standard","has-post-thumbnail","hentry","category-saude-2","category-jequi","tag-caso-confirmado-de-coronavirus-em-diamantina","tag-caso-de-coronavirus-em-diamantina","tag-caso-de-covid-19-em-diamantina","tag-confirmado-o-primeiro-caso-de-coronavirus-em-diamantina","tag-coronavirus-em-diamantina","tag-destaque","tag-diamantina","tag-diamantina-confirma-mais-quatro-casos-de-covid-19","tag-diamantina-coronavirus","tag-diamantina-covid-19","tag-diamantina-tem-primeiro-caso-confirmado-de-coronavirus","tag-novas-medidas-obrigatorias-para-os-supermercados-de-diamantina","tag-paciente-com-coronavirus-em-diamantina","tag-prefeitura-de-diamantina-confirma-mais-um-caso-de-coronavirus","tag-prefeitura-de-diamantina-confirma-primeiro-caso-de-coronavirus","tag-sobe-para-7-o-numero-de-casos-confirmados-de-covid-19-em-diamantina"],"_links":{"self":[{"href":"https:\/\/aconteceunovale.com.br\/portal\/index.php?rest_route=\/wp\/v2\/posts\/163005","targetHints":{"allow":["GET"]}}],"collection":[{"href":"https:\/\/aconteceunovale.com.br\/portal\/index.php?rest_route=\/wp\/v2\/posts"}],"about":[{"href":"https:\/\/aconteceunovale.com.br\/portal\/index.php?rest_route=\/wp\/v2\/types\/post"}],"author":[{"embeddable":true,"href":"https:\/\/aconteceunovale.com.br\/portal\/index.php?rest_route=\/wp\/v2\/users\/1"}],"replies":[{"embeddable":true,"href":"https:\/\/aconteceunovale.com.br\/portal\/index.php?rest_route=%2Fwp%2Fv2%2Fcomments&post=163005"}],"version-history":[{"count":2,"href":"https:\/\/aconteceunovale.com.br\/portal\/index.php?rest_route=\/wp\/v2\/posts\/163005\/revisions"}],"predecessor-version":[{"id":163062,"href":"https:\/\/aconteceunovale.com.br\/portal\/index.php?rest_route=\/wp\/v2\/posts\/163005\/revisions\/163062"}],"wp:featuredmedia":[{"embeddable":true,"href":"https:\/\/aconteceunovale.com.br\/portal\/index.php?rest_route=\/wp\/v2\/media\/163006"}],"wp:attachment":[{"href":"https:\/\/aconteceunovale.com.br\/portal\/index.php?rest_route=%2Fwp%2Fv2%2Fmedia&parent=163005"}],"wp:term":[{"taxonomy":"category","embeddable":true,"href":"https:\/\/aconteceunovale.com.br\/portal\/index.php?rest_route=%2Fwp%2Fv2%2Fcategories&post=163005"},{"taxonomy":"post_tag","embeddable":true,"href":"https:\/\/aconteceunovale.com.br\/portal\/index.php?rest_route=%2Fwp%2Fv2%2Ftags&post=163005"}],"curies":[{"name":"wp","href":"https:\/\/api.w.org\/{rel}","templated":true}]}}