{"id":163002,"date":"2020-05-26T20:22:54","date_gmt":"2020-05-26T23:22:54","guid":{"rendered":"https:\/\/aconteceunovale.com.br\/portal\/?p=163002"},"modified":"2020-05-26T20:23:28","modified_gmt":"2020-05-26T23:23:28","slug":"sobe-para-22-o-numero-de-casos-confirmados-de-covid-19-em-caratinga","status":"publish","type":"post","link":"https:\/\/aconteceunovale.com.br\/portal\/?p=163002","title":{"rendered":"Sobe para 22 o n\u00famero de casos confirmados de Covid-19 em Caratinga"},"content":{"rendered":"\n<p>A Prefeitura de Caratinga (MG) confirmou nesta ter\u00e7a-feira (26\/5\/2020) um novo caso de Covid-19 no munic\u00edpio. Trata-se de um homem, de 50 anos, morador do C\u00f3rrego S\u00e3o Manoel.<\/p>\n\n\n\n<p>Segundo o boletim epidemiol\u00f3gico, atualizado no final da tarde, Caratinga soma 22 casos positivos de Covid-19. Desse total, seis pacientes j\u00e1 est\u00e3o recuperados da doen\u00e7a.<\/p>\n\n\n\n<p>Outras oito pessoas est\u00e3o internadas (seis no Hospital Irm\u00e3 Denise e dois em unidades de sa\u00fade de outros munic\u00edpios), sendo que dois apresentam resultados n\u00e3o detect\u00e1veis para Covid-19, tr\u00eas aguardam resultado de exame e tr\u00eas apresentam resultados detect\u00e1veis para Covid-19.<\/p>\n\n\n\n<p>Desde o in\u00edcio da pandemia, segundo a prefeitura, foram notificados 444 casos suspeitos de coronav\u00edrus. Desses, 374 foram descartados por crit\u00e9rio cl\u00ednico epidemiol\u00f3gico, testes r\u00e1pidos e exames RT-PCR. Caratinga tem ainda 48 casos est\u00e3o em investiga\u00e7\u00e3o.<\/p>\n\n\n\n<p><strong>Confira o boletim de 26\/5\/2020:<\/strong><\/p>\n\n\n\n<figure class=\"wp-block-image size-large\"><img decoding=\"async\" src=\"https:\/\/aconteceu.info\/boletins\/corona_caratinga_26maio.jpeg\" alt=\"\"\/><\/figure>\n\n\n\n<p class=\"has-background has-very-light-gray-background-color\">Quer saber as not\u00edcias do <strong>Aconteceu no Vale<\/strong> em primeira m\u00e3o? Siga-nos no Facebook <a rel=\"noreferrer noopener\" href=\"http:\/\/facebook.com\/aconteceunovale\" target=\"_blank\">@aconteceunovale<\/a>, Twitter <a rel=\"noreferrer noopener\" href=\"https:\/\/twitter.com\/noticiadosvales\" target=\"_blank\">@noticiadosvales<\/a> e Instagram <a rel=\"noreferrer noopener\" href=\"https:\/\/www.instagram.com\/aconteceunovale\" target=\"_blank\">@aconteceunovale<\/a>.<\/p>\n","protected":false},"excerpt":{"rendered":"<p>A Prefeitura de Caratinga (MG) confirmou nesta ter\u00e7a-feira (26\/5\/2020) um novo caso de Covid-19 no munic\u00edpio. Trata-se de um homem, de 50 anos, morador do C\u00f3rrego S\u00e3o Manoel. Segundo o boletim epidemiol\u00f3gico, atualizado no final da tarde, Caratinga soma 22 casos positivos de Covid-19. Desse total, seis pacientes j\u00e1 est\u00e3o recuperados da doen\u00e7a. Outras oito [&hellip;]<\/p>\n","protected":false},"author":1,"featured_media":163003,"comment_status":"open","ping_status":"closed","sticky":false,"template":"","format":"standard","meta":{"amp_status":"","footnotes":""},"categories":[121,40242],"tags":[237,222425,222428,218091,222427,222426],"class_list":["post-163002","post","type-post","status-publish","format-standard","has-post-thumbnail","hentry","category-leste","category-saude-2","tag-caratinga","tag-casos-de-coronavirus-em-caratinga","tag-casos-de-covid-19-em-caratinga","tag-coronavirus-em-caratinga","tag-covid-19-em-caratinga","tag-sobe-para-22-o-numero-de-casos-confirmados-de-covid-19-em-caratinga"],"_links":{"self":[{"href":"https:\/\/aconteceunovale.com.br\/portal\/index.php?rest_route=\/wp\/v2\/posts\/163002","targetHints":{"allow":["GET"]}}],"collection":[{"href":"https:\/\/aconteceunovale.com.br\/portal\/index.php?rest_route=\/wp\/v2\/posts"}],"about":[{"href":"https:\/\/aconteceunovale.com.br\/portal\/index.php?rest_route=\/wp\/v2\/types\/post"}],"author":[{"embeddable":true,"href":"https:\/\/aconteceunovale.com.br\/portal\/index.php?rest_route=\/wp\/v2\/users\/1"}],"replies":[{"embeddable":true,"href":"https:\/\/aconteceunovale.com.br\/portal\/index.php?rest_route=%2Fwp%2Fv2%2Fcomments&post=163002"}],"version-history":[{"count":1,"href":"https:\/\/aconteceunovale.com.br\/portal\/index.php?rest_route=\/wp\/v2\/posts\/163002\/revisions"}],"predecessor-version":[{"id":163004,"href":"https:\/\/aconteceunovale.com.br\/portal\/index.php?rest_route=\/wp\/v2\/posts\/163002\/revisions\/163004"}],"wp:featuredmedia":[{"embeddable":true,"href":"https:\/\/aconteceunovale.com.br\/portal\/index.php?rest_route=\/wp\/v2\/media\/163003"}],"wp:attachment":[{"href":"https:\/\/aconteceunovale.com.br\/portal\/index.php?rest_route=%2Fwp%2Fv2%2Fmedia&parent=163002"}],"wp:term":[{"taxonomy":"category","embeddable":true,"href":"https:\/\/aconteceunovale.com.br\/portal\/index.php?rest_route=%2Fwp%2Fv2%2Fcategories&post=163002"},{"taxonomy":"post_tag","embeddable":true,"href":"https:\/\/aconteceunovale.com.br\/portal\/index.php?rest_route=%2Fwp%2Fv2%2Ftags&post=163002"}],"curies":[{"name":"wp","href":"https:\/\/api.w.org\/{rel}","templated":true}]}}