{"id":162990,"date":"2020-05-26T19:13:52","date_gmt":"2020-05-26T22:13:52","guid":{"rendered":"https:\/\/aconteceunovale.com.br\/portal\/?p=162990"},"modified":"2020-05-26T19:15:50","modified_gmt":"2020-05-26T22:15:50","slug":"prefeitura-de-ipatinga-anuncia-ampliacao-de-leitos-para-atender-infectados-por-coronavirus","status":"publish","type":"post","link":"https:\/\/aconteceunovale.com.br\/portal\/?p=162990","title":{"rendered":"Prefeitura de Ipatinga anuncia amplia\u00e7\u00e3o de leitos para atender infectados por coronav\u00edrus"},"content":{"rendered":"\n<p>O Hospital Municipal de Ipatinga (MG) ter\u00e1 o n\u00famero de leitos de enfermaria destinados a pacientes com Covid-19 ampliado de 16 para 40. Essa \u00e9 uma das principais a\u00e7\u00f5es que ser\u00e3o tomadas imediatamente pelas autoridades de sa\u00fade p\u00fablica do munic\u00edpio para fazer frente ao agravamento do quadro de cont\u00e1gio pela doen\u00e7a. As medidas foram anunciadas nesta ter\u00e7a-feira (26\/5) pelo prefeito de Ipatinga, Nardyello Rocha, durante coletiva de imprensa realizada na sala de reuni\u00f5es de seu gabinete.<\/p>\n\n\n\n<p>Ao lado da secret\u00e1ria de Sa\u00fade do munic\u00edpio, \u00c9rica Dias, e de m\u00e9dicos que comp\u00f5em o quadro de servidores da cidade, o chefe do Executivo detalhou a situa\u00e7\u00e3o delicada que o munic\u00edpio vem enfrentando nos \u00faltimos dias, sinalizando para novos cuidados em rela\u00e7\u00e3o \u00e0 pandemia. Nesta ter\u00e7a-feira, a cidade registrou 24 novos casos positivos de Covid-19, o que elevou para 149 o n\u00famero total. &nbsp;No dia anterior, j\u00e1 haviam sido 23 novos casos, o que fez a curva epidemiol\u00f3gica di\u00e1ria de positivo subir para a casa dos 20%. Durante um bom per\u00edodo, desde que o acompanhamento come\u00e7ou a ser feito pelos \u00f3rg\u00e3os de controle, ela estava em apenas 3 a 4%, depois de se iniciar em at\u00e9 170%.<\/p>\n\n\n\n<p>Outra preocupa\u00e7\u00e3o do munic\u00edpio \u00e9 com a taxa de ocupa\u00e7\u00e3o dos leitos de UTI para pacientes positivados ou com casos suspeitos da doen\u00e7a, que hoje j\u00e1 \u00e9 de 83%. Em rela\u00e7\u00e3o aos leitos de Enfermaria Covid-19, essa porcentagem atingiu 89% at\u00e9 as 12h desta ter\u00e7a-feira.<\/p>\n\n\n\n<p>Durante a coletiva, o prefeito relembrou que o primeiro caso confirmado na cidade aconteceu em 12 de mar\u00e7o, sendo que no dia seguinte o Governo j\u00e1 executou medidas restritivas para frear a dissemina\u00e7\u00e3o do v\u00edrus. A\u00e7\u00f5es de flexibiliza\u00e7\u00e3o s\u00f3 aconteceram depois de um per\u00edodo de dois meses e meio.<\/p>\n\n\n\n<p>\u201cQuando foi necess\u00e1rio, fizemos o isolamento social, com suspens\u00e3o das atividades escolares, inclusive fechando todo o com\u00e9rcio. Deixamos em funcionamento apenas aqueles segmentos considerados essenciais. Essa medida se fez necess\u00e1ria, uma vez que a curva epidemiol\u00f3gica di\u00e1ria de casos suspeitos no munic\u00edpio chegou a experimentar uma eleva\u00e7\u00e3o de 170%. E t\u00ednhamos ainda um agravante, que era o problema de n\u00e3o termos como realizar as testagens naquela ocasi\u00e3o\u201d, lembrou o prefeito.<\/p>\n\n\n\n<p>\u201cPassando esse primeiro momento \u2013 continuou o chefe do Executivo \u2013, n\u00f3s conseguimos controlar o avan\u00e7o do v\u00edrus. Assim, os n\u00fameros permitiram uma flexibiliza\u00e7\u00e3o, e ela foi feita com muita responsabilidade. Mas, como eu venho falando sempre, as nossas decis\u00f5es s\u00e3o sempre compartilhadas e muito refletidas, a partir de avalia\u00e7\u00f5es do Comit\u00ea Gestor de Crise, e \u00e9 com ele que iremos avaliar esse novo panorama da cidade\u201d.<\/p>\n\n\n\n<p><strong>Alto Risco<\/strong><\/p>\n\n\n\n<p>De acordo com o Minist\u00e9rio da Sa\u00fade, uma taxa de incid\u00eancia de 555 casos por milh\u00e3o de pessoas j\u00e1 \u00e9 considerada uma classifica\u00e7\u00e3o de Alto Risco para a doen\u00e7a. A popula\u00e7\u00e3o de Ipatinga est\u00e1 hoje em torno de 261 mil habitantes, e o n\u00famero de casos confirmados at\u00e9 12h desta ter\u00e7a-feira j\u00e1 chegava a 144, o que significa uma proje\u00e7\u00e3o de 551 casos por milh\u00e3o. Teoricamente, uma ocorr\u00eancia de 750 casos por milh\u00e3o caracterizaria uma situa\u00e7\u00e3o t\u00edpica para decreta\u00e7\u00e3o de \u2018lockdown\u2019.<\/p>\n\n\n\n<p>\u201cNossa preocupa\u00e7\u00e3o n\u00e3o \u00e9 s\u00f3 com Ipatinga, uma vez que atendemos, devido \u00e0 pactua\u00e7\u00e3o da sa\u00fade, mais 13 cidades da regi\u00e3o. E, hoje, temos nos hospitais da cidade pessoas at\u00e9 mesmo pertencentes a outras microrregi\u00f5es. Levando em considera\u00e7\u00e3o o n\u00famero de casos positivos em termos regionais, a rela\u00e7\u00e3o tamb\u00e9m \u00e9 delicada, de 488 casos por milh\u00e3o\u201d, esclareceu.<\/p>\n\n\n\n<figure class=\"wp-block-gallery columns-1 is-cropped wp-block-gallery-1 is-layout-flex wp-block-gallery-is-layout-flex\"><ul class=\"blocks-gallery-grid\"><li class=\"blocks-gallery-item\"><figure><img loading=\"lazy\" decoding=\"async\" width=\"678\" height=\"381\" src=\"https:\/\/aconteceunovale.com.br\/portal\/wp-content\/uploads\/2020\/05\/escola_ipatinga.jpg\" alt=\"\" data-id=\"162991\" class=\"wp-image-162991\" srcset=\"https:\/\/aconteceunovale.com.br\/portal\/wp-content\/uploads\/2020\/05\/escola_ipatinga.jpg 678w, https:\/\/aconteceunovale.com.br\/portal\/wp-content\/uploads\/2020\/05\/escola_ipatinga-300x169.jpg 300w\" sizes=\"auto, (max-width: 678px) 100vw, 678px\" \/><figcaption class=\"blocks-gallery-item__caption\"><em>Escola Canuta Rosa, pr\u00f3ximo ao Hospital Municipal &#8211; Foto: Prefeitura de Ipatinga \/ Divulga\u00e7\u00e3o<\/em><\/figcaption><\/figure><\/li><\/ul><\/figure>\n\n\n\n<p><strong>Suporte t\u00e9cnico<\/strong><\/p>\n\n\n\n<p>Outra medida j\u00e1 antecipada pelo Governo \u00e9 a amplia\u00e7\u00e3o de leitos de enfermaria com a implanta\u00e7\u00e3o de uma estrutura de suporte t\u00e9cnico na Escola Canuta Rosa, pr\u00f3ximo ao Hospital Municipal, no bairro Cidade Nobre. Escolhido pela administra\u00e7\u00e3o municipal como um local estrat\u00e9gico, a escola pode receber nos pr\u00f3ximos dias at\u00e9 40 leitos. Diante da dificuldade de adquirir respiradores no mercado e tendo em vista que o Estado tamb\u00e9m n\u00e3o tem encaminhado o equipamento aos munic\u00edpios, Ipatinga est\u00e1 adquirindo dez ventiladores espec\u00edficos para aux\u00edlio no tratamento dos doentes. &nbsp;<\/p>\n\n\n\n<p>\u201cVamos deixar para o Hospital Municipal os acr\u00e9scimos de leitos de UTI, uma vez que l\u00e1 j\u00e1 temos as equipes m\u00e9dicas preparadas e mais aparato para essa retaguarda. O Canuta seria um ponto de apoio para atendimento a formas mais brandas da doen\u00e7a\u201d, explicou a secret\u00e1ria \u00c9rica Dias.<\/p>\n\n\n\n<p><strong>Sanitiza\u00e7\u00e3o<\/strong><\/p>\n\n\n\n<p>O Governo de Ipatinga tamb\u00e9m anunciou nesta ter\u00e7a-feira que nos pr\u00f3ximos dias ser\u00e3o instaladas em locais de grande circula\u00e7\u00e3o de pessoas, na cidade, cerca de 20 cabines de desinfec\u00e7\u00e3o. Elas ajudam estrategicamente na limpeza de acess\u00f3rios de pessoas que eventualmente necessitam circular pelas ruas.\u00a0<\/p>\n\n\n\n<p class=\"has-background has-very-light-gray-background-color\">Quer saber as not\u00edcias do <strong>Aconteceu no Vale<\/strong> em primeira m\u00e3o? Siga-nos no Facebook <a rel=\"noreferrer noopener\" href=\"http:\/\/facebook.com\/aconteceunovale\" target=\"_blank\">@aconteceunovale<\/a>, Twitter <a rel=\"noreferrer noopener\" href=\"https:\/\/twitter.com\/noticiadosvales\" target=\"_blank\">@noticiadosvales<\/a> e Instagram <a rel=\"noreferrer noopener\" href=\"https:\/\/www.instagram.com\/aconteceunovale\" target=\"_blank\">@aconteceunovale<\/a>.<\/p>\n","protected":false},"excerpt":{"rendered":"<p>O Hospital Municipal de Ipatinga (MG) ter\u00e1 o n\u00famero de leitos de enfermaria destinados a pacientes com Covid-19 ampliado de 16 para 40. Essa \u00e9 uma das principais a\u00e7\u00f5es que ser\u00e3o tomadas imediatamente pelas autoridades de sa\u00fade p\u00fablica do munic\u00edpio para fazer frente ao agravamento do quadro de cont\u00e1gio pela doen\u00e7a. As medidas foram anunciadas [&hellip;]<\/p>\n","protected":false},"author":1,"featured_media":162991,"comment_status":"open","ping_status":"closed","sticky":false,"template":"","format":"standard","meta":{"amp_status":"","footnotes":""},"categories":[121,40242],"tags":[222294,222296,214884,217741,216498,1018,201,222370,222369,222368,46322,222423,222295,222417],"class_list":["post-162990","post","type-post","status-publish","format-standard","has-post-thumbnail","hentry","category-leste","category-saude-2","tag-casos-confirmados-de-coronavirus-em-ipatinga","tag-casos-confirmados-de-covid-19-em-ipatinga","tag-coronavirus","tag-coronavirus-em-ipatinga","tag-covid-19","tag-destaque","tag-ipatinga","tag-ipatinga-registra-o-primeiro-obito-por-covid-19","tag-obito-por-coronavirus-em-ipatinga","tag-obito-por-covid-19-em-ipatinga","tag-prefeitura-de-ipatinga","tag-prefeitura-de-ipatinga-anuncia-ampliacao-de-leitos-para-atender-infectados-por-coronavirus","tag-sobe-para-102-o-numero-de-casos-confirmados-de-covid-19-em-ipatinga","tag-sobe-para-149-o-numero-de-casos-confirmados-de-coronavirus-em-ipatinga"],"_links":{"self":[{"href":"https:\/\/aconteceunovale.com.br\/portal\/index.php?rest_route=\/wp\/v2\/posts\/162990","targetHints":{"allow":["GET"]}}],"collection":[{"href":"https:\/\/aconteceunovale.com.br\/portal\/index.php?rest_route=\/wp\/v2\/posts"}],"about":[{"href":"https:\/\/aconteceunovale.com.br\/portal\/index.php?rest_route=\/wp\/v2\/types\/post"}],"author":[{"embeddable":true,"href":"https:\/\/aconteceunovale.com.br\/portal\/index.php?rest_route=\/wp\/v2\/users\/1"}],"replies":[{"embeddable":true,"href":"https:\/\/aconteceunovale.com.br\/portal\/index.php?rest_route=%2Fwp%2Fv2%2Fcomments&post=162990"}],"version-history":[{"count":1,"href":"https:\/\/aconteceunovale.com.br\/portal\/index.php?rest_route=\/wp\/v2\/posts\/162990\/revisions"}],"predecessor-version":[{"id":162992,"href":"https:\/\/aconteceunovale.com.br\/portal\/index.php?rest_route=\/wp\/v2\/posts\/162990\/revisions\/162992"}],"wp:featuredmedia":[{"embeddable":true,"href":"https:\/\/aconteceunovale.com.br\/portal\/index.php?rest_route=\/wp\/v2\/media\/162991"}],"wp:attachment":[{"href":"https:\/\/aconteceunovale.com.br\/portal\/index.php?rest_route=%2Fwp%2Fv2%2Fmedia&parent=162990"}],"wp:term":[{"taxonomy":"category","embeddable":true,"href":"https:\/\/aconteceunovale.com.br\/portal\/index.php?rest_route=%2Fwp%2Fv2%2Fcategories&post=162990"},{"taxonomy":"post_tag","embeddable":true,"href":"https:\/\/aconteceunovale.com.br\/portal\/index.php?rest_route=%2Fwp%2Fv2%2Ftags&post=162990"}],"curies":[{"name":"wp","href":"https:\/\/api.w.org\/{rel}","templated":true}]}}