{"id":162988,"date":"2020-05-26T18:59:21","date_gmt":"2020-05-26T21:59:21","guid":{"rendered":"https:\/\/aconteceunovale.com.br\/portal\/?p=162988"},"modified":"2020-05-26T18:59:42","modified_gmt":"2020-05-26T21:59:42","slug":"casos-de-dengue-sobem-42-em-ipatinga","status":"publish","type":"post","link":"https:\/\/aconteceunovale.com.br\/portal\/?p=162988","title":{"rendered":"Casos de dengue sobem 42% em Ipatinga"},"content":{"rendered":"\n<p>A Secretaria de Sa\u00fade de Ipatinga (MG) divulgou nesta ter\u00e7a-feira (26\/5\/2020) o mais recente balan\u00e7o de casos de dengue e chikungunya no munic\u00edpio. As doen\u00e7as causadas pelo mosquito Aedes aegypti avan\u00e7am, apontando um acr\u00e9scimo significativo nos cinco primeiros meses de 2020 em compara\u00e7\u00e3o com o mesmo per\u00edodo do ano passado. Os dados mais preocupantes s\u00e3o em rela\u00e7\u00e3o \u00e0 dengue: s\u00e3o 764 casos computados, 42% a mais que o per\u00edodo de janeiro a maio de 2019.<\/p>\n\n\n\n<p>&#8220;Esse resultado coloca nosso munic\u00edpio na Fase 1 do plano de conting\u00eancia, ou seja, estamos notificando um n\u00famero superior a 100 infectados por 100 mil habitantes. Diante desse quadro, al\u00e9m das a\u00e7\u00f5es j\u00e1 frequentes adotadas contra as arboviroses, o munic\u00edpio est\u00e1 providenciando uma preven\u00e7\u00e3o com o carro fumac\u00ea nos bairros Cidade Nobre e Ideal, seguindo cronograma estabelecido&#8221;, adiantou a diretora do Departamento de Vigil\u00e2ncia em Sa\u00fade, Mara Andrade.&nbsp;<\/p>\n\n\n\n<p>Outro dado apurado no levantamento \u00e9 que os casos de chikungunya aumentaram 16% de janeiro a maio deste ano. Nos cinco primeiros meses de 2019, foram 161 casos, 27 menos que em 2020, no mesmo per\u00edodo, em que j\u00e1 foram registradas 188 notifica\u00e7\u00f5es.<\/p>\n\n\n\n<p>&#8220;Temos percebido que as pessoas t\u00eam se esquecido de a\u00e7\u00f5es contra as arboviroses. Mesmo que as aten\u00e7\u00f5es estejam mais voltadas para a Covid, neste momento, \u00e9 preciso lembrar que essas doen\u00e7as causadas pelo Aedes tamb\u00e9m s\u00e3o, em alguns casos, fatais. Temos de nos preocupar em n\u00e3o deixar \u00e1gua parada e cuidar para evitar o surgimento de criadouros do mosquito&#8221;, concluiu Mara.<\/p>\n\n\n\n<p class=\"has-background has-very-light-gray-background-color\">Quer saber as not\u00edcias do <strong>Aconteceu no Vale<\/strong> em primeira m\u00e3o? Siga-nos no Facebook <a rel=\"noreferrer noopener\" href=\"http:\/\/facebook.com\/aconteceunovale\" target=\"_blank\">@aconteceunovale<\/a>, Twitter <a rel=\"noreferrer noopener\" href=\"https:\/\/twitter.com\/noticiadosvales\" target=\"_blank\">@noticiadosvales<\/a> e Instagram <a rel=\"noreferrer noopener\" href=\"https:\/\/www.instagram.com\/aconteceunovale\" target=\"_blank\">@aconteceunovale<\/a>.<\/p>\n","protected":false},"excerpt":{"rendered":"<p>A Secretaria de Sa\u00fade de Ipatinga (MG) divulgou nesta ter\u00e7a-feira (26\/5\/2020) o mais recente balan\u00e7o de casos de dengue e chikungunya no munic\u00edpio. As doen\u00e7as causadas pelo mosquito Aedes aegypti avan\u00e7am, apontando um acr\u00e9scimo significativo nos cinco primeiros meses de 2020 em compara\u00e7\u00e3o com o mesmo per\u00edodo do ano passado. Os dados mais preocupantes s\u00e3o [&hellip;]<\/p>\n","protected":false},"author":1,"featured_media":161202,"comment_status":"open","ping_status":"closed","sticky":false,"template":"","format":"standard","meta":{"amp_status":"","footnotes":""},"categories":[121,40242],"tags":[222422,222421,222419,165781,64132,222418,201,222420],"class_list":["post-162988","post","type-post","status-publish","format-standard","has-post-thumbnail","hentry","category-leste","category-saude-2","tag-aedes-aegypt-ipatinga","tag-aumento-dos-casos-de-dengue-em-ipatinga","tag-casos-de-dengue-sobem-42-em-ipatinga","tag-chikungunya-em-ipatinga","tag-dengue-em-ipatinga","tag-departamento-de-vigilancia-em-saude-de-ipatinga","tag-ipatinga","tag-mara-andrade"],"_links":{"self":[{"href":"https:\/\/aconteceunovale.com.br\/portal\/index.php?rest_route=\/wp\/v2\/posts\/162988","targetHints":{"allow":["GET"]}}],"collection":[{"href":"https:\/\/aconteceunovale.com.br\/portal\/index.php?rest_route=\/wp\/v2\/posts"}],"about":[{"href":"https:\/\/aconteceunovale.com.br\/portal\/index.php?rest_route=\/wp\/v2\/types\/post"}],"author":[{"embeddable":true,"href":"https:\/\/aconteceunovale.com.br\/portal\/index.php?rest_route=\/wp\/v2\/users\/1"}],"replies":[{"embeddable":true,"href":"https:\/\/aconteceunovale.com.br\/portal\/index.php?rest_route=%2Fwp%2Fv2%2Fcomments&post=162988"}],"version-history":[{"count":1,"href":"https:\/\/aconteceunovale.com.br\/portal\/index.php?rest_route=\/wp\/v2\/posts\/162988\/revisions"}],"predecessor-version":[{"id":162989,"href":"https:\/\/aconteceunovale.com.br\/portal\/index.php?rest_route=\/wp\/v2\/posts\/162988\/revisions\/162989"}],"wp:featuredmedia":[{"embeddable":true,"href":"https:\/\/aconteceunovale.com.br\/portal\/index.php?rest_route=\/wp\/v2\/media\/161202"}],"wp:attachment":[{"href":"https:\/\/aconteceunovale.com.br\/portal\/index.php?rest_route=%2Fwp%2Fv2%2Fmedia&parent=162988"}],"wp:term":[{"taxonomy":"category","embeddable":true,"href":"https:\/\/aconteceunovale.com.br\/portal\/index.php?rest_route=%2Fwp%2Fv2%2Fcategories&post=162988"},{"taxonomy":"post_tag","embeddable":true,"href":"https:\/\/aconteceunovale.com.br\/portal\/index.php?rest_route=%2Fwp%2Fv2%2Ftags&post=162988"}],"curies":[{"name":"wp","href":"https:\/\/api.w.org\/{rel}","templated":true}]}}