{"id":162955,"date":"2020-05-26T00:00:29","date_gmt":"2020-05-26T03:00:29","guid":{"rendered":"https:\/\/aconteceunovale.com.br\/portal\/?p=162955"},"modified":"2020-05-26T00:01:48","modified_gmt":"2020-05-26T03:01:48","slug":"grave-acidente-envolvendo-veiculos-de-carga-e-registrado-na-br-251-no-norte-de-minas","status":"publish","type":"post","link":"https:\/\/aconteceunovale.com.br\/portal\/?p=162955","title":{"rendered":"Grave acidente envolvendo ve\u00edculos de carga \u00e9 registrado na BR-251, no Norte de Minas"},"content":{"rendered":"\n<p>Uma colis\u00e3o frontal entre duas carretas foi registrada pela Pol\u00edcia Rodovi\u00e1ria Federal (PRF) na regi\u00e3o conhecida como Curva do Vento Lateral, na BR-251, em Francisco S\u00e1 (MG). O acidente aconteceu por volta das 16h desta segunda-feira (25\/5\/2020).<\/p>\n\n\n\n<p>De acordo com as primeiras informa\u00e7\u00f5es, uma pessoa morreu e outra ficou gravemente ferida. O Samu e o Corpo de Bombeiros foram acionados para socorrer as v\u00edtimas. O ferido foi transportado no helic\u00f3ptero Arcanjo 05 para um hospital de Montes Claros (MG).<\/p>\n\n\n\n<p>A rodovia foi interditada para remo\u00e7\u00e3o dos ve\u00edculos e limpeza. As causas do acidente ser\u00e3o investigadas.<\/p>\n\n\n\n<figure class=\"wp-block-gallery columns-1 is-cropped wp-block-gallery-1 is-layout-flex wp-block-gallery-is-layout-flex\"><ul class=\"blocks-gallery-grid\"><li class=\"blocks-gallery-item\"><figure><img loading=\"lazy\" decoding=\"async\" width=\"678\" height=\"382\" src=\"https:\/\/aconteceunovale.com.br\/portal\/wp-content\/uploads\/2020\/05\/acidente_francisco_sa.jpeg\" alt=\"\" data-id=\"162956\" class=\"wp-image-162956\" srcset=\"https:\/\/aconteceunovale.com.br\/portal\/wp-content\/uploads\/2020\/05\/acidente_francisco_sa.jpeg 678w, https:\/\/aconteceunovale.com.br\/portal\/wp-content\/uploads\/2020\/05\/acidente_francisco_sa-300x169.jpeg 300w\" sizes=\"auto, (max-width: 678px) 100vw, 678px\" \/><figcaption class=\"blocks-gallery-item__caption\"><em>Cargas ficaram espalhadas na pista &#8211; Foto: Corpo de Bombeiros \/ Divulga\u00e7\u00e3o<\/em><\/figcaption><\/figure><\/li><\/ul><\/figure>\n\n\n\n<p class=\"has-background has-very-light-gray-background-color\">Quer saber as not\u00edcias do <strong>Aconteceu no Vale<\/strong> em primeira m\u00e3o? Siga-nos no Facebook <a rel=\"noreferrer noopener\" href=\"http:\/\/facebook.com\/aconteceunovale\" target=\"_blank\">@aconteceunovale<\/a>, Twitter <a rel=\"noreferrer noopener\" href=\"https:\/\/twitter.com\/noticiadosvales\" target=\"_blank\">@noticiadosvales<\/a> e Instagram <a rel=\"noreferrer noopener\" href=\"https:\/\/www.instagram.com\/aconteceunovale\" target=\"_blank\">@aconteceunovale<\/a>.<\/p>\n","protected":false},"excerpt":{"rendered":"<p>Uma colis\u00e3o frontal entre duas carretas foi registrada pela Pol\u00edcia Rodovi\u00e1ria Federal (PRF) na regi\u00e3o conhecida como Curva do Vento Lateral, na BR-251, em Francisco S\u00e1 (MG). O acidente aconteceu por volta das 16h desta segunda-feira (25\/5\/2020). De acordo com as primeiras informa\u00e7\u00f5es, uma pessoa morreu e outra ficou gravemente ferida. O Samu e o [&hellip;]<\/p>\n","protected":false},"author":1,"featured_media":162956,"comment_status":"open","ping_status":"closed","sticky":false,"template":"","format":"standard","meta":{"amp_status":"","footnotes":""},"categories":[1236],"tags":[206350,209231,222397,43634,24465,206349,1018,1395,222396,210],"class_list":["post-162955","post","type-post","status-publish","format-standard","has-post-thumbnail","hentry","category-norte_de_minas","tag-acidente-na-br-251-2","tag-acidente-na-br-251-em-francisco-sa-2","tag-acidente-na-br-251-na-curva-do-vento-lateral","tag-acidente-na-curva-do-vento-lateral","tag-acidente-perto-de-montes-claros","tag-br-251-2","tag-destaque","tag-francisco-sa","tag-grave-acidente-envolvendo-veiculos-de-carga-e-registrado-na-br-251","tag-montes-claros"],"_links":{"self":[{"href":"https:\/\/aconteceunovale.com.br\/portal\/index.php?rest_route=\/wp\/v2\/posts\/162955","targetHints":{"allow":["GET"]}}],"collection":[{"href":"https:\/\/aconteceunovale.com.br\/portal\/index.php?rest_route=\/wp\/v2\/posts"}],"about":[{"href":"https:\/\/aconteceunovale.com.br\/portal\/index.php?rest_route=\/wp\/v2\/types\/post"}],"author":[{"embeddable":true,"href":"https:\/\/aconteceunovale.com.br\/portal\/index.php?rest_route=\/wp\/v2\/users\/1"}],"replies":[{"embeddable":true,"href":"https:\/\/aconteceunovale.com.br\/portal\/index.php?rest_route=%2Fwp%2Fv2%2Fcomments&post=162955"}],"version-history":[{"count":1,"href":"https:\/\/aconteceunovale.com.br\/portal\/index.php?rest_route=\/wp\/v2\/posts\/162955\/revisions"}],"predecessor-version":[{"id":162957,"href":"https:\/\/aconteceunovale.com.br\/portal\/index.php?rest_route=\/wp\/v2\/posts\/162955\/revisions\/162957"}],"wp:featuredmedia":[{"embeddable":true,"href":"https:\/\/aconteceunovale.com.br\/portal\/index.php?rest_route=\/wp\/v2\/media\/162956"}],"wp:attachment":[{"href":"https:\/\/aconteceunovale.com.br\/portal\/index.php?rest_route=%2Fwp%2Fv2%2Fmedia&parent=162955"}],"wp:term":[{"taxonomy":"category","embeddable":true,"href":"https:\/\/aconteceunovale.com.br\/portal\/index.php?rest_route=%2Fwp%2Fv2%2Fcategories&post=162955"},{"taxonomy":"post_tag","embeddable":true,"href":"https:\/\/aconteceunovale.com.br\/portal\/index.php?rest_route=%2Fwp%2Fv2%2Ftags&post=162955"}],"curies":[{"name":"wp","href":"https:\/\/api.w.org\/{rel}","templated":true}]}}