{"id":162952,"date":"2020-05-25T23:24:53","date_gmt":"2020-05-26T02:24:53","guid":{"rendered":"https:\/\/aconteceunovale.com.br\/portal\/?p=162952"},"modified":"2020-05-25T23:25:43","modified_gmt":"2020-05-26T02:25:43","slug":"coronel-fabriciano-tem-16-recuperados-da-covid-19","status":"publish","type":"post","link":"https:\/\/aconteceunovale.com.br\/portal\/?p=162952","title":{"rendered":"Coronel Fabriciano tem 16 recuperados da Covid-19"},"content":{"rendered":"\n<p>A Prefeitura de Coronel Fabriciano informou nesta segunda-feira (25\/5\/2020) que 16 pacientes infectados com o coronav\u00edrus no munic\u00edpio j\u00e1 est\u00e3o recuperadas. O n\u00famero de casos confirmados subiu de para 34.<\/p>\n\n\n\n<p>Conforme o boletim epidemiol\u00f3gico, 771 casos suspeitos de coronav\u00edrus foram notificados desde o in\u00edcio da pandemia. Deste total, 545 foram descartados.<\/p>\n\n\n\n<p><strong>Confira o boletim epidemiol\u00f3gico de 25\/5\/2020:<\/strong><\/p>\n\n\n\n<figure class=\"wp-block-image size-large\"><img decoding=\"async\" src=\"https:\/\/aconteceu.info\/boletins\/corona_fabriciano_25maio.png\" alt=\"\"\/><\/figure>\n\n\n\n<p class=\"has-background has-very-light-gray-background-color\">Quer saber as not\u00edcias do <strong>Aconteceu no Vale<\/strong> em primeira m\u00e3o? Siga-nos no Facebook <a rel=\"noreferrer noopener\" href=\"http:\/\/facebook.com\/aconteceunovale\" target=\"_blank\">@aconteceunovale<\/a>, Twitter <a rel=\"noreferrer noopener\" href=\"https:\/\/twitter.com\/noticiadosvales\" target=\"_blank\">@noticiadosvales<\/a> e Instagram <a rel=\"noreferrer noopener\" href=\"https:\/\/www.instagram.com\/aconteceunovale\" target=\"_blank\">@aconteceunovale<\/a>.<\/p>\n","protected":false},"excerpt":{"rendered":"<p>A Prefeitura de Coronel Fabriciano informou nesta segunda-feira (25\/5\/2020) que 16 pacientes infectados com o coronav\u00edrus no munic\u00edpio j\u00e1 est\u00e3o recuperadas. O n\u00famero de casos confirmados subiu de para 34. Conforme o boletim epidemiol\u00f3gico, 771 casos suspeitos de coronav\u00edrus foram notificados desde o in\u00edcio da pandemia. Deste total, 545 foram descartados. Confira o boletim epidemiol\u00f3gico [&hellip;]<\/p>\n","protected":false},"author":1,"featured_media":162953,"comment_status":"open","ping_status":"closed","sticky":false,"template":"","format":"standard","meta":{"amp_status":"","footnotes":""},"categories":[121,40242],"tags":[222275,222274,217870,1524,222395,217942,137210],"class_list":["post-162952","post","type-post","status-publish","format-standard","has-post-thumbnail","hentry","category-leste","category-saude-2","tag-casos-de-coronavirus-em-coronel-fabriciano","tag-casos-de-covid-19-em-coronel-fabriciano","tag-coronavirus-em-coronel-fabriciano","tag-coronel-fabriciano","tag-coronel-fabriciano-tem-16-recuperados-da-covid-19","tag-covid-19-em-coronel-fabriciano","tag-prefeitura-de-coronel-fabriciano"],"_links":{"self":[{"href":"https:\/\/aconteceunovale.com.br\/portal\/index.php?rest_route=\/wp\/v2\/posts\/162952","targetHints":{"allow":["GET"]}}],"collection":[{"href":"https:\/\/aconteceunovale.com.br\/portal\/index.php?rest_route=\/wp\/v2\/posts"}],"about":[{"href":"https:\/\/aconteceunovale.com.br\/portal\/index.php?rest_route=\/wp\/v2\/types\/post"}],"author":[{"embeddable":true,"href":"https:\/\/aconteceunovale.com.br\/portal\/index.php?rest_route=\/wp\/v2\/users\/1"}],"replies":[{"embeddable":true,"href":"https:\/\/aconteceunovale.com.br\/portal\/index.php?rest_route=%2Fwp%2Fv2%2Fcomments&post=162952"}],"version-history":[{"count":1,"href":"https:\/\/aconteceunovale.com.br\/portal\/index.php?rest_route=\/wp\/v2\/posts\/162952\/revisions"}],"predecessor-version":[{"id":162954,"href":"https:\/\/aconteceunovale.com.br\/portal\/index.php?rest_route=\/wp\/v2\/posts\/162952\/revisions\/162954"}],"wp:featuredmedia":[{"embeddable":true,"href":"https:\/\/aconteceunovale.com.br\/portal\/index.php?rest_route=\/wp\/v2\/media\/162953"}],"wp:attachment":[{"href":"https:\/\/aconteceunovale.com.br\/portal\/index.php?rest_route=%2Fwp%2Fv2%2Fmedia&parent=162952"}],"wp:term":[{"taxonomy":"category","embeddable":true,"href":"https:\/\/aconteceunovale.com.br\/portal\/index.php?rest_route=%2Fwp%2Fv2%2Fcategories&post=162952"},{"taxonomy":"post_tag","embeddable":true,"href":"https:\/\/aconteceunovale.com.br\/portal\/index.php?rest_route=%2Fwp%2Fv2%2Ftags&post=162952"}],"curies":[{"name":"wp","href":"https:\/\/api.w.org\/{rel}","templated":true}]}}