{"id":162949,"date":"2020-05-25T23:14:48","date_gmt":"2020-05-26T02:14:48","guid":{"rendered":"https:\/\/aconteceunovale.com.br\/portal\/?p=162949"},"modified":"2020-05-25T23:15:20","modified_gmt":"2020-05-26T02:15:20","slug":"sobe-para-19-o-numero-de-casos-confirmados-de-covid-19-em-santana-do-paraiso","status":"publish","type":"post","link":"https:\/\/aconteceunovale.com.br\/portal\/?p=162949","title":{"rendered":"Sobe para 19 o n\u00famero de casos confirmados de Covid-19 em Santana do Para\u00edso"},"content":{"rendered":"\n<p>A Prefeitura de Santana do Para\u00edso (MG) confirmou nesta segunda-feira (25\/5\/2020) tr\u00eas novos casos de Covid-19. Os pacientes s\u00e3o duas mulheres, de 36 e 51 anos, e um homem, de 39.<\/p>\n\n\n\n<p>Segundo o boletim epidemiol\u00f3gico, o munic\u00edpio soma 19 casos confirmados da doen\u00e7a. Deste total, 11 est\u00e3o recuperados.<\/p>\n\n\n\n<p>No in\u00edcio da noite de hoje, a Prefeitura de Santana do Para\u00edso tamb\u00e9m informou sobre um \u00f3bito suspeito de coronav\u00edrus. Trata-se de um homem, de 47 anos, morador do bairro Industrial.<\/p>\n\n\n\n<p><em>\u201cConforme a Secretaria de Sa\u00fade, o homem apresentou os sintomas da doen\u00e7a no dia 23 de maio, por\u00e9m, procurou a Unidade de Pronto Atendimento (UPA), nesta segunda e n\u00e3o resistiu. A causa da morte est\u00e1 em investiga\u00e7\u00e3o\u201d<\/em>, informou a prefeitura.<\/p>\n\n\n\n<p><strong>Confira o boletim epidemiol\u00f3gico de 25\/5\/2020:<\/strong><\/p>\n\n\n\n<figure class=\"wp-block-image size-large\"><img decoding=\"async\" src=\"https:\/\/aconteceu.info\/boletins\/corona_paraiso_25maio.jpg\" alt=\"\"\/><\/figure>\n\n\n\n<p class=\"has-background has-very-light-gray-background-color\">Quer saber as not\u00edcias do <strong>Aconteceu no Vale<\/strong> em primeira m\u00e3o? Siga-nos no Facebook <a rel=\"noreferrer noopener\" href=\"http:\/\/facebook.com\/aconteceunovale\" target=\"_blank\">@aconteceunovale<\/a>, Twitter <a rel=\"noreferrer noopener\" href=\"https:\/\/twitter.com\/noticiadosvales\" target=\"_blank\">@noticiadosvales<\/a> e Instagram <a rel=\"noreferrer noopener\" href=\"https:\/\/www.instagram.com\/aconteceunovale\" target=\"_blank\">@aconteceunovale<\/a>.<\/p>\n","protected":false},"excerpt":{"rendered":"<p>A Prefeitura de Santana do Para\u00edso (MG) confirmou nesta segunda-feira (25\/5\/2020) tr\u00eas novos casos de Covid-19. Os pacientes s\u00e3o duas mulheres, de 36 e 51 anos, e um homem, de 39. Segundo o boletim epidemiol\u00f3gico, o munic\u00edpio soma 19 casos confirmados da doen\u00e7a. Deste total, 11 est\u00e3o recuperados. No in\u00edcio da noite de hoje, a [&hellip;]<\/p>\n","protected":false},"author":1,"featured_media":162950,"comment_status":"open","ping_status":"closed","sticky":false,"template":"","format":"standard","meta":{"amp_status":"","footnotes":""},"categories":[121,40242],"tags":[222392,222394,218105,222393,34360,2101,222391],"class_list":["post-162949","post","type-post","status-publish","format-standard","has-post-thumbnail","hentry","category-leste","category-saude-2","tag-casos-de-coronavirus-em-santana-do-paraiso","tag-casos-de-covid-19-em-santana-do-paraiso","tag-coronavirus-em-santana-do-paraiso","tag-covid-19-em-santana-do-paraiso","tag-prefeitura-de-santana-do-paraiso","tag-santana-do-paraiso","tag-sobe-para-19-o-numero-de-casos-confirmados-de-covid-19-em-santana-do-paraiso"],"_links":{"self":[{"href":"https:\/\/aconteceunovale.com.br\/portal\/index.php?rest_route=\/wp\/v2\/posts\/162949","targetHints":{"allow":["GET"]}}],"collection":[{"href":"https:\/\/aconteceunovale.com.br\/portal\/index.php?rest_route=\/wp\/v2\/posts"}],"about":[{"href":"https:\/\/aconteceunovale.com.br\/portal\/index.php?rest_route=\/wp\/v2\/types\/post"}],"author":[{"embeddable":true,"href":"https:\/\/aconteceunovale.com.br\/portal\/index.php?rest_route=\/wp\/v2\/users\/1"}],"replies":[{"embeddable":true,"href":"https:\/\/aconteceunovale.com.br\/portal\/index.php?rest_route=%2Fwp%2Fv2%2Fcomments&post=162949"}],"version-history":[{"count":1,"href":"https:\/\/aconteceunovale.com.br\/portal\/index.php?rest_route=\/wp\/v2\/posts\/162949\/revisions"}],"predecessor-version":[{"id":162951,"href":"https:\/\/aconteceunovale.com.br\/portal\/index.php?rest_route=\/wp\/v2\/posts\/162949\/revisions\/162951"}],"wp:featuredmedia":[{"embeddable":true,"href":"https:\/\/aconteceunovale.com.br\/portal\/index.php?rest_route=\/wp\/v2\/media\/162950"}],"wp:attachment":[{"href":"https:\/\/aconteceunovale.com.br\/portal\/index.php?rest_route=%2Fwp%2Fv2%2Fmedia&parent=162949"}],"wp:term":[{"taxonomy":"category","embeddable":true,"href":"https:\/\/aconteceunovale.com.br\/portal\/index.php?rest_route=%2Fwp%2Fv2%2Fcategories&post=162949"},{"taxonomy":"post_tag","embeddable":true,"href":"https:\/\/aconteceunovale.com.br\/portal\/index.php?rest_route=%2Fwp%2Fv2%2Ftags&post=162949"}],"curies":[{"name":"wp","href":"https:\/\/api.w.org\/{rel}","templated":true}]}}