{"id":162845,"date":"2020-05-24T17:04:05","date_gmt":"2020-05-24T20:04:05","guid":{"rendered":"https:\/\/aconteceunovale.com.br\/portal\/?p=162845"},"modified":"2020-05-24T17:04:33","modified_gmt":"2020-05-24T20:04:33","slug":"trio-e-detido-apos-homicidio-em-frei-inocencio-no-leste-de-minas","status":"publish","type":"post","link":"https:\/\/aconteceunovale.com.br\/portal\/?p=162845","title":{"rendered":"Trio \u00e9 detido ap\u00f3s homic\u00eddio em Frei Inoc\u00eancio, no Leste de Minas"},"content":{"rendered":"\n<p>Tr\u00eas jovens, de 15 e 20 anos, foram detidos suspeitos de um homic\u00eddio em Frei Inoc\u00eancio, no Leste de Minas Gerais, na noite de sexta-feira (22\/5\/2020). O crime aconteceu no Bairro Planalto e, segundo a Pol\u00edcia Militar (PM), duas armas de fogo e muni\u00e7\u00f5es foram apreendidas.<\/p>\n\n\n\n<p>Segundo informa\u00e7\u00f5es da PM, os infratores chegaram ao local do crime em um autom\u00f3vel, atiraram contra Manoel Carlos Rosa da Costa, de 20 anos, e fugiram em dire\u00e7\u00e3o a Governador Valadares. A v\u00edtima morreu no local.<\/p>\n\n\n\n<p>Policiais militares montaram opera\u00e7\u00e3o e interceptaram o ve\u00edculo com os suspeitos na entrada de Governador Valadares. Duas toucas ninjas, dois rev\u00f3lveres (calibres 32 e 38), muni\u00e7\u00f5es e o carro foram apreendidos.<\/p>\n\n\n\n<p>Ainda segundo a PM, o trio assumiu a autoria do homic\u00eddio. Os tr\u00eas jovens foram encaminhados \u00e0 Delegacia de Pol\u00edcia Civil e a motiva\u00e7\u00e3o do crime ser\u00e1 investigada.<\/p>\n\n\n\n<figure class=\"wp-block-gallery columns-1 is-cropped wp-block-gallery-1 is-layout-flex wp-block-gallery-is-layout-flex\"><ul class=\"blocks-gallery-grid\"><li class=\"blocks-gallery-item\"><figure><img loading=\"lazy\" decoding=\"async\" width=\"678\" height=\"381\" src=\"https:\/\/aconteceunovale.com.br\/portal\/wp-content\/uploads\/2020\/05\/homicidio_frei_inocencio_1.jpg\" alt=\"\" data-id=\"162846\" data-full-url=\"https:\/\/aconteceunovale.com.br\/portal\/wp-content\/uploads\/2020\/05\/homicidio_frei_inocencio_1.jpg\" data-link=\"https:\/\/aconteceunovale.com.br\/portal\/?attachment_id=162846\" class=\"wp-image-162846\" srcset=\"https:\/\/aconteceunovale.com.br\/portal\/wp-content\/uploads\/2020\/05\/homicidio_frei_inocencio_1.jpg 678w, https:\/\/aconteceunovale.com.br\/portal\/wp-content\/uploads\/2020\/05\/homicidio_frei_inocencio_1-300x169.jpg 300w\" sizes=\"auto, (max-width: 678px) 100vw, 678px\" \/><figcaption class=\"blocks-gallery-item__caption\"><em>Foto: Divulga\u00e7\u00e3o \/ Pol\u00edcia Militar<\/em><\/figcaption><\/figure><\/li><\/ul><\/figure>\n\n\n\n<p class=\"has-background has-very-light-gray-background-color\">Quer saber as not\u00edcias do <strong>Aconteceu no Vale<\/strong> em primeira m\u00e3o? Siga-nos no Facebook <a rel=\"noreferrer noopener\" href=\"http:\/\/facebook.com\/aconteceunovale\" target=\"_blank\">@aconteceunovale<\/a>, Twitter <a rel=\"noreferrer noopener\" href=\"https:\/\/twitter.com\/noticiadosvales\" target=\"_blank\">@noticiadosvales<\/a> e Instagram <a rel=\"noreferrer noopener\" href=\"https:\/\/www.instagram.com\/aconteceunovale\" target=\"_blank\">@aconteceunovale<\/a>.<\/p>\n","protected":false},"excerpt":{"rendered":"<p>Tr\u00eas jovens, de 15 e 20 anos, foram detidos suspeitos de um homic\u00eddio em Frei Inoc\u00eancio, no Leste de Minas Gerais, na noite de sexta-feira (22\/5\/2020). O crime aconteceu no Bairro Planalto e, segundo a Pol\u00edcia Militar (PM), duas armas de fogo e muni\u00e7\u00f5es foram apreendidas. Segundo informa\u00e7\u00f5es da PM, os infratores chegaram ao local [&hellip;]<\/p>\n","protected":false},"author":1,"featured_media":162846,"comment_status":"open","ping_status":"closed","sticky":false,"template":"","format":"standard","meta":{"amp_status":"","footnotes":""},"categories":[121],"tags":[162907,290,247,162908,222288,222289,202473,162906,222287],"class_list":["post-162845","post","type-post","status-publish","format-standard","has-post-thumbnail","hentry","category-leste","tag-assassinado-em-frei-inocencio","tag-frei-inocencio","tag-governador-valadares","tag-homicidio-em-frei-inocencio","tag-jovem-morto-em-frei-inocencio","tag-manoel-carlos-rosa-da-costa","tag-morte-em-frei-inocencio","tag-morto-em-frei-inocencio","tag-trio-e-detido-apos-homicidio-em-frei-inocencio"],"_links":{"self":[{"href":"https:\/\/aconteceunovale.com.br\/portal\/index.php?rest_route=\/wp\/v2\/posts\/162845","targetHints":{"allow":["GET"]}}],"collection":[{"href":"https:\/\/aconteceunovale.com.br\/portal\/index.php?rest_route=\/wp\/v2\/posts"}],"about":[{"href":"https:\/\/aconteceunovale.com.br\/portal\/index.php?rest_route=\/wp\/v2\/types\/post"}],"author":[{"embeddable":true,"href":"https:\/\/aconteceunovale.com.br\/portal\/index.php?rest_route=\/wp\/v2\/users\/1"}],"replies":[{"embeddable":true,"href":"https:\/\/aconteceunovale.com.br\/portal\/index.php?rest_route=%2Fwp%2Fv2%2Fcomments&post=162845"}],"version-history":[{"count":1,"href":"https:\/\/aconteceunovale.com.br\/portal\/index.php?rest_route=\/wp\/v2\/posts\/162845\/revisions"}],"predecessor-version":[{"id":162847,"href":"https:\/\/aconteceunovale.com.br\/portal\/index.php?rest_route=\/wp\/v2\/posts\/162845\/revisions\/162847"}],"wp:featuredmedia":[{"embeddable":true,"href":"https:\/\/aconteceunovale.com.br\/portal\/index.php?rest_route=\/wp\/v2\/media\/162846"}],"wp:attachment":[{"href":"https:\/\/aconteceunovale.com.br\/portal\/index.php?rest_route=%2Fwp%2Fv2%2Fmedia&parent=162845"}],"wp:term":[{"taxonomy":"category","embeddable":true,"href":"https:\/\/aconteceunovale.com.br\/portal\/index.php?rest_route=%2Fwp%2Fv2%2Fcategories&post=162845"},{"taxonomy":"post_tag","embeddable":true,"href":"https:\/\/aconteceunovale.com.br\/portal\/index.php?rest_route=%2Fwp%2Fv2%2Ftags&post=162845"}],"curies":[{"name":"wp","href":"https:\/\/api.w.org\/{rel}","templated":true}]}}