{"id":162839,"date":"2020-05-24T16:24:46","date_gmt":"2020-05-24T19:24:46","guid":{"rendered":"https:\/\/aconteceunovale.com.br\/portal\/?p=162839"},"modified":"2020-05-24T16:25:20","modified_gmt":"2020-05-24T19:25:20","slug":"prefeitura-de-mutum-confirma-mais-23-casos-de-covid-19","status":"publish","type":"post","link":"https:\/\/aconteceunovale.com.br\/portal\/?p=162839","title":{"rendered":"Prefeitura de Mutum confirma mais 23 casos de Covid-19"},"content":{"rendered":"\n<p>A Prefeitura de Mutum (MG) confirmou, neste domingo (24\/5\/2020), 23 novos casos de Covid-19 no munic\u00edpio. Todos os pacientes s\u00e3o funcion\u00e1rios de uma empresa de transmiss\u00e3o de energia el\u00e9trica.<\/p>\n\n\n\n<p>De acordo com uma nota divulgada pelo munic\u00edpio, a prefeitura foi notificada pela empresa sobre a chegada dos trabalhadores e o local onde ficariam isolados, seguindo os protocolos de seguran\u00e7a e preven\u00e7\u00e3o \u00e0 Covid-19 exigidos pela Secretaria Municipal de Sa\u00fade. Eles estavam em Alvarenga (MG) e chegaram a Mutum no dia 18 de maio.<\/p>\n\n\n\n<p>Ainda segundo o Executivo, foram mobilizados 32 trabalhadores e 23 est\u00e3o com a doen\u00e7a. Do total, apenas um apresentou os sintomas. As amostras para exame foram coletadas na quarta-feira (20).<\/p>\n\n\n\n<p>\u201cOs 23 (vinte e tr\u00eas) trabalhadores que testaram positivo permanecer\u00e3o em isolamento total e aqueles profissionais que tiveram contato com qualquer dos casos positivos ser\u00e3o colocados a partir desta data tamb\u00e9m em isolamento total, sendo liberados apenas ap\u00f3s a finaliza\u00e7\u00e3o do per\u00edodo recomendado de isolamento e estando assintom\u00e1ticos ou at\u00e9 realizarem novo exame que comprove a n\u00e3o exist\u00eancia da contamina\u00e7\u00e3o pelo COVID-19, sendo assim considerados curados\u201d, disse a prefeitura em nota.<\/p>\n\n\n\n<h2 class=\"wp-block-heading\"><strong>Nota da prefeitura:<\/strong><\/h2>\n\n\n\n<figure class=\"wp-block-image size-large\"><img decoding=\"async\" src=\"https:\/\/aconteceu.info\/boletins\/corona_mutum_24maio_1.jpg\" alt=\"\"\/><\/figure>\n\n\n\n<h2 class=\"wp-block-heading\"><strong>Boletim de 24\/05\/2020:<\/strong><\/h2>\n\n\n\n<figure class=\"wp-block-image size-large\"><img decoding=\"async\" src=\"https:\/\/aconteceu.info\/boletins\/corona_mutum_24maio_2.jpg\" alt=\"\"\/><\/figure>\n\n\n\n<p class=\"has-background has-very-light-gray-background-color\">Quer saber as not\u00edcias do <strong>Aconteceu no Vale<\/strong> em primeira m\u00e3o? Siga-nos no Facebook <a rel=\"noreferrer noopener\" href=\"http:\/\/facebook.com\/aconteceunovale\" target=\"_blank\">@aconteceunovale<\/a>, Twitter <a rel=\"noreferrer noopener\" href=\"https:\/\/twitter.com\/noticiadosvales\" target=\"_blank\">@noticiadosvales<\/a> e Instagram <a rel=\"noreferrer noopener\" href=\"https:\/\/www.instagram.com\/aconteceunovale\" target=\"_blank\">@aconteceunovale<\/a>.<\/p>\n","protected":false},"excerpt":{"rendered":"<p>A Prefeitura de Mutum (MG) confirmou, neste domingo (24\/5\/2020), 23 novos casos de Covid-19 no munic\u00edpio. Todos os pacientes s\u00e3o funcion\u00e1rios de uma empresa de transmiss\u00e3o de energia el\u00e9trica. De acordo com uma nota divulgada pelo munic\u00edpio, a prefeitura foi notificada pela empresa sobre a chegada dos trabalhadores e o local onde ficariam isolados, seguindo [&hellip;]<\/p>\n","protected":false},"author":1,"featured_media":162840,"comment_status":"open","ping_status":"closed","sticky":false,"template":"","format":"standard","meta":{"amp_status":"","footnotes":""},"categories":[121,40242],"tags":[275,222277,222278,214884,218101,216498,222279,222281,222276,222280],"class_list":["post-162839","post","type-post","status-publish","format-standard","has-post-thumbnail","hentry","category-leste","category-saude-2","tag-alvarenga","tag-casos-de-coronavirus-em-mutum","tag-casos-de-covid-19-em-mutum","tag-coronavirus","tag-coronavirus-em-mutum","tag-covid-19","tag-covid-19-em-mutum","tag-infectados-com-coronavirus-em-mutum","tag-prefeitura-de-mutum","tag-prefeitura-de-mutum-confirma-mais-23-casos-de-covid-19"],"_links":{"self":[{"href":"https:\/\/aconteceunovale.com.br\/portal\/index.php?rest_route=\/wp\/v2\/posts\/162839","targetHints":{"allow":["GET"]}}],"collection":[{"href":"https:\/\/aconteceunovale.com.br\/portal\/index.php?rest_route=\/wp\/v2\/posts"}],"about":[{"href":"https:\/\/aconteceunovale.com.br\/portal\/index.php?rest_route=\/wp\/v2\/types\/post"}],"author":[{"embeddable":true,"href":"https:\/\/aconteceunovale.com.br\/portal\/index.php?rest_route=\/wp\/v2\/users\/1"}],"replies":[{"embeddable":true,"href":"https:\/\/aconteceunovale.com.br\/portal\/index.php?rest_route=%2Fwp%2Fv2%2Fcomments&post=162839"}],"version-history":[{"count":1,"href":"https:\/\/aconteceunovale.com.br\/portal\/index.php?rest_route=\/wp\/v2\/posts\/162839\/revisions"}],"predecessor-version":[{"id":162841,"href":"https:\/\/aconteceunovale.com.br\/portal\/index.php?rest_route=\/wp\/v2\/posts\/162839\/revisions\/162841"}],"wp:featuredmedia":[{"embeddable":true,"href":"https:\/\/aconteceunovale.com.br\/portal\/index.php?rest_route=\/wp\/v2\/media\/162840"}],"wp:attachment":[{"href":"https:\/\/aconteceunovale.com.br\/portal\/index.php?rest_route=%2Fwp%2Fv2%2Fmedia&parent=162839"}],"wp:term":[{"taxonomy":"category","embeddable":true,"href":"https:\/\/aconteceunovale.com.br\/portal\/index.php?rest_route=%2Fwp%2Fv2%2Fcategories&post=162839"},{"taxonomy":"post_tag","embeddable":true,"href":"https:\/\/aconteceunovale.com.br\/portal\/index.php?rest_route=%2Fwp%2Fv2%2Ftags&post=162839"}],"curies":[{"name":"wp","href":"https:\/\/api.w.org\/{rel}","templated":true}]}}