{"id":162835,"date":"2020-05-24T16:02:06","date_gmt":"2020-05-24T19:02:06","guid":{"rendered":"https:\/\/aconteceunovale.com.br\/portal\/?p=162835"},"modified":"2020-05-24T16:02:37","modified_gmt":"2020-05-24T19:02:37","slug":"sobe-para-33-o-numero-de-casos-confirmados-de-covid-19-em-coronel-fabriciano","status":"publish","type":"post","link":"https:\/\/aconteceunovale.com.br\/portal\/?p=162835","title":{"rendered":"Sobe para 33 o n\u00famero de casos confirmados de Covid-19 em Coronel Fabriciano"},"content":{"rendered":"\n<p>A Prefeitura de Coronel Fabriciano (MG) confirmou, neste domingo (24\/5\/2020), tr\u00eas novos casos de Covid-19. De acordo com o boletim epidemiol\u00f3gico, divulgado no in\u00edcio da tarde, o n\u00famero total de infectados pelo v\u00edrus no munic\u00edpio subiu para 33. Desses, 15 est\u00e3o recuperados.<\/p>\n\n\n\n<p>O munic\u00edpio ainda investiga 263 casos suspeitos. Das 768 notifica\u00e7\u00f5es, 472 foram descartadas por exames laboratoriais ou crit\u00e9rios cl\u00ednicos.<\/p>\n\n\n\n<p><strong>Confira o boletim epidemiol\u00f3gico de 24\/05:<\/strong><\/p>\n\n\n\n<figure class=\"wp-block-gallery columns-1 is-cropped wp-block-gallery-1 is-layout-flex wp-block-gallery-is-layout-flex\"><ul class=\"blocks-gallery-grid\"><li class=\"blocks-gallery-item\"><figure><img loading=\"lazy\" decoding=\"async\" width=\"450\" height=\"450\" src=\"https:\/\/aconteceunovale.com.br\/portal\/wp-content\/uploads\/2020\/05\/boletim_corona_fabri_24maio.jpg\" alt=\"\" data-id=\"162836\" data-full-url=\"https:\/\/aconteceunovale.com.br\/portal\/wp-content\/uploads\/2020\/05\/boletim_corona_fabri_24maio.jpg\" data-link=\"https:\/\/aconteceunovale.com.br\/portal\/?attachment_id=162836\" class=\"wp-image-162836\" srcset=\"https:\/\/aconteceunovale.com.br\/portal\/wp-content\/uploads\/2020\/05\/boletim_corona_fabri_24maio.jpg 450w, https:\/\/aconteceunovale.com.br\/portal\/wp-content\/uploads\/2020\/05\/boletim_corona_fabri_24maio-300x300.jpg 300w, https:\/\/aconteceunovale.com.br\/portal\/wp-content\/uploads\/2020\/05\/boletim_corona_fabri_24maio-150x150.jpg 150w, https:\/\/aconteceunovale.com.br\/portal\/wp-content\/uploads\/2020\/05\/boletim_corona_fabri_24maio-420x420.jpg 420w\" sizes=\"auto, (max-width: 450px) 100vw, 450px\" \/><\/figure><\/li><\/ul><\/figure>\n\n\n\n<h2 class=\"wp-block-heading\"><strong>Volta \u00e0s aulas<\/strong><\/h2>\n\n\n\n<p>A volta \u00e0s aulas em Coronel Fabriciano est\u00e1 marcada para esta segunda-feira, 25 de maio, e vai atingir menos de 20% da comunidade escolar. A secretaria determinou turmas com rod\u00edzio de alunos, com aulas segunda, quarta e sexta para um determinado grupo e ter\u00e7a e quinta-feira para outro grupo, invertendo a ordem na 2\u00aa semana. Em 14 dias a secretaria far\u00e1 uma avalia\u00e7\u00e3o do impacto da medida para decidir em conjunto com a Secretaria de Governan\u00e7a da Sa\u00fade se manter\u00e1 as aulas, ampliar\u00e1 o grupo de alunos ou suspender\u00e1 novamente.<\/p>\n\n\n\n<p>\u201cTudo vai depender dos n\u00fameros de evolu\u00e7\u00e3o da pandemia com aumento de casos no munic\u00edpio e da avalia\u00e7\u00e3o de toda a comunidade escolar. Se todos entenderem que teremos que recuar, recuaremos sem problemas\u201d, disse Carlos Alberto Serra Negra, Secret\u00e1rio de Governan\u00e7a Educacional.<\/p>\n\n\n\n<p>O retorno \u00e0s aulas em Coronel Fabriciano foi amplamente debatido com o sindicato da categoria, diretores e vices nas \u00faltimas duas semanas e com os professores. A secretaria reuniu grupos pequenos de profissionais para apresentar e discutir as medidas vi\u00e1veis para o funcionamento. Nas duas primeiras semanas, retornar\u00e3o \u00e0s aulas 5 escolas que oferecem ensino do 6\u00ba ao 9\u00ba ano. S\u00e3o elas:<\/p>\n\n\n\n<ul class=\"wp-block-list\"><li>EM Argeu Brand\u00e3o<\/li><li>EM Paulo Franklin<\/li><li>EM Nicanor Ata\u00edde<\/li><li>EM Maria das Gra\u00e7as Ferreira<\/li><li>EM Maria da Concei\u00e7\u00e3o Ata\u00edde \u2013 Cocais<\/li><\/ul>\n\n\n\n<p>Juntas, estas escolas e a EJA do 2\u00ba segmento somam 1.484 alunos, ou aproximadamente 17,29% dos alunos. Com o rod\u00edzio das turmas, os alunos poder\u00e3o permanecer com o distanciamento recomendado dentro das salas. Todos os estudantes tamb\u00e9m v\u00e3o ganhar m\u00e1scaras lav\u00e1veis e reutiliz\u00e1veis, usar \u00e1lcool em gel ao entrar nas escolas e passar\u00e3o por medi\u00e7\u00e3o de temperatura corporal diariamente. Quem apresentar febre ser\u00e1 encaminhado \u00e0 rede de sa\u00fade e n\u00e3o poder\u00e1 frequentar as aulas at\u00e9 se curar, mesmo que n\u00e3o seja Covid-19.<\/p>\n\n\n\n<p class=\"has-background has-very-light-gray-background-color\">Quer saber as not\u00edcias do <strong>Aconteceu no Vale<\/strong> em primeira m\u00e3o? Siga-nos no Facebook <a rel=\"noreferrer noopener\" href=\"http:\/\/facebook.com\/aconteceunovale\" target=\"_blank\">@aconteceunovale<\/a>, Twitter <a rel=\"noreferrer noopener\" href=\"https:\/\/twitter.com\/noticiadosvales\" target=\"_blank\">@noticiadosvales<\/a> e Instagram <a rel=\"noreferrer noopener\" href=\"https:\/\/www.instagram.com\/aconteceunovale\" target=\"_blank\">@aconteceunovale<\/a>.<\/p>\n","protected":false},"excerpt":{"rendered":"<p>A Prefeitura de Coronel Fabriciano (MG) confirmou, neste domingo (24\/5\/2020), tr\u00eas novos casos de Covid-19. De acordo com o boletim epidemiol\u00f3gico, divulgado no in\u00edcio da tarde, o n\u00famero total de infectados pelo v\u00edrus no munic\u00edpio subiu para 33. Desses, 15 est\u00e3o recuperados. O munic\u00edpio ainda investiga 263 casos suspeitos. Das 768 notifica\u00e7\u00f5es, 472 foram descartadas [&hellip;]<\/p>\n","protected":false},"author":1,"featured_media":162837,"comment_status":"open","ping_status":"closed","sticky":false,"template":"","format":"standard","meta":{"amp_status":"","footnotes":""},"categories":[121,40242],"tags":[222275,222274,214884,217870,1524,216498,217942,137210,222273],"class_list":["post-162835","post","type-post","status-publish","format-standard","has-post-thumbnail","hentry","category-leste","category-saude-2","tag-casos-de-coronavirus-em-coronel-fabriciano","tag-casos-de-covid-19-em-coronel-fabriciano","tag-coronavirus","tag-coronavirus-em-coronel-fabriciano","tag-coronel-fabriciano","tag-covid-19","tag-covid-19-em-coronel-fabriciano","tag-prefeitura-de-coronel-fabriciano","tag-sobe-para-33-o-numero-de-casos-confirmados-de-covid-19-em-coronel-fabriciano"],"_links":{"self":[{"href":"https:\/\/aconteceunovale.com.br\/portal\/index.php?rest_route=\/wp\/v2\/posts\/162835","targetHints":{"allow":["GET"]}}],"collection":[{"href":"https:\/\/aconteceunovale.com.br\/portal\/index.php?rest_route=\/wp\/v2\/posts"}],"about":[{"href":"https:\/\/aconteceunovale.com.br\/portal\/index.php?rest_route=\/wp\/v2\/types\/post"}],"author":[{"embeddable":true,"href":"https:\/\/aconteceunovale.com.br\/portal\/index.php?rest_route=\/wp\/v2\/users\/1"}],"replies":[{"embeddable":true,"href":"https:\/\/aconteceunovale.com.br\/portal\/index.php?rest_route=%2Fwp%2Fv2%2Fcomments&post=162835"}],"version-history":[{"count":1,"href":"https:\/\/aconteceunovale.com.br\/portal\/index.php?rest_route=\/wp\/v2\/posts\/162835\/revisions"}],"predecessor-version":[{"id":162838,"href":"https:\/\/aconteceunovale.com.br\/portal\/index.php?rest_route=\/wp\/v2\/posts\/162835\/revisions\/162838"}],"wp:featuredmedia":[{"embeddable":true,"href":"https:\/\/aconteceunovale.com.br\/portal\/index.php?rest_route=\/wp\/v2\/media\/162837"}],"wp:attachment":[{"href":"https:\/\/aconteceunovale.com.br\/portal\/index.php?rest_route=%2Fwp%2Fv2%2Fmedia&parent=162835"}],"wp:term":[{"taxonomy":"category","embeddable":true,"href":"https:\/\/aconteceunovale.com.br\/portal\/index.php?rest_route=%2Fwp%2Fv2%2Fcategories&post=162835"},{"taxonomy":"post_tag","embeddable":true,"href":"https:\/\/aconteceunovale.com.br\/portal\/index.php?rest_route=%2Fwp%2Fv2%2Ftags&post=162835"}],"curies":[{"name":"wp","href":"https:\/\/api.w.org\/{rel}","templated":true}]}}