{"id":162830,"date":"2020-05-24T13:55:32","date_gmt":"2020-05-24T16:55:32","guid":{"rendered":"https:\/\/aconteceunovale.com.br\/portal\/?p=162830"},"modified":"2020-05-24T16:04:06","modified_gmt":"2020-05-24T19:04:06","slug":"prefeito-de-vargem-alegre-vence-a-covid-19-e-recebe-alta-de-hospital-em-ipatinga","status":"publish","type":"post","link":"https:\/\/aconteceunovale.com.br\/portal\/?p=162830","title":{"rendered":"Prefeito de Vargem Alegre vence a Covid-19 e recebe alta de hospital em Ipatinga"},"content":{"rendered":"\n<p>O prefeito do munic\u00edpio de Vargem Alegre, no Vale do A\u00e7o, recebeu alta hospitalar nesse s\u00e1bado (23\/05\/2020) ap\u00f3s se recuperar da Covid-19 (doen\u00e7a causada pelo novo coronav\u00edrus). Neudmar Ferreira Campos permaneceu internado por 12 dias no Hospital M\u00e1rcio Cunha, em Ipatinga (MG), e durante o tratamento, chegou a ficar em leito de UTI.<\/p>\n\n\n\n<p>Um v\u00eddeo divulgado pela Prefeitura de Vargem Alegre mostra o momento em que ele sai do hospital sob aplausos da equipe de sa\u00fade. Antes de seguir para casa, o prefeito tamb\u00e9m agradeceu aos profissionais que cuidaram dele.<\/p>\n\n\n\n<p>&#8220;Quero parabenizar a equipe do hospital e a todos voc\u00eas que cuidaram de mim com muito carinho, vou pedir muito a Deus por voc\u00eas, que ningu\u00e9m da fam\u00edlia de voc\u00eas passe pelo que eu passei. Obrigado a todos voc\u00eas pelo carinho, trabalho e compet\u00eancia, por tudo que voc\u00eas fizeram&#8221;, disse emocionado.<\/p>\n\n\n\n<figure class=\"wp-block-gallery columns-1 is-cropped wp-block-gallery-1 is-layout-flex wp-block-gallery-is-layout-flex\"><ul class=\"blocks-gallery-grid\"><li class=\"blocks-gallery-item\"><figure><img loading=\"lazy\" decoding=\"async\" width=\"654\" height=\"450\" src=\"https:\/\/aconteceunovale.com.br\/portal\/wp-content\/uploads\/2020\/05\/prefeito_vargem_aleger.jpeg\" alt=\"\" data-id=\"162832\" class=\"wp-image-162832\" srcset=\"https:\/\/aconteceunovale.com.br\/portal\/wp-content\/uploads\/2020\/05\/prefeito_vargem_aleger.jpeg 654w, https:\/\/aconteceunovale.com.br\/portal\/wp-content\/uploads\/2020\/05\/prefeito_vargem_aleger-300x206.jpeg 300w, https:\/\/aconteceunovale.com.br\/portal\/wp-content\/uploads\/2020\/05\/prefeito_vargem_aleger-100x70.jpeg 100w, https:\/\/aconteceunovale.com.br\/portal\/wp-content\/uploads\/2020\/05\/prefeito_vargem_aleger-218x150.jpeg 218w, https:\/\/aconteceunovale.com.br\/portal\/wp-content\/uploads\/2020\/05\/prefeito_vargem_aleger-610x420.jpeg 610w\" sizes=\"auto, (max-width: 654px) 100vw, 654px\" \/><figcaption class=\"blocks-gallery-item__caption\"><em>Prefeito recebe alta ap\u00f3s 12 dias de interna\u00e7\u00e3o &#8211; Foto: FSFX \/ Divulga\u00e7\u00e3o<\/em><\/figcaption><\/figure><\/li><\/ul><\/figure>\n\n\n\n<h2 class=\"wp-block-heading\"><strong>Confira o v\u00eddeo:<\/strong><\/h2>\n\n\n\n<figure><iframe loading=\"lazy\" width=\"100%\" height=\"400\" src=\"https:\/\/www.youtube.com\/embed\/pshjWyZYEj8\" allowfullscreen=\"\"><\/iframe><\/figure>\n\n\n\n<h2 class=\"wp-block-heading\"><strong>\u00daltimo boletim epidemiol\u00f3gico de Vargem Alegre:<\/strong><\/h2>\n\n\n\n<figure class=\"wp-block-gallery columns-1 is-cropped wp-block-gallery-2 is-layout-flex wp-block-gallery-is-layout-flex\"><ul class=\"blocks-gallery-grid\"><li class=\"blocks-gallery-item\"><figure><img loading=\"lazy\" decoding=\"async\" width=\"456\" height=\"450\" src=\"https:\/\/aconteceunovale.com.br\/portal\/wp-content\/uploads\/2020\/05\/boletim_corona_vargem_alegre.jpeg\" alt=\"\" data-id=\"162831\" data-full-url=\"https:\/\/aconteceunovale.com.br\/portal\/wp-content\/uploads\/2020\/05\/boletim_corona_vargem_alegre.jpeg\" data-link=\"https:\/\/aconteceunovale.com.br\/portal\/?attachment_id=162831\" class=\"wp-image-162831\" srcset=\"https:\/\/aconteceunovale.com.br\/portal\/wp-content\/uploads\/2020\/05\/boletim_corona_vargem_alegre.jpeg 456w, https:\/\/aconteceunovale.com.br\/portal\/wp-content\/uploads\/2020\/05\/boletim_corona_vargem_alegre-300x296.jpeg 300w, https:\/\/aconteceunovale.com.br\/portal\/wp-content\/uploads\/2020\/05\/boletim_corona_vargem_alegre-426x420.jpeg 426w\" sizes=\"auto, (max-width: 456px) 100vw, 456px\" \/><\/figure><\/li><\/ul><\/figure>\n\n\n\n<p class=\"has-background has-very-light-gray-background-color\">Quer saber as not\u00edcias do <strong>Aconteceu no Vale<\/strong> em primeira m\u00e3o? Siga-nos no Facebook <a rel=\"noreferrer noopener\" href=\"http:\/\/facebook.com\/aconteceunovale\" target=\"_blank\">@aconteceunovale<\/a>, Twitter <a rel=\"noreferrer noopener\" href=\"https:\/\/twitter.com\/noticiadosvales\" target=\"_blank\">@noticiadosvales<\/a> e Instagram <a rel=\"noreferrer noopener\" href=\"https:\/\/www.instagram.com\/aconteceunovale\" target=\"_blank\">@aconteceunovale<\/a>.<\/p>\n","protected":false},"excerpt":{"rendered":"<p>O prefeito do munic\u00edpio de Vargem Alegre, no Vale do A\u00e7o, recebeu alta hospitalar nesse s\u00e1bado (23\/05\/2020) ap\u00f3s se recuperar da Covid-19 (doen\u00e7a causada pelo novo coronav\u00edrus). Neudmar Ferreira Campos permaneceu internado por 12 dias no Hospital M\u00e1rcio Cunha, em Ipatinga (MG), e durante o tratamento, chegou a ficar em leito de UTI. Um v\u00eddeo [&hellip;]<\/p>\n","protected":false},"author":1,"featured_media":162832,"comment_status":"open","ping_status":"closed","sticky":false,"template":"","format":"standard","meta":{"amp_status":"","footnotes":""},"categories":[121,40240,40242],"tags":[222269,222272,214884,222265,216498,222267,1018,29414,201,222266,222270,222271,222264,222268,1106],"class_list":["post-162830","post","type-post","status-publish","format-standard","has-post-thumbnail","hentry","category-leste","category-politica-2","category-saude-2","tag-caso-de-coronavirus-em-vargem-alegre","tag-caso-de-covid-19-em-vargem-alegre","tag-coronavirus","tag-coronavirus-em-vargem-alegre","tag-covid-19","tag-covid-19-em-vargem-alegre","tag-destaque","tag-hospital-marcio-cunha","tag-ipatinga","tag-neudmar-ferreira-campos","tag-prefeito-de-vargem-alegre","tag-prefeito-de-vargem-alegre-recebe-alta-hospitalar","tag-prefeito-de-vargem-alegre-vence-a-covid-19-e-recebe-alta-de-hospital-em-ipatinga","tag-prefeitura-de-vargem-alegre","tag-vargem-alegre"],"_links":{"self":[{"href":"https:\/\/aconteceunovale.com.br\/portal\/index.php?rest_route=\/wp\/v2\/posts\/162830","targetHints":{"allow":["GET"]}}],"collection":[{"href":"https:\/\/aconteceunovale.com.br\/portal\/index.php?rest_route=\/wp\/v2\/posts"}],"about":[{"href":"https:\/\/aconteceunovale.com.br\/portal\/index.php?rest_route=\/wp\/v2\/types\/post"}],"author":[{"embeddable":true,"href":"https:\/\/aconteceunovale.com.br\/portal\/index.php?rest_route=\/wp\/v2\/users\/1"}],"replies":[{"embeddable":true,"href":"https:\/\/aconteceunovale.com.br\/portal\/index.php?rest_route=%2Fwp%2Fv2%2Fcomments&post=162830"}],"version-history":[{"count":1,"href":"https:\/\/aconteceunovale.com.br\/portal\/index.php?rest_route=\/wp\/v2\/posts\/162830\/revisions"}],"predecessor-version":[{"id":162833,"href":"https:\/\/aconteceunovale.com.br\/portal\/index.php?rest_route=\/wp\/v2\/posts\/162830\/revisions\/162833"}],"wp:featuredmedia":[{"embeddable":true,"href":"https:\/\/aconteceunovale.com.br\/portal\/index.php?rest_route=\/wp\/v2\/media\/162832"}],"wp:attachment":[{"href":"https:\/\/aconteceunovale.com.br\/portal\/index.php?rest_route=%2Fwp%2Fv2%2Fmedia&parent=162830"}],"wp:term":[{"taxonomy":"category","embeddable":true,"href":"https:\/\/aconteceunovale.com.br\/portal\/index.php?rest_route=%2Fwp%2Fv2%2Fcategories&post=162830"},{"taxonomy":"post_tag","embeddable":true,"href":"https:\/\/aconteceunovale.com.br\/portal\/index.php?rest_route=%2Fwp%2Fv2%2Ftags&post=162830"}],"curies":[{"name":"wp","href":"https:\/\/api.w.org\/{rel}","templated":true}]}}