{"id":162825,"date":"2020-05-24T13:36:22","date_gmt":"2020-05-24T16:36:22","guid":{"rendered":"https:\/\/aconteceunovale.com.br\/portal\/?p=162825"},"modified":"2020-05-24T16:04:18","modified_gmt":"2020-05-24T19:04:18","slug":"prefeitura-de-acucena-confirma-primeiro-obito-por-covid-19","status":"publish","type":"post","link":"https:\/\/aconteceunovale.com.br\/portal\/?p=162825","title":{"rendered":"Prefeitura de A\u00e7ucena confirma primeiro \u00f3bito por Covid-19"},"content":{"rendered":"\n<p>A Prefeitura de A\u00e7ucena (MG) confirmou, na noite desse s\u00e1bado (23\/5\/2020), o primeiro \u00f3bito por Covid-19 (doen\u00e7a causada pelo novo coronav\u00edrus) no munic\u00edpio. Trata-se de uma mulher, de 60 anos, portadora de diabetes e hipertens\u00e3o arterial.<\/p>\n\n\n\n<p>De acordo com a prefeitura, a paciente foi internada no Hospital Municipal de Ipatinga, no dia 4 de maio, e teve infec\u00e7\u00e3o por Covid-19 confirmada na quarta-feira (20)<\/p>\n\n\n\n<p>Segundo o \u00faltimo boletim epidemiol\u00f3gico do munic\u00edpio, atualizado na noite de s\u00e1bado, outros 27 casos suspeitos da doen\u00e7a est\u00e3o em investiga\u00e7\u00e3o.<\/p>\n\n\n\n<p><strong>Confira o boletim de 23\/05 e a nota de pesar divulgados pela Prefeitura de A\u00e7ucena:<\/strong><\/p>\n\n\n\n<figure class=\"wp-block-gallery columns-1 is-cropped wp-block-gallery-1 is-layout-flex wp-block-gallery-is-layout-flex\"><ul class=\"blocks-gallery-grid\"><li class=\"blocks-gallery-item\"><figure><img loading=\"lazy\" decoding=\"async\" width=\"452\" height=\"450\" src=\"https:\/\/aconteceunovale.com.br\/portal\/wp-content\/uploads\/2020\/05\/corona_acucena_1.jpg\" alt=\"\" data-id=\"162827\" data-full-url=\"https:\/\/aconteceunovale.com.br\/portal\/wp-content\/uploads\/2020\/05\/corona_acucena_1.jpg\" data-link=\"https:\/\/aconteceunovale.com.br\/portal\/?attachment_id=162827\" class=\"wp-image-162827\" srcset=\"https:\/\/aconteceunovale.com.br\/portal\/wp-content\/uploads\/2020\/05\/corona_acucena_1.jpg 452w, https:\/\/aconteceunovale.com.br\/portal\/wp-content\/uploads\/2020\/05\/corona_acucena_1-300x300.jpg 300w, https:\/\/aconteceunovale.com.br\/portal\/wp-content\/uploads\/2020\/05\/corona_acucena_1-150x150.jpg 150w, https:\/\/aconteceunovale.com.br\/portal\/wp-content\/uploads\/2020\/05\/corona_acucena_1-422x420.jpg 422w\" sizes=\"auto, (max-width: 452px) 100vw, 452px\" \/><\/figure><\/li><li class=\"blocks-gallery-item\"><figure><img loading=\"lazy\" decoding=\"async\" width=\"420\" height=\"450\" src=\"https:\/\/aconteceunovale.com.br\/portal\/wp-content\/uploads\/2020\/05\/corona_acucena_2.jpg\" alt=\"\" data-id=\"162826\" data-full-url=\"https:\/\/aconteceunovale.com.br\/portal\/wp-content\/uploads\/2020\/05\/corona_acucena_2.jpg\" data-link=\"https:\/\/aconteceunovale.com.br\/portal\/?attachment_id=162826\" class=\"wp-image-162826\" srcset=\"https:\/\/aconteceunovale.com.br\/portal\/wp-content\/uploads\/2020\/05\/corona_acucena_2.jpg 420w, https:\/\/aconteceunovale.com.br\/portal\/wp-content\/uploads\/2020\/05\/corona_acucena_2-280x300.jpg 280w, https:\/\/aconteceunovale.com.br\/portal\/wp-content\/uploads\/2020\/05\/corona_acucena_2-392x420.jpg 392w\" sizes=\"auto, (max-width: 420px) 100vw, 420px\" \/><\/figure><\/li><\/ul><\/figure>\n\n\n\n<p class=\"has-background has-very-light-gray-background-color\">Quer saber as not\u00edcias do <strong>Aconteceu no Vale<\/strong> em primeira m\u00e3o? Siga-nos no Facebook <a rel=\"noreferrer noopener\" href=\"http:\/\/facebook.com\/aconteceunovale\" target=\"_blank\">@aconteceunovale<\/a>, Twitter <a rel=\"noreferrer noopener\" href=\"https:\/\/twitter.com\/noticiadosvales\" target=\"_blank\">@noticiadosvales<\/a> e Instagram <a rel=\"noreferrer noopener\" href=\"https:\/\/www.instagram.com\/aconteceunovale\" target=\"_blank\">@aconteceunovale<\/a>.<\/p>\n","protected":false},"excerpt":{"rendered":"<p>A Prefeitura de A\u00e7ucena (MG) confirmou, na noite desse s\u00e1bado (23\/5\/2020), o primeiro \u00f3bito por Covid-19 (doen\u00e7a causada pelo novo coronav\u00edrus) no munic\u00edpio. Trata-se de uma mulher, de 60 anos, portadora de diabetes e hipertens\u00e3o arterial. De acordo com a prefeitura, a paciente foi internada no Hospital Municipal de Ipatinga, no dia 4 de maio, [&hellip;]<\/p>\n","protected":false},"author":1,"featured_media":162828,"comment_status":"open","ping_status":"closed","sticky":false,"template":"","format":"standard","meta":{"amp_status":"","footnotes":""},"categories":[121,40242],"tags":[222261,222263,214884,222262,216498,222257,222256,222259,222260,222258],"class_list":["post-162825","post","type-post","status-publish","format-standard","has-post-thumbnail","hentry","category-leste","category-saude-2","tag-casos-de-coronavirus-em-acucena","tag-casos-de-covid-19-em-acucena","tag-coronavirus","tag-coronavirus-em-acucena","tag-covid-19","tag-covid-19-em-acucena","tag-morte-por-coronavirus-em-acucena","tag-morte-por-covid-19-em-acucena","tag-prefeitura-de-acucena","tag-prefeitura-de-acucena-confirma-primeiro-obito-por-covid-19"],"_links":{"self":[{"href":"https:\/\/aconteceunovale.com.br\/portal\/index.php?rest_route=\/wp\/v2\/posts\/162825","targetHints":{"allow":["GET"]}}],"collection":[{"href":"https:\/\/aconteceunovale.com.br\/portal\/index.php?rest_route=\/wp\/v2\/posts"}],"about":[{"href":"https:\/\/aconteceunovale.com.br\/portal\/index.php?rest_route=\/wp\/v2\/types\/post"}],"author":[{"embeddable":true,"href":"https:\/\/aconteceunovale.com.br\/portal\/index.php?rest_route=\/wp\/v2\/users\/1"}],"replies":[{"embeddable":true,"href":"https:\/\/aconteceunovale.com.br\/portal\/index.php?rest_route=%2Fwp%2Fv2%2Fcomments&post=162825"}],"version-history":[{"count":1,"href":"https:\/\/aconteceunovale.com.br\/portal\/index.php?rest_route=\/wp\/v2\/posts\/162825\/revisions"}],"predecessor-version":[{"id":162829,"href":"https:\/\/aconteceunovale.com.br\/portal\/index.php?rest_route=\/wp\/v2\/posts\/162825\/revisions\/162829"}],"wp:featuredmedia":[{"embeddable":true,"href":"https:\/\/aconteceunovale.com.br\/portal\/index.php?rest_route=\/wp\/v2\/media\/162828"}],"wp:attachment":[{"href":"https:\/\/aconteceunovale.com.br\/portal\/index.php?rest_route=%2Fwp%2Fv2%2Fmedia&parent=162825"}],"wp:term":[{"taxonomy":"category","embeddable":true,"href":"https:\/\/aconteceunovale.com.br\/portal\/index.php?rest_route=%2Fwp%2Fv2%2Fcategories&post=162825"},{"taxonomy":"post_tag","embeddable":true,"href":"https:\/\/aconteceunovale.com.br\/portal\/index.php?rest_route=%2Fwp%2Fv2%2Ftags&post=162825"}],"curies":[{"name":"wp","href":"https:\/\/api.w.org\/{rel}","templated":true}]}}