{"id":162822,"date":"2020-05-24T13:19:30","date_gmt":"2020-05-24T16:19:30","guid":{"rendered":"https:\/\/aconteceunovale.com.br\/portal\/?p=162822"},"modified":"2020-05-24T13:20:32","modified_gmt":"2020-05-24T16:20:32","slug":"duplo-homicidio-e-registrado-em-governador-valadares","status":"publish","type":"post","link":"https:\/\/aconteceunovale.com.br\/portal\/?p=162822","title":{"rendered":"Duplo homic\u00eddio \u00e9 registrado em Governador Valadares"},"content":{"rendered":"\n<p>Dois jovens, de 17 e 20 anos, foram assassinados a tiros no bairro Palmeiras, em Governador Valadares (MG), na tarde de s\u00e1bado (23\/5\/2020). Os corpos foram encontrados no interior de um autom\u00f3vel.<\/p>\n\n\n\n<p>Segundo testemunhas, tr\u00eas homens se aproximaram do ve\u00edculo, na Rua C, e executaram Gabriel Silva Costa e Leonardo de Oliveira Sampaio com tiros na cabe\u00e7a. O carro seguiu desgovernado at\u00e9 colidir contra duas \u00e1rvores e o muro de uma resid\u00eancia.<\/p>\n\n\n\n<p>Equipes do Servi\u00e7o de Atendimento M\u00f3vel de Urg\u00eancia (SAMU) estiveram no local e confirmaram os \u00f3bitos. Os corpos foram encaminhados para o Instituto M\u00e9dico Legal (IML) ap\u00f3s os trabalhos da per\u00edcia.<\/p>\n\n\n\n<p>Um suspeito de envolvimento no duplo homic\u00eddio foi detido e encaminhado \u00e0 Delegacia de Pol\u00edcia Civil de Governador Valadares. O caso ser\u00e1 investigado.<\/p>\n\n\n\n<figure class=\"wp-block-gallery columns-1 is-cropped wp-block-gallery-1 is-layout-flex wp-block-gallery-is-layout-flex\"><ul class=\"blocks-gallery-grid\"><li class=\"blocks-gallery-item\"><figure><img loading=\"lazy\" decoding=\"async\" width=\"678\" height=\"428\" src=\"https:\/\/aconteceunovale.com.br\/portal\/wp-content\/uploads\/2020\/05\/duplo_homicidio_gv_1.jpg\" alt=\"\" data-id=\"162823\" class=\"wp-image-162823\" srcset=\"https:\/\/aconteceunovale.com.br\/portal\/wp-content\/uploads\/2020\/05\/duplo_homicidio_gv_1.jpg 678w, https:\/\/aconteceunovale.com.br\/portal\/wp-content\/uploads\/2020\/05\/duplo_homicidio_gv_1-300x189.jpg 300w, https:\/\/aconteceunovale.com.br\/portal\/wp-content\/uploads\/2020\/05\/duplo_homicidio_gv_1-665x420.jpg 665w\" sizes=\"auto, (max-width: 678px) 100vw, 678px\" \/><figcaption class=\"blocks-gallery-item__caption\"><em>Foto: Reprodu\u00e7\u00e3o \/ Comando Geral<\/em><\/figcaption><\/figure><\/li><\/ul><\/figure>\n\n\n\n<h2 class=\"wp-block-heading\"><strong>Morte na Penitenci\u00e1ria de Paca<\/strong><\/h2>\n\n\n\n<p>Um homem de 50 anos foi encontrado morto na Penitenci\u00e1ria Francisco Floriano de Paula, em Governador Valadares, nesse s\u00e1bado (23). A Secretaria de Estado de Justi\u00e7a e Seguran\u00e7a P\u00fablica de Minas Gerais (Sejusp-MG) informou que a dire\u00e7\u00e3o do pres\u00eddio est\u00e1 apurando o \u00f3bito de Celso Gomes de Moraes, que dividia cela com outros tr\u00eas detentos. A Pol\u00edcia Militar e a Per\u00edcia da Pol\u00edcia Civil estiveram no local e liberaram o corpo para o IML.<\/p>\n\n\n\n<p class=\"has-background has-very-light-gray-background-color\">Quer saber as not\u00edcias do <strong>Aconteceu no Vale<\/strong> em primeira m\u00e3o? Siga-nos no Facebook <a rel=\"noreferrer noopener\" href=\"http:\/\/facebook.com\/aconteceunovale\" target=\"_blank\">@aconteceunovale<\/a>, Twitter <a rel=\"noreferrer noopener\" href=\"https:\/\/twitter.com\/noticiadosvales\" target=\"_blank\">@noticiadosvales<\/a> e Instagram <a rel=\"noreferrer noopener\" href=\"https:\/\/www.instagram.com\/aconteceunovale\" target=\"_blank\">@aconteceunovale<\/a>.<\/p>\n","protected":false},"excerpt":{"rendered":"<p>Dois jovens, de 17 e 20 anos, foram assassinados a tiros no bairro Palmeiras, em Governador Valadares (MG), na tarde de s\u00e1bado (23\/5\/2020). Os corpos foram encontrados no interior de um autom\u00f3vel. Segundo testemunhas, tr\u00eas homens se aproximaram do ve\u00edculo, na Rua C, e executaram Gabriel Silva Costa e Leonardo de Oliveira Sampaio com tiros [&hellip;]<\/p>\n","protected":false},"author":1,"featured_media":162823,"comment_status":"open","ping_status":"closed","sticky":false,"template":"","format":"standard","meta":{"amp_status":"","footnotes":""},"categories":[121],"tags":[48393,6967,222255,1018,222250,31064,222252,247,8180,222248,193177,222251,222253,40192,222249,40193,222254,44656],"class_list":["post-162822","post","type-post","status-publish","format-standard","has-post-thumbnail","hentry","category-leste","tag-assassinados-em-governador-valadares","tag-assassinatos-em-governador-valadares","tag-celso-gomes-de-moraes","tag-destaque","tag-duplo-homicidio-e-registrado-em-governador-valadares","tag-duplo-homicidio-em-governador-valadares","tag-gabriel-silva-costa","tag-governador-valadares","tag-homicidio-em-governador-valadares","tag-homicidio-no-bairro-palmeiras-em-governador-valadares","tag-jovens-mortos-em-governador-valadares","tag-leonardo-de-oliveira-sampaio","tag-morte-na-penitenciaria-de-paca","tag-mortes-em-governador-valadares","tag-morto-na-penitenciaria-de-paca","tag-mortos-em-governador-valadares","tag-mortos-no-bairro-palmeiras-em-governador-valadares","tag-violencia-em-governador-valadares"],"_links":{"self":[{"href":"https:\/\/aconteceunovale.com.br\/portal\/index.php?rest_route=\/wp\/v2\/posts\/162822","targetHints":{"allow":["GET"]}}],"collection":[{"href":"https:\/\/aconteceunovale.com.br\/portal\/index.php?rest_route=\/wp\/v2\/posts"}],"about":[{"href":"https:\/\/aconteceunovale.com.br\/portal\/index.php?rest_route=\/wp\/v2\/types\/post"}],"author":[{"embeddable":true,"href":"https:\/\/aconteceunovale.com.br\/portal\/index.php?rest_route=\/wp\/v2\/users\/1"}],"replies":[{"embeddable":true,"href":"https:\/\/aconteceunovale.com.br\/portal\/index.php?rest_route=%2Fwp%2Fv2%2Fcomments&post=162822"}],"version-history":[{"count":1,"href":"https:\/\/aconteceunovale.com.br\/portal\/index.php?rest_route=\/wp\/v2\/posts\/162822\/revisions"}],"predecessor-version":[{"id":162824,"href":"https:\/\/aconteceunovale.com.br\/portal\/index.php?rest_route=\/wp\/v2\/posts\/162822\/revisions\/162824"}],"wp:featuredmedia":[{"embeddable":true,"href":"https:\/\/aconteceunovale.com.br\/portal\/index.php?rest_route=\/wp\/v2\/media\/162823"}],"wp:attachment":[{"href":"https:\/\/aconteceunovale.com.br\/portal\/index.php?rest_route=%2Fwp%2Fv2%2Fmedia&parent=162822"}],"wp:term":[{"taxonomy":"category","embeddable":true,"href":"https:\/\/aconteceunovale.com.br\/portal\/index.php?rest_route=%2Fwp%2Fv2%2Fcategories&post=162822"},{"taxonomy":"post_tag","embeddable":true,"href":"https:\/\/aconteceunovale.com.br\/portal\/index.php?rest_route=%2Fwp%2Fv2%2Ftags&post=162822"}],"curies":[{"name":"wp","href":"https:\/\/api.w.org\/{rel}","templated":true}]}}