{"id":162814,"date":"2020-05-24T11:37:30","date_gmt":"2020-05-24T14:37:30","guid":{"rendered":"https:\/\/aconteceunovale.com.br\/portal\/?p=162814"},"modified":"2020-05-24T19:18:10","modified_gmt":"2020-05-24T22:18:10","slug":"teofilo-otoni-confirma-sexta-morte-por-covid-19","status":"publish","type":"post","link":"https:\/\/aconteceunovale.com.br\/portal\/?p=162814","title":{"rendered":"Te\u00f3filo Otoni confirma sexta morte por Covid-19"},"content":{"rendered":"\n<p>A Prefeitura de Te\u00f3filo Otoni (MG) confirmou na noite de s\u00e1bado (23\/5\/2020) o sexto \u00f3bito por Covid-19 (doen\u00e7a causada pelo novo coronav\u00edrus) no munic\u00edpio. Trata-se de uma mulher, de 68 anos, que estava em estado grave na UTI do Hospital Bom Samaritano.<\/p>\n\n\n\n<p>Segundo a Prefeitura, o munic\u00edpio de Te\u00f3filo Otoni contabiliza cinco \u00f3bitos por Covid-19 confirmados atrav\u00e9s do exame RT-PCR e um \u00f3bito por teste r\u00e1pido positivo, aguardando o exame laboratorial.<\/p>\n\n\n\n<p>A Prefeitura de Te\u00f3filo Otoni tamb\u00e9m confirmou cinco novos casos de Covid-19. Com isso, o total de infectados no munic\u00edpio subiu para 118.<\/p>\n\n\n\n<p>De acordo com o \u00faltimo boletim epidemiol\u00f3gico, atualizado no in\u00edcio da noite de ontem, Te\u00f3filo Otoni tem 39 pacientes recuperados da doen\u00e7a, 64 em isolamento domiciliar e nove internados (quatro em leitos de UTI).<\/p>\n\n\n\n<p><strong>Confira o boletim de 23\/05\/2020:<\/strong><\/p>\n\n\n\n<figure class=\"wp-block-image size-large\"><img decoding=\"async\" src=\"https:\/\/aconteceu.info\/boletins\/boletim_corona_teo_23maio_1.jpg\" alt=\"\"\/><\/figure>\n\n\n\n<figure class=\"wp-block-image size-large\"><img decoding=\"async\" src=\"https:\/\/aconteceu.info\/boletins\/boletim_corona_teo_23maio_2.jpg\" alt=\"\"\/><\/figure>\n\n\n\n<figure class=\"wp-block-image size-large\"><img decoding=\"async\" src=\"https:\/\/aconteceu.info\/boletins\/boletim_corona_teo_23maio_3.jpg\" alt=\"\"\/><\/figure>\n\n\n\n<p class=\"has-background has-very-light-gray-background-color\">Quer saber as not\u00edcias do <strong>Aconteceu no Vale<\/strong> em primeira m\u00e3o? Siga-nos no Facebook <a rel=\"noreferrer noopener\" href=\"http:\/\/facebook.com\/aconteceunovale\" target=\"_blank\">@aconteceunovale<\/a>, Twitter <a rel=\"noreferrer noopener\" href=\"https:\/\/twitter.com\/noticiadosvales\" target=\"_blank\">@noticiadosvales<\/a> e Instagram <a rel=\"noreferrer noopener\" href=\"https:\/\/www.instagram.com\/aconteceunovale\" target=\"_blank\">@aconteceunovale<\/a>.<\/p>\n","protected":false},"excerpt":{"rendered":"<p>A Prefeitura de Te\u00f3filo Otoni (MG) confirmou na noite de s\u00e1bado (23\/5\/2020) o sexto \u00f3bito por Covid-19 (doen\u00e7a causada pelo novo coronav\u00edrus) no munic\u00edpio. Trata-se de uma mulher, de 68 anos, que estava em estado grave na UTI do Hospital Bom Samaritano. Segundo a Prefeitura, o munic\u00edpio de Te\u00f3filo Otoni contabiliza cinco \u00f3bitos por Covid-19 [&hellip;]<\/p>\n","protected":false},"author":1,"featured_media":162802,"comment_status":"open","ping_status":"closed","sticky":false,"template":"","format":"standard","meta":{"amp_status":"","footnotes":""},"categories":[40242,122],"tags":[221838,221839,221837,220816,214884,220365,221558,216498,220363,222183,222184,220366,220815,221486,221485,221783,221483,221484,220817,221836,221646,222101,222185,220818,221096,221917,164,221956,220813,221487,220814,220812],"class_list":["post-162814","post","type-post","status-publish","format-standard","has-post-thumbnail","hentry","category-saude-2","category-mucuri","tag-boletim-coronavirus-teofilo-otoni","tag-boletim-covid-19-teofilo-otoni","tag-boletim-epidemiologico-teofilo-otoni","tag-casos-de-coronavirus-em-teofilo-otoni","tag-coronavirus","tag-coronavirus-em-teofilo-otoni","tag-coronavirus-prefeitura-de-teofilo-otoni-confirma-35-casos-e-dois-obitos","tag-covid-19","tag-covid-19-em-teofilo-otoni","tag-decreto-fechamento-do-comercio-em-teofilo-otoni","tag-fechamento-do-comercio-em-teofilo-otoni","tag-funcionamento-do-comercio-em-teofilo-otoni","tag-infectados-por-coronavirus-em-teofilo-otoni","tag-morte-por-coronavirus-em-teofilo-otoni","tag-morte-por-covid-19-em-teofilo-otoni","tag-numero-de-infectados-por-covid-19-em-teofilo-otoni-sobe-para-50","tag-obito-por-coronavirus-em-teofilo-otoni","tag-obito-por-covid-19-em-teofilo-otoni","tag-pacientes-de-coronavirus-em-teofilo-otoni","tag-prefeitura-de-teofilo-otoni-confirma-mais-13-casos-de-covid-19","tag-prefeitura-de-teofilo-otoni-confirma-mais-sete-casos-de-covid-19","tag-prefeitura-de-teofilo-otoni-confirma-quinto-obito-por-covid-19","tag-prefeitura-de-teofilo-otoni-determina-fechamento-do-comercio-nao-essencial-para-conter-coronavirus","tag-profissionais-de-saude-infectados-com-coronavirus-em-teofilo-otoni","tag-sobe-para-16-o-numero-de-casos-confirmados-de-coronavirus-em-teofilo-otoni","tag-sobe-para-71-o-numero-de-casos-confirmados-de-covid-19-em-teofilo-otoni","tag-teofilo-otoni","tag-teofilo-otoni-confirma-mais-dois-obitos-por-coronavirus","tag-teofilo-otoni-confirma-oito-casos-de-coronavirus","tag-teofilo-otoni-confirma-primeiro-obito-por-coronavirus","tag-teofilo-otoni-coronavirus","tag-teofilo-otoni-covid-19"],"_links":{"self":[{"href":"https:\/\/aconteceunovale.com.br\/portal\/index.php?rest_route=\/wp\/v2\/posts\/162814","targetHints":{"allow":["GET"]}}],"collection":[{"href":"https:\/\/aconteceunovale.com.br\/portal\/index.php?rest_route=\/wp\/v2\/posts"}],"about":[{"href":"https:\/\/aconteceunovale.com.br\/portal\/index.php?rest_route=\/wp\/v2\/types\/post"}],"author":[{"embeddable":true,"href":"https:\/\/aconteceunovale.com.br\/portal\/index.php?rest_route=\/wp\/v2\/users\/1"}],"replies":[{"embeddable":true,"href":"https:\/\/aconteceunovale.com.br\/portal\/index.php?rest_route=%2Fwp%2Fv2%2Fcomments&post=162814"}],"version-history":[{"count":2,"href":"https:\/\/aconteceunovale.com.br\/portal\/index.php?rest_route=\/wp\/v2\/posts\/162814\/revisions"}],"predecessor-version":[{"id":162858,"href":"https:\/\/aconteceunovale.com.br\/portal\/index.php?rest_route=\/wp\/v2\/posts\/162814\/revisions\/162858"}],"wp:featuredmedia":[{"embeddable":true,"href":"https:\/\/aconteceunovale.com.br\/portal\/index.php?rest_route=\/wp\/v2\/media\/162802"}],"wp:attachment":[{"href":"https:\/\/aconteceunovale.com.br\/portal\/index.php?rest_route=%2Fwp%2Fv2%2Fmedia&parent=162814"}],"wp:term":[{"taxonomy":"category","embeddable":true,"href":"https:\/\/aconteceunovale.com.br\/portal\/index.php?rest_route=%2Fwp%2Fv2%2Fcategories&post=162814"},{"taxonomy":"post_tag","embeddable":true,"href":"https:\/\/aconteceunovale.com.br\/portal\/index.php?rest_route=%2Fwp%2Fv2%2Ftags&post=162814"}],"curies":[{"name":"wp","href":"https:\/\/api.w.org\/{rel}","templated":true}]}}