{"id":162809,"date":"2020-05-24T11:02:21","date_gmt":"2020-05-24T14:02:21","guid":{"rendered":"https:\/\/aconteceunovale.com.br\/portal\/?p=162809"},"modified":"2020-05-24T11:02:42","modified_gmt":"2020-05-24T14:02:42","slug":"situacao-de-stress-social-pode-ser-gatilho-para-quem-tem-esquizofrenia","status":"publish","type":"post","link":"https:\/\/aconteceunovale.com.br\/portal\/?p=162809","title":{"rendered":"Situa\u00e7\u00e3o de stress social pode ser gatilho para quem tem esquizofrenia"},"content":{"rendered":"\n<p>Neste domingo (24), se celebra o Dia Mundial da Pessoa com Esquizofrenia, doen\u00e7a multifatorial que acomete cerca de 1% da popula\u00e7\u00e3o brasileira e mundial, o que significa dois milh\u00f5es de pessoas no Brasil e em torno de 80 milh\u00f5es em todo o globo.&nbsp;<\/p>\n\n\n\n<p>Segundo o psiquiatra Cristiano Noto, da Escola Paulista de Medicina da Universidade de S\u00e3o Paulo (Unifesp), o isolamento social pode ser um gatilho para quem tem a doen\u00e7a. \u201cNingu\u00e9m se torna portador de esquizofrenia por conta da pandemia. Mas, seguramente, uma situa\u00e7\u00e3o de estresse social pode contribuir [para uma crise]\u201d.&nbsp;<\/p>\n\n\n\n<p>Segundo Noto, a esquizofrenia tem v\u00e1rias causas. A principal delas \u00e9 o fator gen\u00e9tico, embora fatores ambientais contribuam tamb\u00e9m para o desenvolvimento da doen\u00e7a, que enfrenta ainda muito preconceito. Frases do tipo \u201cessa pol\u00edtica \u00e9 para esquizofr\u00eanicos\u201d, por exemplo, mostram como a doen\u00e7a \u00e9 enxergada com muito estigma em rela\u00e7\u00e3o aos pacientes, citou o psiquiatra da Unifesp.<\/p>\n\n\n\n<h2 class=\"wp-block-heading\">Tratamento multidisciplinar<\/h2>\n\n\n\n<p>Cristiano Noto afirmou que o tratamento para esquizofrenia \u00e9 tamb\u00e9m complexo e deve ser multidisciplinar, envolvendo profissionais como m\u00e9dicos, psic\u00f3logos, assistentes sociais, terapeutas ocupacionais, enfermeiros. O tratamento se divide em farmacol\u00f3gico, que inclui medicamentos antipsic\u00f3ticos, e psicossocial, para ajudar o paciente a se adaptar \u00e0s limita\u00e7\u00f5es da doen\u00e7a e venc\u00ea-las.<\/p>\n\n\n\n<p>O especialista indicou que como qualquer transtorno mental, a esquizofrenia traz muito sofrimento ao paciente. Por isso, \u00e9 comum que essas pessoas acabem, em situa\u00e7\u00f5es extremas, como em tentativa de suic\u00eddio.&nbsp;<\/p>\n\n\n\n<p>Dependendo de como \u00e9 feito o tratamento, a pessoa com esquizofrenia pode ter uma vida normal e, inclusive, casar e ter filhos. \u201cSe ela est\u00e1 fazendo o tratamento, est\u00e1 bem, est\u00e1 est\u00e1vel, tem total condi\u00e7\u00e3o de ter uma vida normal. Trabalhar, constituir fam\u00edlia. N\u00e3o tem nenhuma contra-indica\u00e7\u00e3o em rela\u00e7\u00e3o a isso. Muito pelo contr\u00e1rio. A gente sempre estimula que os pacientes tenham uma vida produtiva, uma vida construtiva\u201d, disse Noto.<\/p>\n\n\n\n<p>O psiquiatra admitiu, por outro lado, que alguns pacientes n\u00e3o conseguem atingir isso, seja porque n\u00e3o fazem tratamento de forma adequada, seja porque os casos deles s\u00e3o mais severos. Observou, entretanto, que \u201cem regra, sim, eles podem ter uma vida normal\u201d.<\/p>\n\n\n\n<h2 class=\"wp-block-heading\">Viol\u00eancia<\/h2>\n\n\n\n<p>Outro mito ligado \u00e0 esquizofrenia diz respeito \u00e0 viol\u00eancia. Cristiano Noto informou que esquizofr\u00eanicos em crise at\u00e9 podem se envolver em casos de viol\u00eancia e agressividade mas, em geral, essas pessoas acabam sendo mais v\u00edtimas do que autoras de viol\u00eancia, justamente por se colocarem em situa\u00e7\u00f5es de vulnerabilidade. Noto salientou que quando a pessoa est\u00e1 medicada, est\u00e1 em uma fase est\u00e1vel, ela pode ter a mesma chance de qualquer outra de ter um caso de agressividade.<\/p>\n\n\n\n<p>A doen\u00e7a costuma mostrar os primeiros sintomas no final da adolesc\u00eancia e come\u00e7o da vida adulta, manifestando-se nos homens a partir dos 18 anos de idade e, nas mulheres, a partir dos 25 anos.&nbsp;<\/p>\n\n\n\n<p>O professor da Unifesp recomendou \u00e0s fam\u00edlias que tenham parentes com esquizofrenia que busquem ajuda e tratamento e sempre estimulem seus familiares a continuar o tratamento e o processo de melhora que, muitas vezes, pode ser longo. \u201cSe a pessoa tem crises, ela vai conseguindo as conquistas passo a passo. Por isso, \u00e9 muito importante a fam\u00edlia para suportar e ajudar essas pessoas a irem adiante\u201d.<\/p>\n\n\n\n<p>A participa\u00e7\u00e3o do paciente em atividades de lazer ou mesmo rotineiras deve ser estimulada, de modo a abandonar os sintomas negativos que o impelem a deixar de fazer as coisas. \u201cQuanto mais a gente estimular ela para tudo, para esporte, lazer, estudo, trabalho, quanto mais ela conseguir fazer, melhor, mais vai ajud\u00e1-la na doen\u00e7a\u201d.<\/p>\n\n\n\n<h2 class=\"wp-block-heading\">Transtornos<\/h2>\n\n\n\n<p>Segundo o coordenador e professor do curso de p\u00f3s-gradua\u00e7\u00e3o em Psiquiatria da Pontif\u00edcia Universidade Cat\u00f3lica do Rio de Janeiro (PUC-RJ), Jorge Jaber, a esquizofrenia acomete dois a cada 100 brasileiros e \u00e9 caracterizada por grande sofrimento em termos comportamentais, com transtorno na capacidade de ter sentimento, nos pensamentos que s\u00e3o persecut\u00f3rios, acompanhados de alucina\u00e7\u00f5es visuais e auditivas, muitas vezes, que evoluem para perda da capacidade intelectual ao longo da vida.<\/p>\n\n\n\n<p>Segundo Jaber, a doen\u00e7a est\u00e1 cada vez mais ligada ao uso de bebidas alco\u00f3licas, e de subst\u00e2ncias il\u00edcitas, como as drogas vendidas irregularmente no pa\u00eds. Da mesma forma que afirmou Cristiano Noto, o psiquiatra da PUC-RJ disse que a esquizofrenia resulta de transmiss\u00e3o gen\u00e9tica, heredit\u00e1ria, e \u00e9 acompanhada pelo surgimento de outras doen\u00e7as, como obesidade, diabetes, problemas cl\u00ednicos gerais. \u201cPorque esses pacientes, em virtude da doen\u00e7a b\u00e1sica, perdem a capacidade de cuidar deles mesmos\u201d.<\/p>\n\n\n\n<p>A not\u00edcia boa, segundo Jaber, \u00e9 que a partir das \u00faltimas d\u00e9cadas do s\u00e9culo passado surgiram medicamentos melhores que podem atingir evolu\u00e7\u00e3o no s\u00e9culo atual de grande efic\u00e1cia na manuten\u00e7\u00e3o da normalidade desses pacientes. \u201cEnt\u00e3o, hoje em dia, \u00e9 poss\u00edvel tratar uma pessoa com esquizofrenia com evolu\u00e7\u00e3o excepcional\u201d. Jaber destacou, por\u00e9m, a necessidade de haver servi\u00e7os de interna\u00e7\u00e3o emergencial para per\u00edodos em que o paciente tenha alguma piora ou crise. \u201cEm duas ou tr\u00eas semanas, pode voltar \u00e0 vida completamente normal, sempre que mantiver o tratamento ambulatorial, em consult\u00f3rio\u201d.<\/p>\n\n\n\n<p class=\"has-background has-very-light-gray-background-color\">Quer saber as not\u00edcias do <strong>Aconteceu no Vale<\/strong> em primeira m\u00e3o? Siga-nos no Facebook <a rel=\"noreferrer noopener\" href=\"http:\/\/facebook.com\/aconteceunovale\" target=\"_blank\">@aconteceunovale<\/a>, Twitter <a rel=\"noreferrer noopener\" href=\"https:\/\/twitter.com\/noticiadosvales\" target=\"_blank\">@noticiadosvales<\/a> e Instagram <a rel=\"noreferrer noopener\" href=\"https:\/\/www.instagram.com\/aconteceunovale\" target=\"_blank\">@aconteceunovale<\/a>.<\/p>\n","protected":false},"excerpt":{"rendered":"<p>Neste domingo (24), se celebra o Dia Mundial da Pessoa com Esquizofrenia, doen\u00e7a multifatorial que acomete cerca de 1% da popula\u00e7\u00e3o brasileira e mundial, o que significa dois milh\u00f5es de pessoas no Brasil e em torno de 80 milh\u00f5es em todo o globo.&nbsp; Segundo o psiquiatra Cristiano Noto, da Escola Paulista de Medicina da Universidade [&hellip;]<\/p>\n","protected":false},"author":1,"featured_media":154707,"comment_status":"open","ping_status":"closed","sticky":false,"template":"","format":"standard","meta":{"amp_status":"","footnotes":""},"categories":[6,40242],"tags":[222240,222237,219122,222236,114617,222239,218364,222238,222235,78002],"class_list":["post-162809","post","type-post","status-publish","format-standard","has-post-thumbnail","hentry","category-br","category-saude-2","tag-cristiano-noto","tag-dia-mundial-da-pessoa-com-esquizofrenia","tag-distanciamento-social","tag-escola-paulista-de-medicina-da-universidade-de-sao-paulo","tag-esquizofrenia","tag-gatilho-para-esquizofrenia","tag-isolamento-social","tag-situacao-de-stress-social-pode-ser-gatilho-para-quem-tem-esquizofrenia","tag-stress-social","tag-unifesp"],"_links":{"self":[{"href":"https:\/\/aconteceunovale.com.br\/portal\/index.php?rest_route=\/wp\/v2\/posts\/162809","targetHints":{"allow":["GET"]}}],"collection":[{"href":"https:\/\/aconteceunovale.com.br\/portal\/index.php?rest_route=\/wp\/v2\/posts"}],"about":[{"href":"https:\/\/aconteceunovale.com.br\/portal\/index.php?rest_route=\/wp\/v2\/types\/post"}],"author":[{"embeddable":true,"href":"https:\/\/aconteceunovale.com.br\/portal\/index.php?rest_route=\/wp\/v2\/users\/1"}],"replies":[{"embeddable":true,"href":"https:\/\/aconteceunovale.com.br\/portal\/index.php?rest_route=%2Fwp%2Fv2%2Fcomments&post=162809"}],"version-history":[{"count":1,"href":"https:\/\/aconteceunovale.com.br\/portal\/index.php?rest_route=\/wp\/v2\/posts\/162809\/revisions"}],"predecessor-version":[{"id":162810,"href":"https:\/\/aconteceunovale.com.br\/portal\/index.php?rest_route=\/wp\/v2\/posts\/162809\/revisions\/162810"}],"wp:featuredmedia":[{"embeddable":true,"href":"https:\/\/aconteceunovale.com.br\/portal\/index.php?rest_route=\/wp\/v2\/media\/154707"}],"wp:attachment":[{"href":"https:\/\/aconteceunovale.com.br\/portal\/index.php?rest_route=%2Fwp%2Fv2%2Fmedia&parent=162809"}],"wp:term":[{"taxonomy":"category","embeddable":true,"href":"https:\/\/aconteceunovale.com.br\/portal\/index.php?rest_route=%2Fwp%2Fv2%2Fcategories&post=162809"},{"taxonomy":"post_tag","embeddable":true,"href":"https:\/\/aconteceunovale.com.br\/portal\/index.php?rest_route=%2Fwp%2Fv2%2Ftags&post=162809"}],"curies":[{"name":"wp","href":"https:\/\/api.w.org\/{rel}","templated":true}]}}