{"id":162798,"date":"2020-05-23T19:36:44","date_gmt":"2020-05-23T22:36:44","guid":{"rendered":"https:\/\/aconteceunovale.com.br\/portal\/?p=162798"},"modified":"2020-05-23T19:39:49","modified_gmt":"2020-05-23T22:39:49","slug":"governador-valadares-confirma-mais-21-casos-de-covid-19-69-pacientes-estao-recuperados","status":"publish","type":"post","link":"https:\/\/aconteceunovale.com.br\/portal\/?p=162798","title":{"rendered":"Governador Valadares confirma mais 21 casos de Covid-19; 69 pacientes est\u00e3o recuperados"},"content":{"rendered":"\n<p>A Prefeitura de Governador Valadares (MG) confirmou vinte e um novos casos de Covid-19. Segundo informa\u00e7\u00f5es do boletim epidemiol\u00f3gico, atualizado na noite deste s\u00e1bado (23\/05\/2020), 135 pessoas j\u00e1 foram infectadas pelo v\u00edrus no munic\u00edpio.<\/p>\n\n\n\n<p>De acordo com a prefeitura, 12 pacientes est\u00e3o internados (sete em leitos de UTI) e 46 em isolamento domiciliar. Dentro das estat\u00edsticas de confirmados, Governador Valadares tem 69 recuperados e oito \u00f3bitos.<\/p>\n\n\n\n<p>Ainda segundo o boletim epidemiol\u00f3gico, 278 pessoas est\u00e3o classificadas como suspeitas de terem contra\u00eddo a doen\u00e7a. Dessas, 265 est\u00e3o em isolamento domiciliar e onze internadas (duas em leitos de UTI). Dois \u00f3bitos s\u00e3o investigados.<\/p>\n\n\n\n<p>At\u00e9 este s\u00e1bado, conforme o boletim n\u00ba 68, 155 casos foram descartados por exames laboratoriais e 1.053 conclu\u00edram o monitoramento por crit\u00e9rio cl\u00ednico.<\/p>\n\n\n\n<p><strong>Confira o boletim de 23\/05\/2020:<\/strong><\/p>\n\n\n\n<figure class=\"wp-block-image size-large\"><img decoding=\"async\" src=\"https:\/\/aconteceu.info\/boletins\/boletim_corona_gv_23maio_1.jpg\" alt=\"\"\/><\/figure>\n\n\n\n<p class=\"has-background has-very-light-gray-background-color\">Quer saber as not\u00edcias do <strong>Aconteceu no Vale<\/strong> em primeira m\u00e3o? Siga-nos no Facebook <a rel=\"noreferrer noopener\" href=\"http:\/\/facebook.com\/aconteceunovale\" target=\"_blank\">@aconteceunovale<\/a>, Twitter <a rel=\"noreferrer noopener\" href=\"https:\/\/twitter.com\/noticiadosvales\" target=\"_blank\">@noticiadosvales<\/a> e Instagram <a rel=\"noreferrer noopener\" href=\"https:\/\/www.instagram.com\/aconteceunovale\" target=\"_blank\">@aconteceunovale<\/a>.<\/p>\n","protected":false},"excerpt":{"rendered":"<p>A Prefeitura de Governador Valadares (MG) confirmou vinte e um novos casos de Covid-19. Segundo informa\u00e7\u00f5es do boletim epidemiol\u00f3gico, atualizado na noite deste s\u00e1bado (23\/05\/2020), 135 pessoas j\u00e1 foram infectadas pelo v\u00edrus no munic\u00edpio. De acordo com a prefeitura, 12 pacientes est\u00e3o internados (sete em leitos de UTI) e 46 em isolamento domiciliar. Dentro das [&hellip;]<\/p>\n","protected":false},"author":1,"featured_media":162799,"comment_status":"open","ping_status":"closed","sticky":false,"template":"","format":"standard","meta":{"amp_status":"","footnotes":""},"categories":[121,40242],"tags":[220829,214884,218094,220825,216498,218304,1018,247,220827,220828,220826,18800,220832,220831,220830,221816,35082,221918,18801],"class_list":["post-162798","post","type-post","status-publish","format-standard","has-post-thumbnail","hentry","category-leste","category-saude-2","tag-casos-de-coronavirus-em-governador-valadares","tag-coronavirus","tag-coronavirus-em-governador-valadares","tag-coronavirus-governador-valadares-tem-21-casos-confirmados-e-4-obitos","tag-covid-19","tag-covid-19-em-governador-valadares","tag-destaque","tag-governador-valadares","tag-governador-valadares-confirma-21-casos-de-covid-19","tag-governador-valadares-coronavirus","tag-governador-valadares-covid-19","tag-gv","tag-isolamento-social-em-governador-valadares","tag-monitoramento-do-isolamento-social-em-valadares","tag-mortes-por-coronavirus-em-governador-valadares","tag-numero-de-infectados-por-coronavirus-em-governador-valadares-sobe-para-76","tag-prefeitura-de-governador-valadares","tag-prefeitura-de-governador-valadares-confirma-mais-8-casos-de-covid-19","tag-valadares"],"_links":{"self":[{"href":"https:\/\/aconteceunovale.com.br\/portal\/index.php?rest_route=\/wp\/v2\/posts\/162798","targetHints":{"allow":["GET"]}}],"collection":[{"href":"https:\/\/aconteceunovale.com.br\/portal\/index.php?rest_route=\/wp\/v2\/posts"}],"about":[{"href":"https:\/\/aconteceunovale.com.br\/portal\/index.php?rest_route=\/wp\/v2\/types\/post"}],"author":[{"embeddable":true,"href":"https:\/\/aconteceunovale.com.br\/portal\/index.php?rest_route=\/wp\/v2\/users\/1"}],"replies":[{"embeddable":true,"href":"https:\/\/aconteceunovale.com.br\/portal\/index.php?rest_route=%2Fwp%2Fv2%2Fcomments&post=162798"}],"version-history":[{"count":1,"href":"https:\/\/aconteceunovale.com.br\/portal\/index.php?rest_route=\/wp\/v2\/posts\/162798\/revisions"}],"predecessor-version":[{"id":162800,"href":"https:\/\/aconteceunovale.com.br\/portal\/index.php?rest_route=\/wp\/v2\/posts\/162798\/revisions\/162800"}],"wp:featuredmedia":[{"embeddable":true,"href":"https:\/\/aconteceunovale.com.br\/portal\/index.php?rest_route=\/wp\/v2\/media\/162799"}],"wp:attachment":[{"href":"https:\/\/aconteceunovale.com.br\/portal\/index.php?rest_route=%2Fwp%2Fv2%2Fmedia&parent=162798"}],"wp:term":[{"taxonomy":"category","embeddable":true,"href":"https:\/\/aconteceunovale.com.br\/portal\/index.php?rest_route=%2Fwp%2Fv2%2Fcategories&post=162798"},{"taxonomy":"post_tag","embeddable":true,"href":"https:\/\/aconteceunovale.com.br\/portal\/index.php?rest_route=%2Fwp%2Fv2%2Ftags&post=162798"}],"curies":[{"name":"wp","href":"https:\/\/api.w.org\/{rel}","templated":true}]}}