{"id":162740,"date":"2020-05-22T17:28:38","date_gmt":"2020-05-22T20:28:38","guid":{"rendered":"https:\/\/aconteceunovale.com.br\/portal\/?p=162740"},"modified":"2020-05-22T17:30:37","modified_gmt":"2020-05-22T20:30:37","slug":"minas-gerais-vai-receber-a-primeira-fabrica-de-celulas-de-bateria-de-litio-enxofre-do-mundo","status":"publish","type":"post","link":"https:\/\/aconteceunovale.com.br\/portal\/?p=162740","title":{"rendered":"Minas Gerais vai receber a primeira f\u00e1brica de c\u00e9lulas de bateria de l\u00edtio-enxofre do mundo"},"content":{"rendered":"\n<p>O\u00a0Governo do Estado, por meio da\u00a0Companhia de Desenvolvimento de Minas Gerais (Codemge), e a empresa brit\u00e2nica Oxis Energy acabam de assinar contrato de loca\u00e7\u00e3o de 15 anos com a Mercedes Benz para instala\u00e7\u00e3o de uma f\u00e1brica no parque industrial da ind\u00fastria de autom\u00f3veis em Juiz de Fora, na Zona da Mata mineira. A Oxis Brasil, nome do empreendimento fruto da parceria, ser\u00e1 a primeira f\u00e1brica de c\u00e9lulas de baterias de l\u00edtio-enxofre do mundo.<\/p>\n\n\n\n<p>Os trabalhos de adequa\u00e7\u00e3o do galp\u00e3o de 20.000 metros quadrados que sediar\u00e1 a f\u00e1brica come\u00e7am de imediato, com investimentos da ordem de US$ 56 milh\u00f5es (cerca de R$ 245 milh\u00f5es). &nbsp;A previs\u00e3o \u00e9 que a opera\u00e7\u00e3o comece em 2023, com uma produ\u00e7\u00e3o inicial de 300 mil c\u00e9lulas de bateria\/ano, podendo chegar a 5 milh\u00f5es\/ano. Inicialmente ser\u00e3o gerados 100 empregos diretos, de alta qualifica\u00e7\u00e3o.<\/p>\n\n\n\n<p>O munic\u00edpio de Juiz de Fora foi escolhido principalmente por sua posi\u00e7\u00e3o geogr\u00e1fica e facilidades log\u00edsticas: a tr\u00eas horas de dist\u00e2ncia das capitais mineira e carioca; acesso \u00e0 linha f\u00e9rrea e ao porto do Rio de Janeiro; proximidade de entreposto que simplifica tr\u00e2mites alfandeg\u00e1rios. O local apresenta outras vantagens: trata-se de regi\u00e3o com boas escolas e universidades, m\u00e3o de obra especializada e ampla rede de servi\u00e7os.<\/p>\n\n\n\n<figure class=\"wp-block-gallery columns-1 is-cropped wp-block-gallery-1 is-layout-flex wp-block-gallery-is-layout-flex\"><ul class=\"blocks-gallery-grid\"><li class=\"blocks-gallery-item\"><figure><img loading=\"lazy\" decoding=\"async\" width=\"646\" height=\"350\" src=\"https:\/\/aconteceunovale.com.br\/portal\/wp-content\/uploads\/2020\/05\/materia_oxis.jpg\" alt=\"\" data-id=\"162741\" data-full-url=\"https:\/\/aconteceunovale.com.br\/portal\/wp-content\/uploads\/2020\/05\/materia_oxis.jpg\" data-link=\"https:\/\/aconteceunovale.com.br\/portal\/?attachment_id=162741\" class=\"wp-image-162741\" srcset=\"https:\/\/aconteceunovale.com.br\/portal\/wp-content\/uploads\/2020\/05\/materia_oxis.jpg 646w, https:\/\/aconteceunovale.com.br\/portal\/wp-content\/uploads\/2020\/05\/materia_oxis-300x163.jpg 300w\" sizes=\"auto, (max-width: 646px) 100vw, 646px\" \/><figcaption class=\"blocks-gallery-item__caption\"><em>Foto: Divulga\u00e7\u00e3o \/ Oxis<\/em><\/figcaption><\/figure><\/li><\/ul><\/figure>\n\n\n\n<p><strong>Alta tecnologia<\/strong><\/p>\n\n\n\n<p>A Codemge tem promovido investimentos diversificados em novos modelos de neg\u00f3cio e segmentos estrat\u00e9gicos, como biotecnologia e ci\u00eancias da vida, manufatura aditiva, nanotecnologia, materiais avan\u00e7ados, aeroespacial, defesa e seguran\u00e7a, internet das coisas, eletroeletr\u00f4nica, telecomunica\u00e7\u00f5es, qu\u00edmica, ci\u00eancia e sistemas de computa\u00e7\u00e3o.<\/p>\n\n\n\n<p>O investimento em Juiz de Fora faz parte das a\u00e7\u00f5es da Codemge para incentivo \u00e0 ind\u00fastria de alta tecnologia no estado. Sobre os benef\u00edcios do empreendimento para o munic\u00edpio e para Minas, o diretor-presidente da companhia, Dante de Matos, destaca \u201ca transfer\u00eancia de tecnologia, a gera\u00e7\u00e3o de novos empregos, al\u00e9m da proje\u00e7\u00e3o do estado no cen\u00e1rio econ\u00f4mico internacional em um segmento de vanguarda\u201d.<\/p>\n\n\n\n<p>J\u00e1 o presidente da Oxis Energy, Huw Hampson-Jones, salienta as oportunidades do mercado de mobilidade el\u00e9trica e sustentabilidade, como na aplica\u00e7\u00e3o das c\u00e9lulas em ve\u00edculos pesados: \u201cNosso objetivo \u00e9 auxiliar o governo brasileiro a eliminar todos os \u00f4nibus movidos a motores de combust\u00e3o interna em um per\u00edodo de 25 anos, o que equivale \u00e0 produ\u00e7\u00e3o de quatro bilh\u00f5es de c\u00e9lulas. O Brasil tem a terceira maior frota de \u00f4nibus do mundo, com 700 mil unidades movidas a combust\u00e3o interna em circula\u00e7\u00e3o\u201d, afirma.<\/p>\n\n\n\n<p><strong>Desempenho e aplica\u00e7\u00f5es<\/strong><\/p>\n\n\n\n<p>As c\u00e9lulas s\u00e3o componentes das baterias, como as utilizadas em ve\u00edculos el\u00e9tricos, um dos primeiros mercados a serem focados pela Oxis Brasil.<\/p>\n\n\n\n<p>Al\u00e9m do segmento de mobilidade, a f\u00e1brica atender\u00e1 ind\u00fastrias de defesa e aeroespacial \u2013 de tripulados e n\u00e3o tripulados -, drones, transporte p\u00fablico, entre v\u00e1rias outras.<\/p>\n\n\n\n<p>Algumas vantagens das baterias de l\u00edtio-enxofre em rela\u00e7\u00e3o \u00e0s baterias de \u00edon l\u00edtio, mais empregadas no mercado atualmente, s\u00e3o observadas nas aplica\u00e7\u00f5es em que o peso \u00e9 um fator cr\u00edtico ou a densidade energ\u00e9tica elevada \u00e9 requisitada. As baterias de l\u00edtio-enxofre s\u00e3o mais leves e ambientalmente amig\u00e1veis, j\u00e1 que n\u00e3o possuem metais pesados em sua formula\u00e7\u00e3o. T\u00eam alto valor agregado, embora sejam econ\u00f4micas, e garantem maior seguran\u00e7a, em compara\u00e7\u00e3o a outras baterias.<\/p>\n\n\n\n<p><strong>Oxis Energy<\/strong><\/p>\n\n\n\n<p>Fundada em 2005, a Oxis est\u00e1 envolvida no design, desenvolvimento e agora segue em dire\u00e7\u00e3o \u00e0 produ\u00e7\u00e3o comercial das c\u00e9lulas de l\u00edtio-enxofre. Com mais de 43 fam\u00edlias de patentes, a empresa j\u00e1 garantiu 198 patentes, com mais outras 92 depositadas.<\/p>\n\n\n\n<p class=\"has-background has-very-light-gray-background-color\">Quer saber as not\u00edcias do <strong>Aconteceu no Vale<\/strong> em primeira m\u00e3o? Siga-nos no Facebook <a rel=\"noreferrer noopener\" href=\"http:\/\/facebook.com\/aconteceunovale\" target=\"_blank\">@aconteceunovale<\/a>, Twitter <a rel=\"noreferrer noopener\" href=\"https:\/\/twitter.com\/noticiadosvales\" target=\"_blank\">@noticiadosvales<\/a> e Instagram <a rel=\"noreferrer noopener\" href=\"https:\/\/www.instagram.com\/aconteceunovale\" target=\"_blank\">@aconteceunovale<\/a>.<\/p>\n","protected":false},"excerpt":{"rendered":"<p>O\u00a0Governo do Estado, por meio da\u00a0Companhia de Desenvolvimento de Minas Gerais (Codemge), e a empresa brit\u00e2nica Oxis Energy acabam de assinar contrato de loca\u00e7\u00e3o de 15 anos com a Mercedes Benz para instala\u00e7\u00e3o de uma f\u00e1brica no parque industrial da ind\u00fastria de autom\u00f3veis em Juiz de Fora, na Zona da Mata mineira. A Oxis Brasil, [&hellip;]<\/p>\n","protected":false},"author":1,"featured_media":162741,"comment_status":"open","ping_status":"closed","sticky":false,"template":"","format":"standard","meta":{"amp_status":"","footnotes":""},"categories":[123,28848],"tags":[222154,222164,222157,203512,217537,222160,222158,222165,206,222159,222155,222163,172972,222162,222166,222156,222161],"class_list":["post-162740","post","type-post","status-publish","format-standard","has-post-thumbnail","hentry","category-gerais","category-mundo","tag-bateria-de-litio-enxofre","tag-celulas-de-bateria-da-oxis-energy","tag-celulas-de-bateria-de-litio-enxofre","tag-codemge","tag-companhia-de-desenvolvimento-de-minas-gerais","tag-fabrica-da-oxis-energy-em-minas-gerais","tag-fabricacao-de-celulas-de-bateria-de-litio-enxofre","tag-huw-hampson-jones","tag-juiz-de-fora","tag-mercedes-benz","tag-minas-gerais-vai-receber-a-primeira-fabrica-de-celulas-de-bateria-de-litio-enxofre-do-mundo","tag-oxis-brasil","tag-oxis-energy","tag-oxis-energy-minas-gerais","tag-presidente-da-oxis-energy","tag-primeira-fabrica-de-celulas-de-baterias-de-litio-enxofre-do-mundo","tag-primeira-fabrica-do-mundo-de-fabricacao-de-celulas-de-bateria-de-litio-enxofre"],"_links":{"self":[{"href":"https:\/\/aconteceunovale.com.br\/portal\/index.php?rest_route=\/wp\/v2\/posts\/162740","targetHints":{"allow":["GET"]}}],"collection":[{"href":"https:\/\/aconteceunovale.com.br\/portal\/index.php?rest_route=\/wp\/v2\/posts"}],"about":[{"href":"https:\/\/aconteceunovale.com.br\/portal\/index.php?rest_route=\/wp\/v2\/types\/post"}],"author":[{"embeddable":true,"href":"https:\/\/aconteceunovale.com.br\/portal\/index.php?rest_route=\/wp\/v2\/users\/1"}],"replies":[{"embeddable":true,"href":"https:\/\/aconteceunovale.com.br\/portal\/index.php?rest_route=%2Fwp%2Fv2%2Fcomments&post=162740"}],"version-history":[{"count":1,"href":"https:\/\/aconteceunovale.com.br\/portal\/index.php?rest_route=\/wp\/v2\/posts\/162740\/revisions"}],"predecessor-version":[{"id":162742,"href":"https:\/\/aconteceunovale.com.br\/portal\/index.php?rest_route=\/wp\/v2\/posts\/162740\/revisions\/162742"}],"wp:featuredmedia":[{"embeddable":true,"href":"https:\/\/aconteceunovale.com.br\/portal\/index.php?rest_route=\/wp\/v2\/media\/162741"}],"wp:attachment":[{"href":"https:\/\/aconteceunovale.com.br\/portal\/index.php?rest_route=%2Fwp%2Fv2%2Fmedia&parent=162740"}],"wp:term":[{"taxonomy":"category","embeddable":true,"href":"https:\/\/aconteceunovale.com.br\/portal\/index.php?rest_route=%2Fwp%2Fv2%2Fcategories&post=162740"},{"taxonomy":"post_tag","embeddable":true,"href":"https:\/\/aconteceunovale.com.br\/portal\/index.php?rest_route=%2Fwp%2Fv2%2Ftags&post=162740"}],"curies":[{"name":"wp","href":"https:\/\/api.w.org\/{rel}","templated":true}]}}