{"id":162737,"date":"2020-05-22T12:29:44","date_gmt":"2020-05-22T15:29:44","guid":{"rendered":"https:\/\/aconteceunovale.com.br\/portal\/?p=162737"},"modified":"2020-05-22T12:31:37","modified_gmt":"2020-05-22T15:31:37","slug":"recuperados-da-covid-19-em-minas-gerais-relatam-experiencia","status":"publish","type":"post","link":"https:\/\/aconteceunovale.com.br\/portal\/?p=162737","title":{"rendered":"Recuperados da Covid-19 em Minas Gerais relatam experi\u00eancia"},"content":{"rendered":"\n<p>Minas Gerais registra 5.995\u00a0casos confirmados de covid-19, at\u00e9 esta sexta-feira (22\/5\/2020), <a rel=\"noreferrer noopener\" href=\"https:\/\/aconteceunovale.com.br\/portal\/?p=162735\" target=\"_blank\">segundo boletim da\u00a0Secretaria Estadual de Sa\u00fade de Minas Gerais (SES-MG)<\/a>. Felizmente\u00a0h\u00e1, tamb\u00e9m, milhares de pacientes j\u00e1 recuperados da doen\u00e7a.<\/p>\n\n\n\n<p>Sem d\u00favida, h\u00e1 in\u00fameros desafios para a assist\u00eancia de Sa\u00fade e toda a sociedade em lidar com um novo v\u00edrus, cuja doen\u00e7a pode evoluir de forma grave.&nbsp;<\/p>\n\n\n\n<p>A diretora assistencial da Fhemig, Lucin\u00e9ia Maria de Queiroz Carvalhais, afirma que as unidades hospitalares da funda\u00e7\u00e3o est\u00e3o completamente alinhadas \u00e0s necessidades do SUS no estado. Especialmente neste momento de pandemia, com o Plano de Capacidade Plena Hospitalar, que norteia as a\u00e7\u00f5es assistenciais e prop\u00f5e o acionamento das unidades de acordo com o avan\u00e7o da covid-19 em Minas.<\/p>\n\n\n\n<p>\u201cN\u00f3s temos hospitais de pot\u00eancia macrorregional, que possuem a miss\u00e3o, a responsabilidade e a voca\u00e7\u00e3o de serem responsivos \u00e0s demandas do SUS e \u00e0s necessidades que ultrapassam a dos munic\u00edpios onde estamos instalados. E estamos conseguindo, nas regi\u00f5es das nossas \u00e1reas de abrang\u00eancia, cumprir nosso papel com rapidez, qualidade e velocidade\u201d, detalha Lucin\u00e9ia.<\/p>\n\n\n\n<p>Muitos casos t\u00eam tido bons desfechos. A seguir, pacientes que receberam tratamento em unidades da Fhemig e se recuperaram da covid-19 relatam a experi\u00eancia de\u00a0vencer a\u00a0doen\u00e7a.\u00a0<\/p>\n\n\n\n<figure class=\"wp-block-gallery columns-1 is-cropped wp-block-gallery-1 is-layout-flex wp-block-gallery-is-layout-flex\"><ul class=\"blocks-gallery-grid\"><li class=\"blocks-gallery-item\"><figure><img loading=\"lazy\" decoding=\"async\" width=\"650\" height=\"390\" src=\"https:\/\/aconteceunovale.com.br\/portal\/wp-content\/uploads\/2020\/05\/pacientes_covid.jpg\" alt=\"\" data-id=\"162738\" data-full-url=\"https:\/\/aconteceunovale.com.br\/portal\/wp-content\/uploads\/2020\/05\/pacientes_covid.jpg\" data-link=\"https:\/\/aconteceunovale.com.br\/portal\/?attachment_id=162738\" class=\"wp-image-162738\" srcset=\"https:\/\/aconteceunovale.com.br\/portal\/wp-content\/uploads\/2020\/05\/pacientes_covid.jpg 650w, https:\/\/aconteceunovale.com.br\/portal\/wp-content\/uploads\/2020\/05\/pacientes_covid-300x180.jpg 300w\" sizes=\"auto, (max-width: 650px) 100vw, 650px\" \/><figcaption class=\"blocks-gallery-item__caption\"><em>Foto: Divulga\u00e7\u00e3o \/ Fhemig<\/em><\/figcaption><\/figure><\/li><\/ul><\/figure>\n\n\n\n<p><strong>Sintomas leves<\/strong><\/p>\n\n\n\n<p>Com queixas de cansa\u00e7o e dor de cabe\u00e7a, a enfermeira aposentada Maria da Concei\u00e7\u00e3o Apolin\u00e1rio, de 60 anos, foi admitida, no in\u00edcio de abril, no Hospital J\u00falia Kubitschek (HJK), em Belo Horizonte. A suspeita era dengue, ap\u00f3s um exame de sangue apontar baixa de plaquetas. Depois de dois dias, foi submetida ao teste para covid-19 e o resultado deu positivo. \u201cFoi um susto. N\u00e3o imagino como possa ter me contaminado. Estava saindo o m\u00ednimo poss\u00edvel de casa, tendo contato apenas com familiares\u201d, relata.&nbsp;A aposentada foi transferida para o Hospital Eduardo de Menezes (HEM), refer\u00eancia estadual no tratamento da covid-19.<\/p>\n\n\n\n<p>A unidade, que recebeu o primeiro caso suspeito em 21 de janeiro, desde ent\u00e3o vem se preparando para o enfrentamento \u00e0 pandemia.&nbsp;At\u00e9 o dia 20\/5,&nbsp;o HEM j\u00e1 havia atendido 516 pacientes com suspeita da doen\u00e7a, dos quais 211 j\u00e1 tiveram alta e 103 receberam tratamento ambulatorial. Entre os 42 casos confirmados at\u00e9 essa data, 23 deles j\u00e1 est\u00e3o recuperados da doen\u00e7a.<\/p>\n\n\n\n<p>Apesar de ser portadora de bronquite cr\u00f4nica, Maria da Concei\u00e7\u00e3o teve uma boa evolu\u00e7\u00e3o do quadro. \u201cN\u00e3o tive febre e n\u00e3o precisei de suporte respirat\u00f3rio. Ap\u00f3s dez dias de interna\u00e7\u00e3o, recebi alta. Tive muita sorte\u201d, diz. \u201cEu, provavelmente, contra\u00ed o v\u00edrus de algu\u00e9m assintom\u00e1tico. Por isso \u00e9 t\u00e3o importante que, quem puder, fique em casa e evite transmitir ou se contaminar\u201d, completa.<\/p>\n\n\n\n<p><strong>Primeiro caso no HRAD<\/strong><\/p>\n\n\n\n<p>Em Patos de Minas, no Alto Parana\u00edba, o caminhoneiro Edvar Luiz Ferreira, de 53 anos, enfrentou uma verdadeira batalha pela vida durante os 19 dias de interna\u00e7\u00e3o no Hospital Regional Ant\u00f4nio Dias (HRAD).<\/p>\n\n\n\n<p>No in\u00edcio de abril, ao retornar de uma viagem \u00e0 Bel\u00e9m (Par\u00e1), apresentou o in\u00edcio de um quadro gripal. Alguns dias depois, veio a febre e a tosse. Procurou a UPA uma semana depois do in\u00edcio dos sintomas, quando os exames j\u00e1 apontavam uma pneumonia grau 2. \u201cEle entrou para a consulta e n\u00e3o o vi mais\u201d, conta a filha, Fernanda de Melo Ferreira.<\/p>\n\n\n\n<p>No dia seguinte, o caminhoneiro precisou ser entubado e foi transferido para o HRAD. Edvar foi o primeiro paciente com covid-19 recebido pela unidade. At\u00e9 o dia 15\/5, o hospital recebeu 20 casos suspeitos e cinco confirmados (quatro foram curados e um est\u00e1 em tratamento).<\/p>\n\n\n\n<p>Edvar passou duas semanas respirando por aparelhos e enfrentou momentos delicados. \u201cNo segundo dia de interna\u00e7\u00e3o, os m\u00e9dicos chegaram a falar que o estado dele era muito grave e pediram que eu rezasse muito\u201d, conta Fernanda. Ela afirma que a assist\u00eancia dada ao pai e \u00e0 fam\u00edlia foram essenciais para enfrentar a situa\u00e7\u00e3o.<br><br>\u201cO atendimento do HRAD foi muito bom. Tanto o m\u00e9dico quanto o psic\u00f3logo me ligavam todos os dias para dar not\u00edcias. Meu pai acordou do coma no dia 27 de abril, um dia antes do anivers\u00e1rio dele. Um enfermeiro se disp\u00f4s a receber, no pr\u00f3prio celular, um v\u00eddeo da nossa fam\u00edlia, que foi mostrado ao meu pai. Esse acolhimento e carinho foram muito importantes para a recupera\u00e7\u00e3o dele. A sa\u00fade p\u00fablica est\u00e1 de parab\u00e9ns\u201d, enfatiza. O caminhoneiro recebeu alta no dia 5\/5&nbsp;e se recupera em casa.<\/p>\n\n\n\n<p><strong>Assist\u00eancia qualificada e humanizada<\/strong><\/p>\n\n\n\n<p>Juiz de Fora, na Zona da Mata, \u00e9 o segundo munic\u00edpio mineiro com mais registros de covid-19, atr\u00e1s apenas da capital. O Hospital Regional Jo\u00e3o Penido (HRJP) \u00e9 refer\u00eancia para o tratamento da doen\u00e7a na regi\u00e3o e, at\u00e9 o dia 20\/5, j\u00e1 havia atendido 158 pacientes \u2013 entre suspeitos e confirmados.<\/p>\n\n\n\n<p>A aposentada T\u00e2nia Maria Dias Mendes, 64 anos, foi um desses casos. Ela come\u00e7ou a apresentar sintomas da covid-19 alguns dias ap\u00f3s retornar de viagem ao Amap\u00e1, em meados de mar\u00e7o. Foi transferida para o HRJP no dia 30, j\u00e1 em estado grave, com quadro de sepse. Enfrentou 39 dias de interna\u00e7\u00e3o, sendo 28 dias no CTI. Recebeu alta no dia 6\/5.<\/p>\n\n\n\n<p>De acordo com o estudante Daniel Augusto Mendes Moura &#8211; filho de T\u00e2nia &#8211; hoje ela est\u00e1 voltando a andar e, aos poucos, recupera sua autonomia. Ele se mostra grato aos cuidados da equipe do hospital dedicados \u00e0 m\u00e3e. \u201cO atendimento no HRJP foi muito bom, s\u00f3 tenho elogios: enfermagem, m\u00e9dicos, fisioterapeutas, fonoaudi\u00f3logos, pessoal da limpeza e da cozinha. Fomos muito bem atendidos por todos\u201d, conta.<\/p>\n\n\n\n<p>Quem tamb\u00e9m tece elogios \u00e0 equipe do Jo\u00e3o Penido \u00e9 a atendente Blandina da Silva. A m\u00e3e dela, B\u00e1rbara Jocilene Ferreira, de 63 anos, ficou internada 35 dias no hospital, sendo 15 na UTI. O quadro era bastante preocupante, pois apresentava comorbidades como diabetes, hipertens\u00e3o e doen\u00e7a cardiovascular. Durante a interna\u00e7\u00e3o, B\u00e1rbara chegou a apresentar insufici\u00eancia renal e precisou fazer algumas sess\u00f5es de hemodi\u00e1lise.<\/p>\n\n\n\n<p>\u201cFoi muito dif\u00edcil n\u00e3o poder acompanhar de perto a interna\u00e7\u00e3o da minha m\u00e3e e depender de not\u00edcias por telefone da equipe m\u00e9dica. Mas foram todos muito profissionais e atenciosos, sempre repassando todas as informa\u00e7\u00f5es sobre o estado de sa\u00fade dela, sem deixar qualquer d\u00favida. Sent\u00edamos que, realmente, estavam l\u00e1 por n\u00f3s\u201d, relata Blandina.<\/p>\n\n\n\n<p>B\u00e1rbara recebeu alta no dia 6\/5\u00a0e ainda se recupera em casa. Sobre a experi\u00eancia vivida com a doen\u00e7a da m\u00e3e, Blandina refor\u00e7a que \u00e9 importante manter a tranquilidade, na medida do poss\u00edvel. \u201cA situa\u00e7\u00e3o \u00e9 complicada. Busquei confiar em Deus e nos profissionais de sa\u00fade para n\u00e3o me desesperar. Nunca tinha me visto numa situa\u00e7\u00e3o como essa. A gente pensa que realmente vai perder a pessoa. T\u00ea-la aqui conosco, curada, \u00e9 uma felicidade muito grande\u201d.<\/p>\n\n\n\n<p class=\"has-background has-very-light-gray-background-color\">Quer saber as not\u00edcias do <strong>Aconteceu no Vale<\/strong> em primeira m\u00e3o? Siga-nos no Facebook <a rel=\"noreferrer noopener\" href=\"http:\/\/facebook.com\/aconteceunovale\" target=\"_blank\">@aconteceunovale<\/a>, Twitter <a rel=\"noreferrer noopener\" href=\"https:\/\/twitter.com\/noticiadosvales\" target=\"_blank\">@noticiadosvales<\/a> e Instagram <a rel=\"noreferrer noopener\" href=\"https:\/\/www.instagram.com\/aconteceunovale\" target=\"_blank\">@aconteceunovale<\/a>.<\/p>\n","protected":false},"excerpt":{"rendered":"<p>Minas Gerais registra 5.995\u00a0casos confirmados de covid-19, at\u00e9 esta sexta-feira (22\/5\/2020), segundo boletim da\u00a0Secretaria Estadual de Sa\u00fade de Minas Gerais (SES-MG). Felizmente\u00a0h\u00e1, tamb\u00e9m, milhares de pacientes j\u00e1 recuperados da doen\u00e7a. Sem d\u00favida, h\u00e1 in\u00fameros desafios para a assist\u00eancia de Sa\u00fade e toda a sociedade em lidar com um novo v\u00edrus, cuja doen\u00e7a pode evoluir de [&hellip;]<\/p>\n","protected":false},"author":1,"featured_media":162738,"comment_status":"open","ping_status":"closed","sticky":false,"template":"","format":"standard","meta":{"amp_status":"","footnotes":""},"categories":[123,40242],"tags":[194,217799,219851,219853,214884,216498,221718,222153,1018,222147,222151,33185,206,222148,222150,219855,215653,221717,219854,219852,217692,214,222149,221719,220285,220287,220286,222152],"class_list":["post-162737","post","type-post","status-publish","format-standard","has-post-thumbnail","hentry","category-gerais","category-saude-2","tag-belo-horizonte","tag-casos-de-coronavirus-em-minas-gerais","tag-casos-de-covid-19-em-minas-gerais","tag-cidades-com-casos-de-coronavirus-em-minas-gerais","tag-coronavirus","tag-covid-19","tag-curados-do-coronavirus-em-minas-gerais","tag-daniel-augusto-mendes-moura","tag-destaque","tag-edvar-luiz-ferreira","tag-fernanda-de-melo-ferreira","tag-fhemig","tag-juiz-de-fora","tag-lucineia-maria-de-queiroz-carvalhais","tag-maria-da-conceicao-apolinario","tag-mortes-por-coronavirus-em-minas-gerais","tag-novo-coronavirus","tag-numero-de-curados-do-coronavirus-em-minas-gerais","tag-numeros-do-coronavirus-em-minas-gerais","tag-obitos-por-coronavirus-em-minas-gerias","tag-pandemia-de-coronavirus","tag-patos-de-minas","tag-recuperados-da-covid-19-em-minas-gerais-relatam-experiencia","tag-recuperados-do-coronavirus-em-minas-gerais","tag-secretaria-de-saude-atualiza-numeros-do-coronavirus-em-minas-gerais","tag-secretaria-de-saude-de-minas-gerais-atualiza-numeros-do-coronavirus","tag-ses-mg-atualiza-numeros-do-coronavirus","tag-tania-maria-dias-mendes"],"_links":{"self":[{"href":"https:\/\/aconteceunovale.com.br\/portal\/index.php?rest_route=\/wp\/v2\/posts\/162737","targetHints":{"allow":["GET"]}}],"collection":[{"href":"https:\/\/aconteceunovale.com.br\/portal\/index.php?rest_route=\/wp\/v2\/posts"}],"about":[{"href":"https:\/\/aconteceunovale.com.br\/portal\/index.php?rest_route=\/wp\/v2\/types\/post"}],"author":[{"embeddable":true,"href":"https:\/\/aconteceunovale.com.br\/portal\/index.php?rest_route=\/wp\/v2\/users\/1"}],"replies":[{"embeddable":true,"href":"https:\/\/aconteceunovale.com.br\/portal\/index.php?rest_route=%2Fwp%2Fv2%2Fcomments&post=162737"}],"version-history":[{"count":1,"href":"https:\/\/aconteceunovale.com.br\/portal\/index.php?rest_route=\/wp\/v2\/posts\/162737\/revisions"}],"predecessor-version":[{"id":162739,"href":"https:\/\/aconteceunovale.com.br\/portal\/index.php?rest_route=\/wp\/v2\/posts\/162737\/revisions\/162739"}],"wp:featuredmedia":[{"embeddable":true,"href":"https:\/\/aconteceunovale.com.br\/portal\/index.php?rest_route=\/wp\/v2\/media\/162738"}],"wp:attachment":[{"href":"https:\/\/aconteceunovale.com.br\/portal\/index.php?rest_route=%2Fwp%2Fv2%2Fmedia&parent=162737"}],"wp:term":[{"taxonomy":"category","embeddable":true,"href":"https:\/\/aconteceunovale.com.br\/portal\/index.php?rest_route=%2Fwp%2Fv2%2Fcategories&post=162737"},{"taxonomy":"post_tag","embeddable":true,"href":"https:\/\/aconteceunovale.com.br\/portal\/index.php?rest_route=%2Fwp%2Fv2%2Ftags&post=162737"}],"curies":[{"name":"wp","href":"https:\/\/api.w.org\/{rel}","templated":true}]}}