{"id":162725,"date":"2020-05-21T20:47:37","date_gmt":"2020-05-21T23:47:37","guid":{"rendered":"https:\/\/aconteceunovale.com.br\/portal\/?p=162725"},"modified":"2020-05-21T20:50:29","modified_gmt":"2020-05-21T23:50:29","slug":"grupo-de-agronegocio-anuncia-investimento-superior-a-r-12-bilhao-no-norte-de-minas","status":"publish","type":"post","link":"https:\/\/aconteceunovale.com.br\/portal\/?p=162725","title":{"rendered":"Grupo de agroneg\u00f3cio anuncia investimento superior a R$ 1,2 bilh\u00e3o no Norte de Minas"},"content":{"rendered":"\n<p>A\u00a0Ag\u00eancia de Promo\u00e7\u00e3o de Investimento e Com\u00e9rcio Exterior de Minas Gerais (Indi)\u00a0acaba de assinar um protocolo de inten\u00e7\u00f5es com o grupo empresarial Fortaleza de Santa Teresinha Agricultura e Pecu\u00e1ria. A empresa anunciou que vai aplicar aproximadamente R$1,225 bilh\u00e3o para expandir produ\u00e7\u00e3o de bovinos nobres, ovinos e piscicultura nos munic\u00edpios de S\u00e3o Jo\u00e3o da Ponte e Jequita\u00ed, no Norte de Minas.<\/p>\n\n\n\n<p>O investimento fortalece um dos maiores projetos de produ\u00e7\u00e3o de prote\u00edna animal do pa\u00eds, que est\u00e1 implantado em Minas Gerais desde a d\u00e9cada de 1970. Do montante, quase R$ 200 milh\u00f5es ser\u00e3o destinados \u00e0 Fazenda Fortaleza de Santa Teresinha, instalada na cidade de Jequita\u00ed. A expectativa \u00e9 que o projeto de expans\u00e3o seja conclu\u00eddo em 2022 e que o investimento gere 130 empregos permanentes diretos.<\/p>\n\n\n\n<p>A empresa, que se destaca pela tecnologia empregada, adquiriu e produziu, nos \u00faltimos cinco anos, cerca de 70 mil cabe\u00e7as de gado Nelore, Angus e F1. Al\u00e9m dos animais, a fazenda conta com \u00e1reas de cultivo e f\u00e1brica para a produ\u00e7\u00e3o de alimento animal, \u00e1reas de confinamento e laborat\u00f3rio.<\/p>\n\n\n\n<p>O restante do investimento ser\u00e1 aplicado em duas fazendas na cidade de S\u00e3o Jo\u00e3o da Ponte. O primeiro projeto, destinado \u00e0 Fazenda Santa Monica, receber\u00e1 cerca de R$ 880 milh\u00f5es, e a Fazenda Santa Teresinha ter\u00e1 investimento de pouco mais de R$ 150 milh\u00f5es. Cada uma prospecta a gera\u00e7\u00e3o, respectivamente, de 960 e 530 empregos permanentes diretos. Ambas t\u00eam planos para conclu\u00edrem seus projetos em 2022.<\/p>\n\n\n\n<p>A Fazenda Santa M\u00f4nica \u00e9 reconhecida pela certifica\u00e7\u00e3o no Programa de Sustentabilidade Angus, da Associa\u00e7\u00e3o Brasileira de Angus, e a Fazenda Santa Teresinha possui infraestrutura voltada para a cria\u00e7\u00e3o de ovinos, piscicultura em tanques escavados, atividades industriais voltadas \u00e0 prepara\u00e7\u00e3o da carne de ovinos e peixes para comercializa\u00e7\u00e3o.<\/p>\n\n\n\n<figure class=\"wp-block-gallery columns-1 is-cropped wp-block-gallery-1 is-layout-flex wp-block-gallery-is-layout-flex\"><ul class=\"blocks-gallery-grid\"><li class=\"blocks-gallery-item\"><figure><img loading=\"lazy\" decoding=\"async\" width=\"678\" height=\"439\" src=\"https:\/\/aconteceunovale.com.br\/portal\/wp-content\/uploads\/2020\/05\/grupo_arg_nm.jpg\" alt=\"\" data-id=\"162726\" class=\"wp-image-162726\" srcset=\"https:\/\/aconteceunovale.com.br\/portal\/wp-content\/uploads\/2020\/05\/grupo_arg_nm.jpg 678w, https:\/\/aconteceunovale.com.br\/portal\/wp-content\/uploads\/2020\/05\/grupo_arg_nm-300x194.jpg 300w, https:\/\/aconteceunovale.com.br\/portal\/wp-content\/uploads\/2020\/05\/grupo_arg_nm-649x420.jpg 649w\" sizes=\"auto, (max-width: 678px) 100vw, 678px\" \/><figcaption class=\"blocks-gallery-item__caption\"><em>Foto: Divulga\u00e7\u00e3o \/ Grupo ARG<\/em><\/figcaption><\/figure><\/li><li class=\"blocks-gallery-item\"><figure><img loading=\"lazy\" decoding=\"async\" width=\"661\" height=\"450\" src=\"https:\/\/aconteceunovale.com.br\/portal\/wp-content\/uploads\/2020\/05\/grupo_arg_nm2.jpg\" alt=\"\" data-id=\"162727\" data-full-url=\"https:\/\/aconteceunovale.com.br\/portal\/wp-content\/uploads\/2020\/05\/grupo_arg_nm2.jpg\" data-link=\"https:\/\/aconteceunovale.com.br\/portal\/?attachment_id=162727\" class=\"wp-image-162727\" srcset=\"https:\/\/aconteceunovale.com.br\/portal\/wp-content\/uploads\/2020\/05\/grupo_arg_nm2.jpg 661w, https:\/\/aconteceunovale.com.br\/portal\/wp-content\/uploads\/2020\/05\/grupo_arg_nm2-300x204.jpg 300w, https:\/\/aconteceunovale.com.br\/portal\/wp-content\/uploads\/2020\/05\/grupo_arg_nm2-617x420.jpg 617w\" sizes=\"auto, (max-width: 661px) 100vw, 661px\" \/><figcaption class=\"blocks-gallery-item__caption\"><em>Foto: Divulga\u00e7\u00e3o \/ Grupo ARG<\/em><\/figcaption><\/figure><\/li><\/ul><\/figure>\n\n\n\n<p class=\"has-background has-very-light-gray-background-color\">Quer saber as not\u00edcias do <strong>Aconteceu no Vale<\/strong> em primeira m\u00e3o? Siga-nos no Facebook <a rel=\"noreferrer noopener\" href=\"http:\/\/facebook.com\/aconteceunovale\" target=\"_blank\">@aconteceunovale<\/a>, Twitter <a rel=\"noreferrer noopener\" href=\"https:\/\/twitter.com\/noticiadosvales\" target=\"_blank\">@noticiadosvales<\/a> e Instagram <a rel=\"noreferrer noopener\" href=\"https:\/\/www.instagram.com\/aconteceunovale\" target=\"_blank\">@aconteceunovale<\/a>.<\/p>\n","protected":false},"excerpt":{"rendered":"<p>A\u00a0Ag\u00eancia de Promo\u00e7\u00e3o de Investimento e Com\u00e9rcio Exterior de Minas Gerais (Indi)\u00a0acaba de assinar um protocolo de inten\u00e7\u00f5es com o grupo empresarial Fortaleza de Santa Teresinha Agricultura e Pecu\u00e1ria. A empresa anunciou que vai aplicar aproximadamente R$1,225 bilh\u00e3o para expandir produ\u00e7\u00e3o de bovinos nobres, ovinos e piscicultura nos munic\u00edpios de S\u00e3o Jo\u00e3o da Ponte e [&hellip;]<\/p>\n","protected":false},"author":1,"featured_media":162727,"comment_status":"open","ping_status":"closed","sticky":false,"template":"","format":"standard","meta":{"amp_status":"","footnotes":""},"categories":[1236],"tags":[220425,222133,1018,222132,222129,222124,222126,222135,222122,222127,222128,222130,222134,222125,222123,3724,222131,2448],"class_list":["post-162725","post","type-post","status-publish","format-standard","has-post-thumbnail","hentry","category-norte_de_minas","tag-agencia-de-promocao-de-investimento-e-comercio-exterior-de-minas-gerais","tag-associacao-brasileira-de-angus","tag-destaque","tag-fazenda-santa-monica","tag-fazenda-santa-teresinha","tag-fortaleza-de-santa-teresinha","tag-fortaleza-de-santa-teresinha-agricultura-e-pecuaria","tag-grupo-arg","tag-grupo-arg-investe-no-norte-de-minas","tag-grupo-de-agronegocio-anuncia-investimento-superior-a-r-1-2-bilhao-no-norte-de-minas","tag-indi-minas-gerais","tag-investimento-criacao-de-gado-no-norte-de-minas","tag-investimento-do-grupo-arg-no-norte-de-minas","tag-investimento-em-jequitai","tag-investimento-em-sao-joao-da-ponte","tag-jequitai","tag-programa-de-sustentabilidade-angus","tag-sao-joao-da-ponte"],"_links":{"self":[{"href":"https:\/\/aconteceunovale.com.br\/portal\/index.php?rest_route=\/wp\/v2\/posts\/162725","targetHints":{"allow":["GET"]}}],"collection":[{"href":"https:\/\/aconteceunovale.com.br\/portal\/index.php?rest_route=\/wp\/v2\/posts"}],"about":[{"href":"https:\/\/aconteceunovale.com.br\/portal\/index.php?rest_route=\/wp\/v2\/types\/post"}],"author":[{"embeddable":true,"href":"https:\/\/aconteceunovale.com.br\/portal\/index.php?rest_route=\/wp\/v2\/users\/1"}],"replies":[{"embeddable":true,"href":"https:\/\/aconteceunovale.com.br\/portal\/index.php?rest_route=%2Fwp%2Fv2%2Fcomments&post=162725"}],"version-history":[{"count":1,"href":"https:\/\/aconteceunovale.com.br\/portal\/index.php?rest_route=\/wp\/v2\/posts\/162725\/revisions"}],"predecessor-version":[{"id":162728,"href":"https:\/\/aconteceunovale.com.br\/portal\/index.php?rest_route=\/wp\/v2\/posts\/162725\/revisions\/162728"}],"wp:featuredmedia":[{"embeddable":true,"href":"https:\/\/aconteceunovale.com.br\/portal\/index.php?rest_route=\/wp\/v2\/media\/162727"}],"wp:attachment":[{"href":"https:\/\/aconteceunovale.com.br\/portal\/index.php?rest_route=%2Fwp%2Fv2%2Fmedia&parent=162725"}],"wp:term":[{"taxonomy":"category","embeddable":true,"href":"https:\/\/aconteceunovale.com.br\/portal\/index.php?rest_route=%2Fwp%2Fv2%2Fcategories&post=162725"},{"taxonomy":"post_tag","embeddable":true,"href":"https:\/\/aconteceunovale.com.br\/portal\/index.php?rest_route=%2Fwp%2Fv2%2Ftags&post=162725"}],"curies":[{"name":"wp","href":"https:\/\/api.w.org\/{rel}","templated":true}]}}